{"id":85439,"date":"2023-05-18T18:26:23","date_gmt":"2023-05-18T21:26:23","guid":{"rendered":"https:\/\/www.centraldenoticias.com.ar\/?p=85439"},"modified":"2023-05-18T19:58:10","modified_gmt":"2023-05-18T22:58:10","slug":"hallan-herramientas-y-bicicletas-en-un-allanamiento-buscan-a-los-propietarios","status":"publish","type":"post","link":"https:\/\/cdnoticias.com\/index.php\/2023\/05\/18\/hallan-herramientas-y-bicicletas-en-un-allanamiento-buscan-a-los-propietarios\/","title":{"rendered":"Hallan herramientas y bicicletas en un allanamiento: buscan a los propietarios"},"content":{"rendered":"<p>Personal de la Sub DDI Olavarr\u00eda difundi\u00f3 las im\u00e1genes de los art\u00edculos. Las actuaciones se enmarcan en una investigaci\u00f3n que lleva adelante la UFI N\u00ba 10.<\/p>\n<p><!--more--><\/p>\n<hr \/>\n<p><strong>Hallaron herramientas y bicicletas en un allanamiento,<\/strong> y ahora los efectivos policiales<strong> buscan a los propietarios<\/strong> a fin de acreditar los robos y devolver los art\u00edculos a sus leg\u00edtimos propietarios.<\/p>\n<p>&nbsp;<\/p>\n<p><strong>Personal de la SUB DDI Olavarr\u00eda difundi\u00f3 el resultado de un procedimiento<\/strong> que se llev\u00f3 adelante el martes con intervenci\u00f3n de la Ayudant\u00eda de Autores Ignorados a cargo de la dra Mirta Deroni de la UFI N\u00ba 10. Se investiga un robo.<\/p>\n<p>&nbsp;<\/p>\n<p>Se destac\u00f3 el <strong>hallazgo de \u201cgran cantidad de herramientas\u201d<\/strong>, adem\u00e1s del inicio de actuaciones por infracci\u00f3n al art\u00edculo 189 bis del C\u00f3digo Penal con intervenci\u00f3n de la UFI 7 a cargo del fiscal Christian Url\u00e9zaga.<\/p>\n<p>&nbsp;<\/p>\n<p><img data-recalc-dims=\"1\" loading=\"lazy\" decoding=\"async\" class=\"size-full wp-image-85440 aligncenter\" src=\"https:\/\/i0.wp.com\/cdnoticias.com\/wp-content\/uploads\/2023\/05\/DDI-allanamientos-bicicletas.jpg?resize=800%2C795&#038;ssl=1\" alt=\"\" width=\"800\" height=\"795\" srcset=\"https:\/\/i0.wp.com\/cdnoticias.com\/wp-content\/uploads\/2023\/05\/DDI-allanamientos-bicicletas.jpg?w=1000&amp;ssl=1 1000w, https:\/\/i0.wp.com\/cdnoticias.com\/wp-content\/uploads\/2023\/05\/DDI-allanamientos-bicicletas.jpg?resize=300%2C298&amp;ssl=1 300w, https:\/\/i0.wp.com\/cdnoticias.com\/wp-content\/uploads\/2023\/05\/DDI-allanamientos-bicicletas.jpg?resize=150%2C150&amp;ssl=1 150w, https:\/\/i0.wp.com\/cdnoticias.com\/wp-content\/uploads\/2023\/05\/DDI-allanamientos-bicicletas.jpg?resize=768%2C763&amp;ssl=1 768w\" sizes=\"auto, (max-width: 800px) 100vw, 800px\" \/><\/p>\n<p>&nbsp;<\/p>\n<p>En ese contexto, <strong>se difundieron las im\u00e1genes de las tres bicicletas halladas<\/strong> a fin de que las v\u00edctimas de il\u00edcitos puedan reconocerlas.<\/p>\n<p>&nbsp;<\/p>\n<blockquote><p>Los interesados deben presentarse en la sede de la DDI, Rivadavia al 1300, este viernes de 10 a 15; el lunes de 12 a 17; o el mi\u00e9rcoles de 10 a 17.<\/p><\/blockquote>\n<p>&nbsp;<\/p>\n<blockquote class=\"wp-embedded-content\" data-secret=\"ZEi66fLW7C\"><p><a href=\"https:\/\/cdnoticias.com\/index.php\/2023\/05\/15\/un-allanamiento-por-violencia-de-genero-derivo-en-el-hallazgo-de-numerosos-articulos-robados\/\">Un allanamiento por violencia de g\u00e9nero deriv\u00f3 en el hallazgo de numerosos art\u00edculos robados<\/a><\/p><\/blockquote>\n<p><iframe loading=\"lazy\" class=\"wp-embedded-content\" sandbox=\"allow-scripts\" security=\"restricted\" style=\"position: absolute; clip: rect(1px, 1px, 1px, 1px);\" title=\"&#8220;Un allanamiento por violencia de g\u00e9nero deriv\u00f3 en el hallazgo de numerosos art\u00edculos robados&#8221; &#8212; Central de Noticias | Olavarr\u00eda\" src=\"https:\/\/cdnoticias.com\/index.php\/2023\/05\/15\/un-allanamiento-por-violencia-de-genero-derivo-en-el-hallazgo-de-numerosos-articulos-robados\/embed\/#?secret=bH5vAM3pYz#?secret=ZEi66fLW7C\" data-secret=\"ZEi66fLW7C\" width=\"600\" height=\"338\" frameborder=\"0\" marginwidth=\"0\" marginheight=\"0\" scrolling=\"no\"><\/iframe><\/p>\n<p>&nbsp;<\/p>\n","protected":false},"excerpt":{"rendered":"<p>Personal de la Sub DDI Olavarr\u00eda difundi\u00f3 las im\u00e1genes de los art\u00edculos. Las actuaciones se enmarcan en una investigaci\u00f3n que<\/p>\n","protected":false},"author":4,"featured_media":85441,"comment_status":"closed","ping_status":"closed","sticky":false,"template":"","format":"standard","meta":{"_jetpack_memberships_contains_paid_content":false,"footnotes":""},"categories":[14,1],"tags":[],"class_list":["post-85439","post","type-post","status-publish","format-standard","has-post-thumbnail","hentry","category-policiales","category-portada"],"jetpack_featured_media_url":"https:\/\/i0.wp.com\/cdnoticias.com\/wp-content\/uploads\/2023\/05\/DDI-allanamiento-herramientas.jpg?fit=800%2C445&ssl=1","jetpack_sharing_enabled":true,"_links":{"self":[{"href":"https:\/\/cdnoticias.com\/index.php\/wp-json\/wp\/v2\/posts\/85439","targetHints":{"allow":["GET"]}}],"collection":[{"href":"https:\/\/cdnoticias.com\/index.php\/wp-json\/wp\/v2\/posts"}],"about":[{"href":"https:\/\/cdnoticias.com\/index.php\/wp-json\/wp\/v2\/types\/post"}],"author":[{"embeddable":true,"href":"https:\/\/cdnoticias.com\/index.php\/wp-json\/wp\/v2\/users\/4"}],"replies":[{"embeddable":true,"href":"https:\/\/cdnoticias.com\/index.php\/wp-json\/wp\/v2\/comments?post=85439"}],"version-history":[{"count":0,"href":"https:\/\/cdnoticias.com\/index.php\/wp-json\/wp\/v2\/posts\/85439\/revisions"}],"wp:featuredmedia":[{"embeddable":true,"href":"https:\/\/cdnoticias.com\/index.php\/wp-json\/wp\/v2\/media\/85441"}],"wp:attachment":[{"href":"https:\/\/cdnoticias.com\/index.php\/wp-json\/wp\/v2\/media?parent=85439"}],"wp:term":[{"taxonomy":"category","embeddable":true,"href":"https:\/\/cdnoticias.com\/index.php\/wp-json\/wp\/v2\/categories?post=85439"},{"taxonomy":"post_tag","embeddable":true,"href":"https:\/\/cdnoticias.com\/index.php\/wp-json\/wp\/v2\/tags?post=85439"}],"curies":[{"name":"wp","href":"https:\/\/api.w.org\/{rel}","templated":true}]}}