{"id":85419,"date":"2023-05-19T08:04:23","date_gmt":"2023-05-19T11:04:23","guid":{"rendered":"https:\/\/www.centraldenoticias.com.ar\/?p=85419"},"modified":"2023-05-19T08:04:23","modified_gmt":"2023-05-19T11:04:23","slug":"eduardo-rodriguez-presento-los-avales-para-las-paso","status":"publish","type":"post","link":"https:\/\/cdnoticias.com\/index.php\/2023\/05\/19\/eduardo-rodriguez-presento-los-avales-para-las-paso\/","title":{"rendered":"Eduardo Rodr\u00edguez present\u00f3 los avales para las PASO"},"content":{"rendered":"<p>Fue en la ma\u00f1ana de este jueves, donde fue recibido por Ricardo Lissalde, Secretario General del Congreso Provincial del Frente Renovador y referente de la S\u00e9ptima Secci\u00f3n.<!--more--><\/p>\n<hr \/>\n<p>En la ma\u00f1ana de este jueves, Eduardo Rodr\u00edguez<strong> hizo entrega de los avales para la Lista de candidatos del Frente Renovador en el Frente de Todos para las pr\u00f3ximas PASO en Olavarr\u00eda.<\/strong> Los mismos fueron recibidos por Ricardo Lissalde, Secretario General del Congreso Provincial del Frente Renovador y referente de la S\u00e9ptima Secci\u00f3n.<\/p>\n<p>&nbsp;<\/p>\n<p>A trav\u00e9s de sus redes sociales, Rodr\u00edguez lanz\u00f3 un comunicado donde agradeci\u00f3 \u201ca los y las integrantes de la Junta Promotora &#8220;Eduardo Intendente&#8221; por el gran trabajo que realizamos conjuntamente y a los vecinos y vecinas que nos acompa\u00f1an\u201d.<\/p>\n<p>&nbsp;<\/p>\n<p><img data-recalc-dims=\"1\" loading=\"lazy\" decoding=\"async\" class=\"aligncenter size-full wp-image-85420\" src=\"https:\/\/i0.wp.com\/cdnoticias.com\/wp-content\/uploads\/2023\/05\/eduardo-rodriguez-avales-02.jpg?resize=800%2C445&#038;ssl=1\" alt=\"\" width=\"800\" height=\"445\" srcset=\"https:\/\/i0.wp.com\/cdnoticias.com\/wp-content\/uploads\/2023\/05\/eduardo-rodriguez-avales-02.jpg?w=800&amp;ssl=1 800w, https:\/\/i0.wp.com\/cdnoticias.com\/wp-content\/uploads\/2023\/05\/eduardo-rodriguez-avales-02.jpg?resize=300%2C167&amp;ssl=1 300w, https:\/\/i0.wp.com\/cdnoticias.com\/wp-content\/uploads\/2023\/05\/eduardo-rodriguez-avales-02.jpg?resize=768%2C427&amp;ssl=1 768w\" sizes=\"auto, (max-width: 800px) 100vw, 800px\" \/><\/p>\n<p>&nbsp;<\/p>\n<blockquote><p>\u201cGracias por el apoyo de todas y cada una de las personas que se suman para que Olavarr\u00eda vuelva a la senda del progreso\u201d, agreg\u00f3.<\/p><\/blockquote>\n<p>&nbsp;<\/p>\n<p>El referente del Foro Olavarr\u00eda &#8211; Frente Renovador en el Frente de Todos reafirm\u00f3 que \u201cdesde el Frente de Todos proponemos una<strong> alternativa superadora a la actual gesti\u00f3n Municipal,<\/strong> capaz de convocar a las y los olavarrienses para un nuevo Gobierno local que responda a las necesidades de los vecinos y vecinas, con una agenda de desarrollo para el futuro\u201d.<\/p>\n<p>&nbsp;<\/p>\n","protected":false},"excerpt":{"rendered":"<p>Fue en la ma\u00f1ana de este jueves, donde fue recibido por Ricardo Lissalde, Secretario General del Congreso Provincial del Frente<\/p>\n","protected":false},"author":5,"featured_media":85421,"comment_status":"closed","ping_status":"closed","sticky":false,"template":"","format":"standard","meta":{"_jetpack_memberships_contains_paid_content":false,"footnotes":""},"categories":[4,1],"tags":[],"class_list":["post-85419","post","type-post","status-publish","format-standard","has-post-thumbnail","hentry","category-politica","category-portada"],"jetpack_featured_media_url":"https:\/\/i0.wp.com\/cdnoticias.com\/wp-content\/uploads\/2023\/05\/eduardo-rodriguez-avales-01.jpg?fit=800%2C445&ssl=1","jetpack_sharing_enabled":true,"_links":{"self":[{"href":"https:\/\/cdnoticias.com\/index.php\/wp-json\/wp\/v2\/posts\/85419","targetHints":{"allow":["GET"]}}],"collection":[{"href":"https:\/\/cdnoticias.com\/index.php\/wp-json\/wp\/v2\/posts"}],"about":[{"href":"https:\/\/cdnoticias.com\/index.php\/wp-json\/wp\/v2\/types\/post"}],"author":[{"embeddable":true,"href":"https:\/\/cdnoticias.com\/index.php\/wp-json\/wp\/v2\/users\/5"}],"replies":[{"embeddable":true,"href":"https:\/\/cdnoticias.com\/index.php\/wp-json\/wp\/v2\/comments?post=85419"}],"version-history":[{"count":0,"href":"https:\/\/cdnoticias.com\/index.php\/wp-json\/wp\/v2\/posts\/85419\/revisions"}],"wp:featuredmedia":[{"embeddable":true,"href":"https:\/\/cdnoticias.com\/index.php\/wp-json\/wp\/v2\/media\/85421"}],"wp:attachment":[{"href":"https:\/\/cdnoticias.com\/index.php\/wp-json\/wp\/v2\/media?parent=85419"}],"wp:term":[{"taxonomy":"category","embeddable":true,"href":"https:\/\/cdnoticias.com\/index.php\/wp-json\/wp\/v2\/categories?post=85419"},{"taxonomy":"post_tag","embeddable":true,"href":"https:\/\/cdnoticias.com\/index.php\/wp-json\/wp\/v2\/tags?post=85419"}],"curies":[{"name":"wp","href":"https:\/\/api.w.org\/{rel}","templated":true}]}}