{"id":85393,"date":"2023-05-18T10:02:45","date_gmt":"2023-05-18T13:02:45","guid":{"rendered":"https:\/\/www.centraldenoticias.com.ar\/?p=85393"},"modified":"2023-05-18T10:02:45","modified_gmt":"2023-05-18T13:02:45","slug":"dieron-con-una-motosierra-robada-la-habian-vendido","status":"publish","type":"post","link":"https:\/\/cdnoticias.com\/index.php\/2023\/05\/18\/dieron-con-una-motosierra-robada-la-habian-vendido\/","title":{"rendered":"Dieron con una motosierra robada: la hab\u00edan vendido"},"content":{"rendered":"<p>La herramienta hab\u00eda sido sustra\u00edda a principios de este mes de un taller y la encontraron este jueves en una vivienda del barrio Facundo Quiroga. Hay un imputado por \u201churto\u201d.<\/p>\n<p><!--more--><\/p>\n<hr \/>\n<p>Desde la <strong>Comisar\u00eda Segunda se dio a conocer el esclarecimiento de un robo<\/strong> registrado a principios de mes en un taller: una herramienta robada fue recuperada en las \u00faltimas horas.<\/p>\n<p>&nbsp;<\/p>\n<p>Seg\u00fan se inform\u00f3, <strong>el d\u00eda 3 de mayo se denunci\u00f3 el \u201churto\u201d de una motosierra<\/strong> de un taller ubicado en Pellegrini al 2100.<\/p>\n<p>&nbsp;<\/p>\n<p>Las averiguaciones estuvieron a cargo del personal del Gabinete Externo de la Comisar\u00eda Segunda que logr\u00f3 establecer que <strong>el art\u00edculo sustra\u00eddo se hallar\u00eda en una vivienda ubicada en el barrio Facundo Quiroga 1.<\/strong><\/p>\n<p>&nbsp;<\/p>\n<p><img data-recalc-dims=\"1\" loading=\"lazy\" decoding=\"async\" class=\"alignnone size-full wp-image-85395\" src=\"https:\/\/i0.wp.com\/cdnoticias.com\/wp-content\/uploads\/2023\/05\/hurto-motosierra-1.jpg?resize=800%2C445&#038;ssl=1\" alt=\"\" width=\"800\" height=\"445\" srcset=\"https:\/\/i0.wp.com\/cdnoticias.com\/wp-content\/uploads\/2023\/05\/hurto-motosierra-1.jpg?w=800&amp;ssl=1 800w, https:\/\/i0.wp.com\/cdnoticias.com\/wp-content\/uploads\/2023\/05\/hurto-motosierra-1.jpg?resize=300%2C167&amp;ssl=1 300w, https:\/\/i0.wp.com\/cdnoticias.com\/wp-content\/uploads\/2023\/05\/hurto-motosierra-1.jpg?resize=768%2C427&amp;ssl=1 768w\" sizes=\"auto, (max-width: 800px) 100vw, 800px\" \/><\/p>\n<p>&nbsp;<\/p>\n<p>Se determin\u00f3 que en esa casa<strong> hab\u00eda sido vendida la motosierra.<\/strong><\/p>\n<p>&nbsp;<\/p>\n<blockquote><p>All\u00ed se presentaron los efectivos quienes hicieron un \u201callanamiento de urgencia con anuencia del morador\u201d. La motosierra color naranja marca Niwa fue secuestrada.<\/p><\/blockquote>\n<p>&nbsp;<\/p>\n<p><strong>El denunciante reconoci\u00f3 el art\u00edculo<\/strong> como el mismo que hab\u00eda sido robado y le fue entregado.<\/p>\n<p>&nbsp;<\/p>\n<p>Se inform\u00f3 adem\u00e1s que<strong> un hombre mayor de edad fue imputado<\/strong> por el delito de \u201churto\u201d.<\/p>\n<p>&nbsp;<\/p>\n","protected":false},"excerpt":{"rendered":"<p>La herramienta hab\u00eda sido sustra\u00edda a principios de este mes de un taller y la encontraron este jueves en una<\/p>\n","protected":false},"author":4,"featured_media":85394,"comment_status":"closed","ping_status":"closed","sticky":false,"template":"","format":"standard","meta":{"_jetpack_memberships_contains_paid_content":false,"footnotes":""},"categories":[14,1],"tags":[],"class_list":["post-85393","post","type-post","status-publish","format-standard","has-post-thumbnail","hentry","category-policiales","category-portada"],"jetpack_featured_media_url":"https:\/\/i0.wp.com\/cdnoticias.com\/wp-content\/uploads\/2023\/05\/hurto-motosierra-0.jpg?fit=800%2C445&ssl=1","jetpack_sharing_enabled":true,"_links":{"self":[{"href":"https:\/\/cdnoticias.com\/index.php\/wp-json\/wp\/v2\/posts\/85393","targetHints":{"allow":["GET"]}}],"collection":[{"href":"https:\/\/cdnoticias.com\/index.php\/wp-json\/wp\/v2\/posts"}],"about":[{"href":"https:\/\/cdnoticias.com\/index.php\/wp-json\/wp\/v2\/types\/post"}],"author":[{"embeddable":true,"href":"https:\/\/cdnoticias.com\/index.php\/wp-json\/wp\/v2\/users\/4"}],"replies":[{"embeddable":true,"href":"https:\/\/cdnoticias.com\/index.php\/wp-json\/wp\/v2\/comments?post=85393"}],"version-history":[{"count":0,"href":"https:\/\/cdnoticias.com\/index.php\/wp-json\/wp\/v2\/posts\/85393\/revisions"}],"wp:featuredmedia":[{"embeddable":true,"href":"https:\/\/cdnoticias.com\/index.php\/wp-json\/wp\/v2\/media\/85394"}],"wp:attachment":[{"href":"https:\/\/cdnoticias.com\/index.php\/wp-json\/wp\/v2\/media?parent=85393"}],"wp:term":[{"taxonomy":"category","embeddable":true,"href":"https:\/\/cdnoticias.com\/index.php\/wp-json\/wp\/v2\/categories?post=85393"},{"taxonomy":"post_tag","embeddable":true,"href":"https:\/\/cdnoticias.com\/index.php\/wp-json\/wp\/v2\/tags?post=85393"}],"curies":[{"name":"wp","href":"https:\/\/api.w.org\/{rel}","templated":true}]}}