{"id":85389,"date":"2023-05-18T18:07:47","date_gmt":"2023-05-18T21:07:47","guid":{"rendered":"https:\/\/www.centraldenoticias.com.ar\/?p=85389"},"modified":"2023-05-19T07:38:22","modified_gmt":"2023-05-19T10:38:22","slug":"procesaron-a-un-camionero-por-el-descarrilamiento-de-un-tren-de-pasajeros-en-olavarria","status":"publish","type":"post","link":"https:\/\/cdnoticias.com\/index.php\/2023\/05\/18\/procesaron-a-un-camionero-por-el-descarrilamiento-de-un-tren-de-pasajeros-en-olavarria\/","title":{"rendered":"Procesaron a un camionero por el descarrilamiento de un tren de pasajeros en Olavarr\u00eda"},"content":{"rendered":"<p>El hecho ocurri\u00f3 el 21 de marzo de este a\u00f1o. El hombre fue procesado por el delito de Estrago Culposo por descarrilamiento.<!--more--><\/p>\n<hr \/>\n<p>La Justicia Federal de Azul proces\u00f3 a un camionero por el delito de <strong>estrago culposo por descarrilamiento<\/strong> en relaci\u00f3n al hecho que ocurri\u00f3 el 21 de marzo de este a\u00f1o en el paso nivel de las inmediaciones de avenida Pringles intersecci\u00f3n calle Quebrada de Humahuaca.<\/p>\n<p>&nbsp;<\/p>\n<p>All\u00ed se produjo el <a href=\"https:\/\/cdnoticias.com\/index.php\/2023\/03\/22\/descarrillo-en-olavarria-el-tren-de-pasajeros-que-iba-a-bahia-blanca\/\" target=\"_blank\" rel=\"noopener\">descalce \u2013sin vuelco- de la locomotora, el furg\u00f3n y dos coches pulman de una formaci\u00f3n de la empresa Trenes Argentinos.<\/a> Los pasajeros y el personal no sufrieron heridas y fueron trasladados en colectivos a sus respectivos destinos.<\/p>\n<p>&nbsp;<\/p>\n<p>Este mi\u00e9rcoles, el juez federal de Azul, doctor Gabriel Di Giulio dio a conocer el procesamiento de <strong>Julio Ignacio Catalini, un olavarriense de 63 a\u00f1os que reside en la ciudad de Laprida.<\/strong><\/p>\n<p>&nbsp;<\/p>\n<p><strong>La investigaci\u00f3n del hecho <\/strong><\/p>\n<p><strong>\u00a0<\/strong><\/p>\n<p>La resoluci\u00f3n del doctor Di Giulio consta de 48 fojas y detalla las acciones llevadas adelante, el recogimiento de pruebas y testimonios para \u201ctener por justificado \u2013con el grado de probabilidad exigido para esta etapa-\u201c que el d\u00eda 21 de marzo de 2023 aproximadamente a las 21.20 Julio Ignacio Catalini, al mando de un cami\u00f3n con batea cargado con 45 toneladas de piedra<strong> \u201cimprudentemente intent\u00f3 traspasar el cruce de las v\u00edas del ferrocarril\u201d.<\/strong><\/p>\n<p>&nbsp;<\/p>\n<p>En esas circunstancias, \u201ccon las partes bajas del equipo, probablemente con el brazo de suspensi\u00f3n derecho del semirremolque, impact\u00f3 con la v\u00eda\u201d y <strong>\u201cla colisi\u00f3n y la fuerza aplicada al riel produjo su desplazamiento y curvatura y la consecuente apertura de la trocha en el paso a nivel\u201d.<\/strong><\/p>\n<p>&nbsp;<\/p>\n<blockquote><p>Resalt\u00f3 que el conductor del cami\u00f3n \u201cen ning\u00fan momento dio aviso o report\u00f3 el incidente a alguna autoridad o a la empresa de trenes para que puedan tomarse medidas urgentes de precauci\u00f3n e impedir el paso del tren en tales condiciones\u201d.<\/p><\/blockquote>\n<p>&nbsp;<\/p>\n<p>\u201cComo consecuencia de la ampliaci\u00f3n de la trocha y el incumplimiento del deber indicado, alrededor de las 23.45 hs. del mismo d\u00eda, la formaci\u00f3n de pasajeros 333 de la empresa SOFSE, integrada por la locomotora A917 y sus respectivos coches, que transportaba un total de 259 personas y <strong>circulaba inadvertida del incidente, descarril\u00f3<\/strong>\u201d.<\/p>\n<p>&nbsp;<\/p>\n<p>Para el juez Di Giulio \u201ctrat\u00e1ndose de un conductor profesional, al mando de un cami\u00f3n con batea cargado con 45 toneladas de piedra, con el que siniestr\u00f3 la v\u00eda provocando la apertura de la trocha, <strong>el imputado debi\u00f3 dar aviso a la autoridad competente para evitar el descarrilamiento<\/strong> <strong>de cualquier formaci\u00f3n de trenes<\/strong> que, con posterioridad, circulase en las condiciones se\u00f1aladas&#8221;.<\/p>\n<p>&nbsp;<\/p>\n<p><strong>La declaraci\u00f3n del camionero <\/strong><\/p>\n<p>&nbsp;<\/p>\n<p>\u201cYo hab\u00eda pasado anteriormente, porque hab\u00eda una calle que estaban repavimentando y hab\u00eda pasado hace un tiempo. Dos meses. No recuerdo exactamente. Y bueno, <strong>esta vez intent\u00e9 pasar y no pude pasar y me volv\u00ed<\/strong>\u201d, indic\u00f3 Cataldi en su declaraci\u00f3n de los hechos que qued\u00f3 plasmada en la resoluci\u00f3n de procesamiento.<\/p>\n<p>&nbsp;<\/p>\n<p>Y agreg\u00f3: \u201c<strong>en mi aspecto es que las v\u00edas estaban en estado de abandono.<\/strong> Porque las otras que estaban paralelas, tienen un intermedio de rieles que no s\u00e9 c\u00f3mo se llama para que pueda transitar\u201d.<\/p>\n<p>&nbsp;<\/p>\n<blockquote><p>\u201cDicen que yo ten\u00eda que haber dado aviso, pero la sensaci\u00f3n que me da es que no estaba transitada. Y el mantenimiento es cero, cero mantenimiento\u201d.<\/p><\/blockquote>\n<p>&nbsp;<\/p>\n<p>\u201cPosteriormente que la repararon le pusieron unos respaldos\u2026 entiendo yo que se llama respaldo, a cada riel. En ese momento que intent\u00e9 pasar no, no estaba. <strong>Entiendo que fue negligencia de los que se tienen que encargar de reparar la v\u00eda, que no estaba en condiciones el paso a nivel<\/strong>\u201d, explic\u00f3 Julio Ignacio Catalini asesorado por la abogada Elda Donatelli.<\/p>\n<p>&nbsp;<\/p>\n<p><strong>El procesamiento <\/strong><\/p>\n<p>&nbsp;<\/p>\n<p>El juez Di Giulio decidi\u00f3 procesar sin prisi\u00f3n preventiva a Julio Ignacio Catalini por considerarlo<strong> \u201cprima facie, autor penalmente responsable del delito de Estrago Culposo por Descarrilamiento\u201d.<\/strong><\/p>\n<p>&nbsp;<\/p>\n<p>Adem\u00e1s dispuso el embargo preventivo del cami\u00f3n con batea por cubrir la suma de 23 millones de pesos.<\/p>\n<p>&nbsp;<\/p>\n<p><em>Foto: Marcelo Mascarini \u2013 La Nueva Provincia<\/em><\/p>\n<p>&nbsp;<\/p>\n<blockquote class=\"wp-embedded-content\" data-secret=\"xJnC5eJyHP\"><p><a href=\"https:\/\/cdnoticias.com\/index.php\/2023\/03\/22\/descarrillo-en-olavarria-el-tren-de-pasajeros-que-iba-a-bahia-blanca\/\">Descarrill\u00f3 en Olavarr\u00eda el tren de pasajeros que iba a Bah\u00eda Blanca<\/a><\/p><\/blockquote>\n<p><iframe loading=\"lazy\" class=\"wp-embedded-content\" sandbox=\"allow-scripts\" security=\"restricted\" style=\"position: absolute; clip: rect(1px, 1px, 1px, 1px);\" title=\"&#8220;Descarrill\u00f3 en Olavarr\u00eda el tren de pasajeros que iba a Bah\u00eda Blanca&#8221; &#8212; Central de Noticias | Olavarr\u00eda\" src=\"https:\/\/cdnoticias.com\/index.php\/2023\/03\/22\/descarrillo-en-olavarria-el-tren-de-pasajeros-que-iba-a-bahia-blanca\/embed\/#?secret=KLDvVz5pWs#?secret=xJnC5eJyHP\" data-secret=\"xJnC5eJyHP\" width=\"600\" height=\"338\" frameborder=\"0\" marginwidth=\"0\" marginheight=\"0\" scrolling=\"no\"><\/iframe><\/p>\n","protected":false},"excerpt":{"rendered":"<p>El hecho ocurri\u00f3 el 21 de marzo de este a\u00f1o. El hombre fue procesado por el delito de Estrago Culposo<\/p>\n","protected":false},"author":5,"featured_media":80265,"comment_status":"closed","ping_status":"closed","sticky":false,"template":"","format":"standard","meta":{"_jetpack_memberships_contains_paid_content":false,"footnotes":""},"categories":[14],"tags":[],"class_list":["post-85389","post","type-post","status-publish","format-standard","has-post-thumbnail","hentry","category-policiales"],"jetpack_featured_media_url":"https:\/\/i0.wp.com\/cdnoticias.com\/wp-content\/uploads\/2023\/03\/descarrilamiento-tren-pasajeros.jpg?fit=1121%2C633&ssl=1","jetpack_sharing_enabled":true,"_links":{"self":[{"href":"https:\/\/cdnoticias.com\/index.php\/wp-json\/wp\/v2\/posts\/85389","targetHints":{"allow":["GET"]}}],"collection":[{"href":"https:\/\/cdnoticias.com\/index.php\/wp-json\/wp\/v2\/posts"}],"about":[{"href":"https:\/\/cdnoticias.com\/index.php\/wp-json\/wp\/v2\/types\/post"}],"author":[{"embeddable":true,"href":"https:\/\/cdnoticias.com\/index.php\/wp-json\/wp\/v2\/users\/5"}],"replies":[{"embeddable":true,"href":"https:\/\/cdnoticias.com\/index.php\/wp-json\/wp\/v2\/comments?post=85389"}],"version-history":[{"count":0,"href":"https:\/\/cdnoticias.com\/index.php\/wp-json\/wp\/v2\/posts\/85389\/revisions"}],"wp:featuredmedia":[{"embeddable":true,"href":"https:\/\/cdnoticias.com\/index.php\/wp-json\/wp\/v2\/media\/80265"}],"wp:attachment":[{"href":"https:\/\/cdnoticias.com\/index.php\/wp-json\/wp\/v2\/media?parent=85389"}],"wp:term":[{"taxonomy":"category","embeddable":true,"href":"https:\/\/cdnoticias.com\/index.php\/wp-json\/wp\/v2\/categories?post=85389"},{"taxonomy":"post_tag","embeddable":true,"href":"https:\/\/cdnoticias.com\/index.php\/wp-json\/wp\/v2\/tags?post=85389"}],"curies":[{"name":"wp","href":"https:\/\/api.w.org\/{rel}","templated":true}]}}