{"id":8538,"date":"2020-12-09T13:46:31","date_gmt":"2020-12-09T16:46:31","guid":{"rendered":"http:\/\/www.centraldenoticias.com.ar\/?p=8538"},"modified":"2020-12-09T13:46:31","modified_gmt":"2020-12-09T16:46:31","slug":"valeria-soledad-herrera-de-frias-q-e-p-d","status":"publish","type":"post","link":"https:\/\/cdnoticias.com\/index.php\/2020\/12\/09\/valeria-soledad-herrera-de-frias-q-e-p-d\/","title":{"rendered":"Valeria Soledad Herrera de Fr\u00edas (Q.E.P.D.)"},"content":{"rendered":"<p>Falleci\u00f3 en Benito Ju\u00e1rez a los 38 a\u00f1os de edad. Su esposo Luis \u00c1ngel Fr\u00edas; sus hijos Lautaro e Ignacio Fr\u00edas; sus padres Fidel Herrera y Mar\u00eda Elena Bodanza; su hermano Fabi\u00e1n Herrera; su hermana pol\u00edtica Marcela Avalo; sus sobrinos Cristian, Yanina, Ludmila, Tob\u00edas y dem\u00e1s deudos participan su fallecimiento.<\/p>\n<p>&nbsp;<\/p>\n<p>Sus restos ser\u00e1n velados en la sala de Espa\u00f1a N\u00b0 2942 departamento \u201cD\u201d de 14.30 a 16.30 horas e inhumados en el Cementerio Loma de Paz este mi\u00e9rcoles a las 16.30 horas, previo responso en la Capilla Ardiente. Nacida en Olavarr\u00eda, vecina del barrio Alberdi, docente del Jard\u00edn N\u00b0 915 de Olavarr\u00eda.<\/p>\n","protected":false},"excerpt":{"rendered":"<p>Falleci\u00f3 en Benito Ju\u00e1rez a los 38 a\u00f1os de edad. Su esposo Luis \u00c1ngel Fr\u00edas; sus hijos Lautaro e Ignacio<\/p>\n","protected":false},"author":2,"featured_media":0,"comment_status":"closed","ping_status":"closed","sticky":false,"template":"","format":"standard","meta":{"_jetpack_memberships_contains_paid_content":false,"footnotes":""},"categories":[10],"tags":[],"class_list":["post-8538","post","type-post","status-publish","format-standard","hentry","category-necrologicas"],"jetpack_featured_media_url":"","jetpack_sharing_enabled":true,"_links":{"self":[{"href":"https:\/\/cdnoticias.com\/index.php\/wp-json\/wp\/v2\/posts\/8538","targetHints":{"allow":["GET"]}}],"collection":[{"href":"https:\/\/cdnoticias.com\/index.php\/wp-json\/wp\/v2\/posts"}],"about":[{"href":"https:\/\/cdnoticias.com\/index.php\/wp-json\/wp\/v2\/types\/post"}],"author":[{"embeddable":true,"href":"https:\/\/cdnoticias.com\/index.php\/wp-json\/wp\/v2\/users\/2"}],"replies":[{"embeddable":true,"href":"https:\/\/cdnoticias.com\/index.php\/wp-json\/wp\/v2\/comments?post=8538"}],"version-history":[{"count":0,"href":"https:\/\/cdnoticias.com\/index.php\/wp-json\/wp\/v2\/posts\/8538\/revisions"}],"wp:attachment":[{"href":"https:\/\/cdnoticias.com\/index.php\/wp-json\/wp\/v2\/media?parent=8538"}],"wp:term":[{"taxonomy":"category","embeddable":true,"href":"https:\/\/cdnoticias.com\/index.php\/wp-json\/wp\/v2\/categories?post=8538"},{"taxonomy":"post_tag","embeddable":true,"href":"https:\/\/cdnoticias.com\/index.php\/wp-json\/wp\/v2\/tags?post=8538"}],"curies":[{"name":"wp","href":"https:\/\/api.w.org\/{rel}","templated":true}]}}