{"id":85360,"date":"2023-05-17T19:47:56","date_gmt":"2023-05-17T22:47:56","guid":{"rendered":"https:\/\/www.centraldenoticias.com.ar\/?p=85360"},"modified":"2023-05-17T19:47:56","modified_gmt":"2023-05-17T22:47:56","slug":"andrea-coronel-lanzo-su-precandidatura-a-intendente-representando-a-patricia-bullrich","status":"publish","type":"post","link":"https:\/\/cdnoticias.com\/index.php\/2023\/05\/17\/andrea-coronel-lanzo-su-precandidatura-a-intendente-representando-a-patricia-bullrich\/","title":{"rendered":"Andrea Coronel lanz\u00f3 su precandidatura a Intendente representando a Patricia Bullrich"},"content":{"rendered":"<p>Lo confirm\u00f3 mediante un comunicado emitido este mi\u00e9rcoles. \u201cEl futuro de Olavarr\u00eda debe ser dirigido con coraje, fuerza, convicci\u00f3n y mucho trabajo\u201d.<!--more--><\/p>\n<hr \/>\n<p>La <strong>dirigente del vecinalismo, Andrea Coronel, anunci\u00f3 este mi\u00e9rcoles su lanzamiento como precandidata a Intendente por el espacio que representa Patricia Bullrich (Pro)<\/strong>, y se suma a una posible interna dentro de Juntos.<\/p>\n<p>&nbsp;<\/p>\n<p>Mediante un comunicado, Coronel expres\u00f3 que <em>\u201cel futuro de Olavarr\u00eda debe ser dirigido con coraje, fuerza, convicci\u00f3n y mucho trabajo\u201d algo descripto como \u201clos valores que representa Patricia Bullrich en el desaf\u00edo de una nueva Argentina\u201d.<\/em><\/p>\n<p>&nbsp;<\/p>\n<p><img data-recalc-dims=\"1\" loading=\"lazy\" decoding=\"async\" class=\"alignnone size-large wp-image-81143\" src=\"https:\/\/i0.wp.com\/cdnoticias.com\/wp-content\/uploads\/2023\/03\/Andrea-Coronel02.jpg?resize=800%2C445&#038;ssl=1\" alt=\"\" width=\"800\" height=\"445\" srcset=\"https:\/\/i0.wp.com\/cdnoticias.com\/wp-content\/uploads\/2023\/03\/Andrea-Coronel02.jpg?resize=1024%2C569&amp;ssl=1 1024w, https:\/\/i0.wp.com\/cdnoticias.com\/wp-content\/uploads\/2023\/03\/Andrea-Coronel02.jpg?resize=300%2C167&amp;ssl=1 300w, https:\/\/i0.wp.com\/cdnoticias.com\/wp-content\/uploads\/2023\/03\/Andrea-Coronel02.jpg?resize=768%2C427&amp;ssl=1 768w, https:\/\/i0.wp.com\/cdnoticias.com\/wp-content\/uploads\/2023\/03\/Andrea-Coronel02.jpg?resize=800%2C445&amp;ssl=1 800w, https:\/\/i0.wp.com\/cdnoticias.com\/wp-content\/uploads\/2023\/03\/Andrea-Coronel02.jpg?w=1087&amp;ssl=1 1087w\" sizes=\"auto, (max-width: 800px) 100vw, 800px\" \/><\/p>\n<p>&nbsp;<\/p>\n<blockquote><p>De esta forma, indic\u00f3 que \u201casumo el compromiso de ser precandidata a intendente de este espacio, respetando la interacci\u00f3n de todas las fuerzas que integran nuestra mesa pol\u00edtica\u201d.<\/p><\/blockquote>\n<p>&nbsp;<\/p>\n<p>Finalmente se\u00f1al\u00f3 que cree <em>\u201cen el dialogo como herramienta de construcci\u00f3n\u201d<\/em> y apoyar\u00e1 <strong><em>\u201cal candidato a Gobernador que decida Patricia y sumando todas las voluntades por un futuro mejor\u201d.\u00a0\u00a0\u00a0\u00a0\u00a0\u00a0\u00a0\u00a0\u00a0\u00a0\u00a0\u00a0\u00a0\u00a0\u00a0\u00a0\u00a0\u00a0\u00a0\u00a0\u00a0\u00a0\u00a0\u00a0\u00a0\u00a0\u00a0\u00a0\u00a0\u00a0<\/em><\/strong><\/p>\n<p>&nbsp;<\/p>\n<p>Cabe se\u00f1alar que<strong> tras el acuerdo entre Horacio Rodr\u00edguez Larreta y Patricia Bullrich, se decidi\u00f3 que haya internas del Pro en la Provincia de Buenos Aires, aunque a\u00fan falta que la presidenta del Pro decida qui\u00e9n ser\u00e1 su postulante entre N\u00e9stor Grindetti (referencia de Coronel junto a Vecinalistas), Javier Iguacel, Joaqu\u00edn De la Torre y Cristian Ritondo.<\/strong><\/p>\n<p>&nbsp;<\/p>\n<p>En las \u00faltimas horas, <a href=\"https:\/\/cdnoticias.com\/index.php\/2023\/05\/16\/habra-paso-en-el-pro-en-olavarria-dalton-jauregui-se-prepara-para-encabezar\/\" target=\"_blank\" rel=\"noopener\">Dalton J\u00e1uregui anunci\u00f3 que ser\u00e1 precandidato a Intendente representando a Cristian Ritondo<\/a> y que <strong>confluir\u00eda en una integraci\u00f3n con los otros sectores, aunque tras ello hubo algunas desmentidas y anuncios como el realizado por Coronel.<\/strong><\/p>\n","protected":false},"excerpt":{"rendered":"<p>Lo confirm\u00f3 mediante un comunicado emitido este mi\u00e9rcoles. \u201cEl futuro de Olavarr\u00eda debe ser dirigido con coraje, fuerza, convicci\u00f3n y<\/p>\n","protected":false},"author":2,"featured_media":84363,"comment_status":"closed","ping_status":"closed","sticky":false,"template":"","format":"standard","meta":{"_jetpack_memberships_contains_paid_content":false,"footnotes":""},"categories":[4,1],"tags":[],"class_list":["post-85360","post","type-post","status-publish","format-standard","has-post-thumbnail","hentry","category-politica","category-portada"],"jetpack_featured_media_url":"https:\/\/i0.wp.com\/cdnoticias.com\/wp-content\/uploads\/2023\/05\/andrea-coronel-patricia-bullrich.jpg?fit=800%2C446&ssl=1","jetpack_sharing_enabled":true,"_links":{"self":[{"href":"https:\/\/cdnoticias.com\/index.php\/wp-json\/wp\/v2\/posts\/85360","targetHints":{"allow":["GET"]}}],"collection":[{"href":"https:\/\/cdnoticias.com\/index.php\/wp-json\/wp\/v2\/posts"}],"about":[{"href":"https:\/\/cdnoticias.com\/index.php\/wp-json\/wp\/v2\/types\/post"}],"author":[{"embeddable":true,"href":"https:\/\/cdnoticias.com\/index.php\/wp-json\/wp\/v2\/users\/2"}],"replies":[{"embeddable":true,"href":"https:\/\/cdnoticias.com\/index.php\/wp-json\/wp\/v2\/comments?post=85360"}],"version-history":[{"count":0,"href":"https:\/\/cdnoticias.com\/index.php\/wp-json\/wp\/v2\/posts\/85360\/revisions"}],"wp:featuredmedia":[{"embeddable":true,"href":"https:\/\/cdnoticias.com\/index.php\/wp-json\/wp\/v2\/media\/84363"}],"wp:attachment":[{"href":"https:\/\/cdnoticias.com\/index.php\/wp-json\/wp\/v2\/media?parent=85360"}],"wp:term":[{"taxonomy":"category","embeddable":true,"href":"https:\/\/cdnoticias.com\/index.php\/wp-json\/wp\/v2\/categories?post=85360"},{"taxonomy":"post_tag","embeddable":true,"href":"https:\/\/cdnoticias.com\/index.php\/wp-json\/wp\/v2\/tags?post=85360"}],"curies":[{"name":"wp","href":"https:\/\/api.w.org\/{rel}","templated":true}]}}