{"id":85331,"date":"2023-05-18T17:02:50","date_gmt":"2023-05-18T20:02:50","guid":{"rendered":"https:\/\/www.centraldenoticias.com.ar\/?p=85331"},"modified":"2023-05-18T17:02:50","modified_gmt":"2023-05-18T20:02:50","slug":"eduardo-timpanaro-y-la-big-band-regional-recibieron-reconocimientos-del-hcd","status":"publish","type":"post","link":"https:\/\/cdnoticias.com\/index.php\/2023\/05\/18\/eduardo-timpanaro-y-la-big-band-regional-recibieron-reconocimientos-del-hcd\/","title":{"rendered":"Eduardo Timpanaro y la Big Band Regional recibieron reconocimientos del HCD"},"content":{"rendered":"<p>Las distinciones fueron entregadas por la concejala In\u00e9s Creimer y el concejal Gast\u00f3n Sarachu quienes, desde el bloque Foro Olavarr\u00eda &#8211; Frente Renovador en el Frente de Todos, impulsaron los reconocimientos.<!--more--><\/p>\n<hr \/>\n<p>Este martes, el <strong>m\u00fasico Eduardo Timpanaro y la Big Band Regional<\/strong> (BBR) recibieron sus respectivas distinciones realizadas por el HCD de Olavarr\u00eda. La concejala <strong>In\u00e9s Creimer<\/strong> y el concejal<strong> Gast\u00f3n Sarachu<\/strong> del bloque Foro Olavarr\u00eda &#8211; Frente Renovador en el Frente de Todos <strong>entregaron los reconocimientos impulsados desde su espacio.<\/strong><\/p>\n<p>&nbsp;<\/p>\n<p>Timpanaro recibi\u00f3 el galard\u00f3n \u201c<em><strong>Honor al M\u00e9rito Ciudadano<\/strong><\/em>\u201d por su \u201c<em><strong>extensa y exitosa trayectoria, siendo un embajador de la cultura olavarriense en otros lugares\u201d,<\/strong><\/em> sostuvieron Creimer y Sarachu.<\/p>\n<p>&nbsp;<\/p>\n<p>Por su parte, la <strong>BBR fue declarada de inter\u00e9s legislativo<\/strong>. Esta formaci\u00f3n in\u00e9dita en la Provincia de Buenos Aires est\u00e1 <strong>integrada por 20 m\u00fasicos y m\u00fasicas de la regi\u00f3n,<\/strong> contando con <strong>10 olavarrienses<\/strong> en su armado.<\/p>\n<p>&nbsp;<\/p>\n<p><strong><em>\u201cLa Big Band Regional deja de manifiesto c\u00f3mo a trav\u00e9s de la m\u00fasica y la cultura pueden borrarse los l\u00edmites geogr\u00e1ficos, generando un espacio\u00a0 com\u00fan y de construcci\u00f3n colectivas entre los municipios participantes\u201d,<\/em><\/strong> manifestaron desde el Foro Olavarr\u00eda &#8211; Frente Renovador en el Frente de Todos.<\/p>\n","protected":false},"excerpt":{"rendered":"<p>Las distinciones fueron entregadas por la concejala In\u00e9s Creimer y el concejal Gast\u00f3n Sarachu quienes, desde el bloque Foro Olavarr\u00eda<\/p>\n","protected":false},"author":6,"featured_media":85332,"comment_status":"closed","ping_status":"closed","sticky":false,"template":"","format":"standard","meta":{"_jetpack_memberships_contains_paid_content":false,"footnotes":""},"categories":[4,1],"tags":[],"class_list":["post-85331","post","type-post","status-publish","format-standard","has-post-thumbnail","hentry","category-politica","category-portada"],"jetpack_featured_media_url":"https:\/\/i0.wp.com\/cdnoticias.com\/wp-content\/uploads\/2023\/05\/FORO-FR-TIMPANARO-BBR.jpg?fit=800%2C500&ssl=1","jetpack_sharing_enabled":true,"_links":{"self":[{"href":"https:\/\/cdnoticias.com\/index.php\/wp-json\/wp\/v2\/posts\/85331","targetHints":{"allow":["GET"]}}],"collection":[{"href":"https:\/\/cdnoticias.com\/index.php\/wp-json\/wp\/v2\/posts"}],"about":[{"href":"https:\/\/cdnoticias.com\/index.php\/wp-json\/wp\/v2\/types\/post"}],"author":[{"embeddable":true,"href":"https:\/\/cdnoticias.com\/index.php\/wp-json\/wp\/v2\/users\/6"}],"replies":[{"embeddable":true,"href":"https:\/\/cdnoticias.com\/index.php\/wp-json\/wp\/v2\/comments?post=85331"}],"version-history":[{"count":0,"href":"https:\/\/cdnoticias.com\/index.php\/wp-json\/wp\/v2\/posts\/85331\/revisions"}],"wp:featuredmedia":[{"embeddable":true,"href":"https:\/\/cdnoticias.com\/index.php\/wp-json\/wp\/v2\/media\/85332"}],"wp:attachment":[{"href":"https:\/\/cdnoticias.com\/index.php\/wp-json\/wp\/v2\/media?parent=85331"}],"wp:term":[{"taxonomy":"category","embeddable":true,"href":"https:\/\/cdnoticias.com\/index.php\/wp-json\/wp\/v2\/categories?post=85331"},{"taxonomy":"post_tag","embeddable":true,"href":"https:\/\/cdnoticias.com\/index.php\/wp-json\/wp\/v2\/tags?post=85331"}],"curies":[{"name":"wp","href":"https:\/\/api.w.org\/{rel}","templated":true}]}}