{"id":85307,"date":"2023-05-17T17:15:04","date_gmt":"2023-05-17T20:15:04","guid":{"rendered":"https:\/\/www.centraldenoticias.com.ar\/?p=85307"},"modified":"2023-05-17T17:15:04","modified_gmt":"2023-05-17T20:15:04","slug":"participacion-hector-jose-llera-q-e-p-d","status":"publish","type":"post","link":"https:\/\/cdnoticias.com\/index.php\/2023\/05\/17\/participacion-hector-jose-llera-q-e-p-d\/","title":{"rendered":"Participaci\u00f3n- H\u00e9ctor Jos\u00e9 Llera (Q.E.P.D.)"},"content":{"rendered":"<p>Falleci\u00f3 en Olavarr\u00eda el d\u00eda 17 de mayo de 2023 a los 78 a\u00f1os. Su esposa: Mar\u00eda Lujan M\u00e1rquez, sus hijos: Guadalupe, Mora y Agust\u00edn Llera, sus hijos pol\u00edticos: Carlos Balsamo y Luc\u00eda Chiesa, sus nietos: Paula, Florencia y Lucas Balsamo, sus hermanas, hermanos pol\u00edticos y sobrinos y dem\u00e1s deudos participan su fallecimiento.<\/p>\n<p>&nbsp;<\/p>\n<p>Velatorio: Espa\u00f1a 2942 Sala &#8220;E&#8221;, comienza 18 horas. Responso: Capilla Ardiente. Cremaci\u00f3n: Crematorio Pinos de Paz, jueves 18 de mayo a las 12:30. Servicio adherido a Coopelectric.<\/p>\n<p>&nbsp;<\/p>\n<p>Barrio en el que viv\u00eda: San Vicente.<\/p>\n<p>Lugar de nacimiento: Olavarr\u00eda.<\/p>\n<p>Actividad que desarrollaba: Ingeniero Agr\u00f3nomo, ex presidente del partido Justicialista de Olavarr\u00eda, con v\u00ednculos en otras localidades relacionadas con su actividad de ingeniero Agr\u00f3nomo.<\/p>\n","protected":false},"excerpt":{"rendered":"<p>Falleci\u00f3 en Olavarr\u00eda el d\u00eda 17 de mayo de 2023 a los 78 a\u00f1os. Su esposa: Mar\u00eda Lujan M\u00e1rquez, sus<\/p>\n","protected":false},"author":6,"featured_media":67646,"comment_status":"closed","ping_status":"closed","sticky":false,"template":"","format":"standard","meta":{"_jetpack_memberships_contains_paid_content":false,"footnotes":""},"categories":[10],"tags":[],"class_list":["post-85307","post","type-post","status-publish","format-standard","has-post-thumbnail","hentry","category-necrologicas"],"jetpack_featured_media_url":"https:\/\/i0.wp.com\/cdnoticias.com\/wp-content\/uploads\/2022\/10\/necrologicas-390-x-240.jpg?fit=390%2C240&ssl=1","jetpack_sharing_enabled":true,"_links":{"self":[{"href":"https:\/\/cdnoticias.com\/index.php\/wp-json\/wp\/v2\/posts\/85307","targetHints":{"allow":["GET"]}}],"collection":[{"href":"https:\/\/cdnoticias.com\/index.php\/wp-json\/wp\/v2\/posts"}],"about":[{"href":"https:\/\/cdnoticias.com\/index.php\/wp-json\/wp\/v2\/types\/post"}],"author":[{"embeddable":true,"href":"https:\/\/cdnoticias.com\/index.php\/wp-json\/wp\/v2\/users\/6"}],"replies":[{"embeddable":true,"href":"https:\/\/cdnoticias.com\/index.php\/wp-json\/wp\/v2\/comments?post=85307"}],"version-history":[{"count":0,"href":"https:\/\/cdnoticias.com\/index.php\/wp-json\/wp\/v2\/posts\/85307\/revisions"}],"wp:featuredmedia":[{"embeddable":true,"href":"https:\/\/cdnoticias.com\/index.php\/wp-json\/wp\/v2\/media\/67646"}],"wp:attachment":[{"href":"https:\/\/cdnoticias.com\/index.php\/wp-json\/wp\/v2\/media?parent=85307"}],"wp:term":[{"taxonomy":"category","embeddable":true,"href":"https:\/\/cdnoticias.com\/index.php\/wp-json\/wp\/v2\/categories?post=85307"},{"taxonomy":"post_tag","embeddable":true,"href":"https:\/\/cdnoticias.com\/index.php\/wp-json\/wp\/v2\/tags?post=85307"}],"curies":[{"name":"wp","href":"https:\/\/api.w.org\/{rel}","templated":true}]}}