{"id":85236,"date":"2023-05-16T20:41:59","date_gmt":"2023-05-16T23:41:59","guid":{"rendered":"https:\/\/www.centraldenoticias.com.ar\/?p=85236"},"modified":"2023-05-17T10:05:34","modified_gmt":"2023-05-17T13:05:34","slug":"habra-movilizacion-de-organizaciones-sociales-en-denuncia-de-persecucion-del-municipio","status":"publish","type":"post","link":"https:\/\/cdnoticias.com\/index.php\/2023\/05\/16\/habra-movilizacion-de-organizaciones-sociales-en-denuncia-de-persecucion-del-municipio\/","title":{"rendered":"Habr\u00e1 movilizaci\u00f3n de organizaciones sociales en denuncia de \u201cpersecuci\u00f3n\u201d del Municipio"},"content":{"rendered":"<p>Ser\u00e1 este jueves por la ma\u00f1ana en el Paseo Jes\u00fas Mend\u00eda, organizado por el Frente de Organizaciones en Lucha (FOL). Denuncian que la gesti\u00f3n \u201cnos persigue y criminaliza\u201d.<!--more--><\/p>\n<hr \/>\n<p>Confirmado por integrantes del <strong>Frente de Organizaciones en Lucha (FOL) este jueves por la ma\u00f1ana habr\u00e1 una concentraci\u00f3n en el Paseo Jes\u00fas Mend\u00eda en denuncia de \u201cpersecuci\u00f3n y criminalizaci\u00f3n\u201d por parte de la gesti\u00f3n municipal hacia las organizaciones sociales.<\/strong><\/p>\n<p>&nbsp;<\/p>\n<blockquote><p>Ser\u00e1 desde las 09:00 horas en conjunto con otras organizaciones sociales, pol\u00edticas y sociales.<\/p><\/blockquote>\n<p>&nbsp;<\/p>\n<p><em>\u201cEn sinton\u00eda con la pol\u00edtica de criminalizaci\u00f3n y la persecuci\u00f3n a las organizaciones sociales del gobierno nacional, el gobierno local de Cambiemos con Galli a la cabeza nos persigue y criminaliza\u201d.<\/em> Indicaron que <strong><em>\u201cen esta pol\u00edtica la grieta no existe y, como viene pasando \u00faltimamente, nos ponen los palos en las ruedas necesarios para no permitirnos laburar\u201d.<\/em><\/strong><\/p>\n<p>&nbsp;<\/p>\n<blockquote><p>Se\u00f1alaron que se pondr\u00e1n \u201cen pie de lucha\u201d y que \u201cel ajuste el FMI solo pasa con represi\u00f3n y con eso nos quieren disciplinar\u201d.<\/p><\/blockquote>\n<p>&nbsp;<\/p>\n<p>Exigir\u00e1n al Municipio<strong><em> \u201cpol\u00edticas concretas para los sectores populares\u201d<\/em> <\/strong>en <em>\u201cun gobierno que, en toda su gesti\u00f3n, no tuvo una sola pol\u00edtica seria para fortalecer la econom\u00eda popular, por el contrario, la persigue y criminaliza\u201d<\/em> cerraron el comunicado.<\/p>\n<p>&nbsp;<\/p>\n<blockquote class=\"wp-embedded-content\" data-secret=\"ugyVpMJSNJ\"><p><a href=\"https:\/\/cdnoticias.com\/index.php\/2023\/05\/14\/el-fol-denuncia-la-suspension-de-un-evento-nos-trataron-como-delincuentes-comunes\/\">El FOL denuncia la suspensi\u00f3n de un evento: \u201cnos trataron como delincuentes comunes\u201d<\/a><\/p><\/blockquote>\n<p><iframe loading=\"lazy\" class=\"wp-embedded-content\" sandbox=\"allow-scripts\" security=\"restricted\" style=\"position: absolute; clip: rect(1px, 1px, 1px, 1px);\" title=\"&#8220;El FOL denuncia la suspensi\u00f3n de un evento: \u201cnos trataron como delincuentes comunes\u201d&#8221; &#8212; Central de Noticias | Olavarr\u00eda\" src=\"https:\/\/cdnoticias.com\/index.php\/2023\/05\/14\/el-fol-denuncia-la-suspension-de-un-evento-nos-trataron-como-delincuentes-comunes\/embed\/#?secret=kPFHtAgHbP#?secret=ugyVpMJSNJ\" data-secret=\"ugyVpMJSNJ\" width=\"600\" height=\"338\" frameborder=\"0\" marginwidth=\"0\" marginheight=\"0\" scrolling=\"no\"><\/iframe><\/p>\n<p>&nbsp;<\/p>\n","protected":false},"excerpt":{"rendered":"<p>Ser\u00e1 este jueves por la ma\u00f1ana en el Paseo Jes\u00fas Mend\u00eda, organizado por el Frente de Organizaciones en Lucha (FOL).<\/p>\n","protected":false},"author":2,"featured_media":61122,"comment_status":"closed","ping_status":"closed","sticky":false,"template":"","format":"standard","meta":{"_jetpack_memberships_contains_paid_content":false,"footnotes":""},"categories":[4,1],"tags":[],"class_list":["post-85236","post","type-post","status-publish","format-standard","has-post-thumbnail","hentry","category-politica","category-portada"],"jetpack_featured_media_url":"https:\/\/i0.wp.com\/cdnoticias.com\/wp-content\/uploads\/2022\/07\/FOL-manifestacion01.jpg?fit=1388%2C833&ssl=1","jetpack_sharing_enabled":true,"_links":{"self":[{"href":"https:\/\/cdnoticias.com\/index.php\/wp-json\/wp\/v2\/posts\/85236","targetHints":{"allow":["GET"]}}],"collection":[{"href":"https:\/\/cdnoticias.com\/index.php\/wp-json\/wp\/v2\/posts"}],"about":[{"href":"https:\/\/cdnoticias.com\/index.php\/wp-json\/wp\/v2\/types\/post"}],"author":[{"embeddable":true,"href":"https:\/\/cdnoticias.com\/index.php\/wp-json\/wp\/v2\/users\/2"}],"replies":[{"embeddable":true,"href":"https:\/\/cdnoticias.com\/index.php\/wp-json\/wp\/v2\/comments?post=85236"}],"version-history":[{"count":0,"href":"https:\/\/cdnoticias.com\/index.php\/wp-json\/wp\/v2\/posts\/85236\/revisions"}],"wp:featuredmedia":[{"embeddable":true,"href":"https:\/\/cdnoticias.com\/index.php\/wp-json\/wp\/v2\/media\/61122"}],"wp:attachment":[{"href":"https:\/\/cdnoticias.com\/index.php\/wp-json\/wp\/v2\/media?parent=85236"}],"wp:term":[{"taxonomy":"category","embeddable":true,"href":"https:\/\/cdnoticias.com\/index.php\/wp-json\/wp\/v2\/categories?post=85236"},{"taxonomy":"post_tag","embeddable":true,"href":"https:\/\/cdnoticias.com\/index.php\/wp-json\/wp\/v2\/tags?post=85236"}],"curies":[{"name":"wp","href":"https:\/\/api.w.org\/{rel}","templated":true}]}}