{"id":85231,"date":"2023-05-16T20:48:41","date_gmt":"2023-05-16T23:48:41","guid":{"rendered":"https:\/\/www.centraldenoticias.com.ar\/?p=85231"},"modified":"2023-05-16T20:48:41","modified_gmt":"2023-05-16T23:48:41","slug":"olavarria-alerta-por-fuertes-tormentas-para-este-miercoles","status":"publish","type":"post","link":"https:\/\/cdnoticias.com\/index.php\/2023\/05\/16\/olavarria-alerta-por-fuertes-tormentas-para-este-miercoles\/","title":{"rendered":"Olavarr\u00eda: alerta por fuertes tormentas para este mi\u00e9rcoles"},"content":{"rendered":"<p class=\"td-post-sub-title\">Se esperan \u201cintensas r\u00e1fagas, ocasional ca\u00edda de granizo, fuerte actividad el\u00e9ctrica y abundante ca\u00edda de agua\u201d.<!--more--><\/p>\n<hr \/>\n<div class=\"td-module-meta-info\">\n<p>El Servicio Meteorol\u00f3gico Nacional (SMN) <strong>extendi\u00f3 la alerta de nivel \u201camarillo\u201d por tormentas<\/strong> hacia el centro bonaerense y el aviso abarca ahora a media provincia de Buenos Aires.<\/p>\n<p>&nbsp;<\/p>\n<p>La alerta abarcaba en principio al oeste bonaerense desde los distritos de Florentino Ameghino, General Villegas y Rivadavia hasta Patagones (en el extremo sur bonaerense). Asimismo, el primer aviso inclu\u00eda a los municipios de Adolfo Alsina, Daireaux, Guamin\u00ed, Pellegrini, Salliquel\u00f3, Trenque Lauquen, Tres Lomas, Coronel Pringles, Coronel Su\u00e1rez, Saavedra, Tornquist, Bah\u00eda Blanca, Villarino y Puan.<\/p>\n<p>&nbsp;<\/p>\n<p>Ahora, el aviso tambi\u00e9n incluye al centro bonaerense y <strong>alcanza a General La Madrid, Laprida, Olavarr\u00eda, Azul, Rauch, Tapalqu\u00e9, Benito Ju\u00e1rez, Tandil y Adolfo Gonzales Chaves. <\/strong>Tambi\u00e9n se suman otros distritos costeros como Lober\u00eda, Coronel Dorrego, Necochea, San Cayetano y Tres Arroyos.<\/p>\n<p>&nbsp;<\/p>\n<p>Las \u00e1reas se ver\u00e1n afectadas durante el <strong>mi\u00e9rcoles por \u201ctormentas\u201d,<\/strong> algunas de las cuales ser\u00edan<strong> \u201clocalmente fuertes\u201d<\/strong>. Durante la tarde se registrar\u00edan en el sector oeste de la provincia y luego m\u00e1s hacia el centro.<\/p>\n<p>&nbsp;<\/p>\n<p><em><strong>\u201cSe espera que las mismas est\u00e9n acompa\u00f1adas por intensas r\u00e1fagas, ocasional ca\u00edda de granizo, fuerte actividad el\u00e9ctrica y abundante ca\u00edda de agua en cortos periodos\u201d<\/strong><\/em>, adelant\u00f3 el SMN.<\/p>\n<p>&nbsp;<\/p>\n<p>Por \u00faltimo, agregaron que \u201c<em><strong>se esperan valores de precipitaci\u00f3n acumulada entre 20 y 40 mm, pudiendo ser superados de forma puntual\u201d.<\/strong><\/em> La alerta tambi\u00e9n rige para zonas de las provincias de La Pampa, San Luis y C\u00f3rdoba.<\/p>\n<\/div>\n<p>&nbsp;<\/p>\n<p><em>Fuente: DIB\u00a0<\/em><\/p>\n","protected":false},"excerpt":{"rendered":"<p>Se esperan \u201cintensas r\u00e1fagas, ocasional ca\u00edda de granizo, fuerte actividad el\u00e9ctrica y abundante ca\u00edda de agua\u201d.<\/p>\n","protected":false},"author":6,"featured_media":37656,"comment_status":"closed","ping_status":"closed","sticky":false,"template":"","format":"standard","meta":{"_jetpack_memberships_contains_paid_content":false,"footnotes":""},"categories":[5,1],"tags":[],"class_list":["post-85231","post","type-post","status-publish","format-standard","has-post-thumbnail","hentry","category-informacion-general","category-portada"],"jetpack_featured_media_url":"https:\/\/i0.wp.com\/cdnoticias.com\/wp-content\/uploads\/2021\/11\/WhatsApp-Image-2021-11-04-at-16.14.42.jpeg?fit=1599%2C1200&ssl=1","jetpack_sharing_enabled":true,"_links":{"self":[{"href":"https:\/\/cdnoticias.com\/index.php\/wp-json\/wp\/v2\/posts\/85231","targetHints":{"allow":["GET"]}}],"collection":[{"href":"https:\/\/cdnoticias.com\/index.php\/wp-json\/wp\/v2\/posts"}],"about":[{"href":"https:\/\/cdnoticias.com\/index.php\/wp-json\/wp\/v2\/types\/post"}],"author":[{"embeddable":true,"href":"https:\/\/cdnoticias.com\/index.php\/wp-json\/wp\/v2\/users\/6"}],"replies":[{"embeddable":true,"href":"https:\/\/cdnoticias.com\/index.php\/wp-json\/wp\/v2\/comments?post=85231"}],"version-history":[{"count":0,"href":"https:\/\/cdnoticias.com\/index.php\/wp-json\/wp\/v2\/posts\/85231\/revisions"}],"wp:featuredmedia":[{"embeddable":true,"href":"https:\/\/cdnoticias.com\/index.php\/wp-json\/wp\/v2\/media\/37656"}],"wp:attachment":[{"href":"https:\/\/cdnoticias.com\/index.php\/wp-json\/wp\/v2\/media?parent=85231"}],"wp:term":[{"taxonomy":"category","embeddable":true,"href":"https:\/\/cdnoticias.com\/index.php\/wp-json\/wp\/v2\/categories?post=85231"},{"taxonomy":"post_tag","embeddable":true,"href":"https:\/\/cdnoticias.com\/index.php\/wp-json\/wp\/v2\/tags?post=85231"}],"curies":[{"name":"wp","href":"https:\/\/api.w.org\/{rel}","templated":true}]}}