{"id":85225,"date":"2023-05-17T17:29:29","date_gmt":"2023-05-17T20:29:29","guid":{"rendered":"https:\/\/www.centraldenoticias.com.ar\/?p=85225"},"modified":"2023-05-17T18:08:06","modified_gmt":"2023-05-17T21:08:06","slug":"galli-firmo-el-decreto-de-adjudicacion-para-la-obra-de-gas-en-la-arana","status":"publish","type":"post","link":"https:\/\/cdnoticias.com\/index.php\/2023\/05\/17\/galli-firmo-el-decreto-de-adjudicacion-para-la-obra-de-gas-en-la-arana\/","title":{"rendered":"Galli firm\u00f3 el decreto de adjudicaci\u00f3n para la obra de gas en La Ara\u00f1a"},"content":{"rendered":"<p>&#8220;Nuestra premisa es que nunca prometemos obras que no podemos llevar a cabo y este es un claro ejemplo de esta modalidad&#8221; expres\u00f3 el Intendente. <!--more--><\/p>\n<hr \/>\n<p>Este martes el <strong>intendente Ezequiel Galli firm\u00f3 el decreto de adjudicaci\u00f3n de la obra de construcci\u00f3n de red de gas en el barrio La Ara\u00f1a<\/strong>, que anunci\u00f3 en noviembre pasado cuando se inaugur\u00f3 la obra de pavimento.<\/p>\n<p>&nbsp;<\/p>\n<p>En este sentido, el jefe comunal expres\u00f3 que <em><strong>&#8220;nuestra premisa es que nunca prometemos obras que no podemos llevar a cabo y este es un claro ejemplo de esta modalidad. Fuimos responsables con las arcas del Municipio y con los vecinos. Cuando tuvimos la posibilidad de hacerla, la anunciamos y ahora estamos por comenzar&#8221;.\u00a0<\/strong><\/em><\/p>\n<p>&nbsp;<\/p>\n<p><img data-recalc-dims=\"1\" loading=\"lazy\" decoding=\"async\" class=\"aligncenter wp-image-85226 size-full\" src=\"https:\/\/i0.wp.com\/cdnoticias.com\/wp-content\/uploads\/2023\/05\/arana1.jpg?resize=800%2C535&#038;ssl=1\" alt=\"\" width=\"800\" height=\"535\" srcset=\"https:\/\/i0.wp.com\/cdnoticias.com\/wp-content\/uploads\/2023\/05\/arana1.jpg?w=1024&amp;ssl=1 1024w, https:\/\/i0.wp.com\/cdnoticias.com\/wp-content\/uploads\/2023\/05\/arana1.jpg?resize=300%2C201&amp;ssl=1 300w, https:\/\/i0.wp.com\/cdnoticias.com\/wp-content\/uploads\/2023\/05\/arana1.jpg?resize=768%2C514&amp;ssl=1 768w, https:\/\/i0.wp.com\/cdnoticias.com\/wp-content\/uploads\/2023\/05\/arana1.jpg?resize=272%2C182&amp;ssl=1 272w\" sizes=\"auto, (max-width: 800px) 100vw, 800px\" \/><\/p>\n<p>&nbsp;<\/p>\n<p>La obra, que requiere una<strong> inversi\u00f3n superior a los 20 millones de pesos,<\/strong> est\u00e1 &#8220;destinada a mejorar la calidad de vida de los ciudadanos que son beneficiarios de la red de gas y cumple con la necesidad del servicio de los vecinos, adem\u00e1s de cumplir con el anuncio realizado por el intendente municipal a mediados de noviembre del 2022, en el marco de la inauguraci\u00f3n de las obras de pavimento en ese punto de la ciudad&#8221;.<\/p>\n<p>&nbsp;<\/p>\n<p><em><strong>&#8220;Obras que se anuncian, obras que se finalizan es m\u00e1s que un slogan. Es una manera de concebir la funci\u00f3n p\u00fablica: con compromiso y responsabilidad<\/strong><\/em>&#8221; cerr\u00f3 el propio Galli tras la firma del mencionado decreto.<\/p>\n","protected":false},"excerpt":{"rendered":"<p>&#8220;Nuestra premisa es que nunca prometemos obras que no podemos llevar a cabo y este es un claro ejemplo de<\/p>\n","protected":false},"author":6,"featured_media":62447,"comment_status":"closed","ping_status":"closed","sticky":false,"template":"","format":"standard","meta":{"_jetpack_memberships_contains_paid_content":false,"footnotes":""},"categories":[5,1],"tags":[],"class_list":["post-85225","post","type-post","status-publish","format-standard","has-post-thumbnail","hentry","category-informacion-general","category-portada"],"jetpack_featured_media_url":"https:\/\/i0.wp.com\/cdnoticias.com\/wp-content\/uploads\/2022\/08\/barrio-la-arana-1.jpg?fit=800%2C445&ssl=1","jetpack_sharing_enabled":true,"_links":{"self":[{"href":"https:\/\/cdnoticias.com\/index.php\/wp-json\/wp\/v2\/posts\/85225","targetHints":{"allow":["GET"]}}],"collection":[{"href":"https:\/\/cdnoticias.com\/index.php\/wp-json\/wp\/v2\/posts"}],"about":[{"href":"https:\/\/cdnoticias.com\/index.php\/wp-json\/wp\/v2\/types\/post"}],"author":[{"embeddable":true,"href":"https:\/\/cdnoticias.com\/index.php\/wp-json\/wp\/v2\/users\/6"}],"replies":[{"embeddable":true,"href":"https:\/\/cdnoticias.com\/index.php\/wp-json\/wp\/v2\/comments?post=85225"}],"version-history":[{"count":0,"href":"https:\/\/cdnoticias.com\/index.php\/wp-json\/wp\/v2\/posts\/85225\/revisions"}],"wp:featuredmedia":[{"embeddable":true,"href":"https:\/\/cdnoticias.com\/index.php\/wp-json\/wp\/v2\/media\/62447"}],"wp:attachment":[{"href":"https:\/\/cdnoticias.com\/index.php\/wp-json\/wp\/v2\/media?parent=85225"}],"wp:term":[{"taxonomy":"category","embeddable":true,"href":"https:\/\/cdnoticias.com\/index.php\/wp-json\/wp\/v2\/categories?post=85225"},{"taxonomy":"post_tag","embeddable":true,"href":"https:\/\/cdnoticias.com\/index.php\/wp-json\/wp\/v2\/tags?post=85225"}],"curies":[{"name":"wp","href":"https:\/\/api.w.org\/{rel}","templated":true}]}}