{"id":85158,"date":"2023-05-16T13:48:17","date_gmt":"2023-05-16T16:48:17","guid":{"rendered":"https:\/\/www.centraldenoticias.com.ar\/?p=85158"},"modified":"2023-05-16T16:30:55","modified_gmt":"2023-05-16T19:30:55","slug":"habra-paso-en-el-pro-en-olavarria-dalton-jauregui-se-prepara-para-encabezar","status":"publish","type":"post","link":"https:\/\/cdnoticias.com\/index.php\/2023\/05\/16\/habra-paso-en-el-pro-en-olavarria-dalton-jauregui-se-prepara-para-encabezar\/","title":{"rendered":"Habr\u00e1 PASO en el Pro en Olavarr\u00eda: Dalton J\u00e1uregui se prepara para encabezar"},"content":{"rendered":"<p>El acuerdo se alcanz\u00f3 este lunes para CABA y la Provincia, y tendr\u00e1 impacto en Olavarr\u00eda. Al menos cuatro sectores pol\u00edticos confluyen en la l\u00ednea \u201cbullrichista\u201d que presentar\u00e1 una interna contra Galli.<\/p>\n<p><!--more--><\/p>\n<hr \/>\n<p>Este lunes hubo una <strong>reuni\u00f3n entre los m\u00e1ximos referentes del Pro a nivel nacional<\/strong> y las definiciones impactar\u00e1n directamente sobre <strong>las PASO en Olavarr\u00eda: se confirm\u00f3 que el \u201cbullrichismo\u201d tendr\u00e1 internas en la provincia.<\/strong><\/p>\n<p>&nbsp;<\/p>\n<blockquote><p>En ese marco, el dirigente Dalton J\u00e1uregui se prepara para ser precandidato y competir directamente contra Ezequiel Galli. El ex funcionario municipal de Olavarr\u00eda y ex senador provincial lo confirm\u00f3 a <strong>Central de Noticias<\/strong>.<\/p><\/blockquote>\n<p>&nbsp;<\/p>\n<p>El <strong>referente olavarriense del precandidato a gobernador por esa l\u00ednea, Cristian Ritondo<\/strong>, <a href=\"https:\/\/cdnoticias.com\/index.php\/2022\/09\/30\/ritondo-estuvo-en-olavarria-y-mostro-a-dalton-jauregui-como-alternativa-local\/\" target=\"_blank\" rel=\"noopener\">se present\u00f3 en septiembre del a\u00f1o pasado con intenciones de competir por la intendencia<\/a> y comenz\u00f3 a delinear un armado seccional y, <a href=\"https:\/\/cdnoticias.com\/index.php\/2023\/05\/14\/se-hace-camino-al-andar-ahora-todos-juntos\/\" target=\"_blank\" rel=\"noopener\">en los \u00faltimos d\u00edas, retom\u00f3 sus recorridas<\/a>.<\/p>\n<p>&nbsp;<\/p>\n<p><img data-recalc-dims=\"1\" loading=\"lazy\" decoding=\"async\" class=\"size-large wp-image-66104 aligncenter\" src=\"https:\/\/i0.wp.com\/cdnoticias.com\/wp-content\/uploads\/2022\/09\/dalton-jauregui.jpg?resize=800%2C480&#038;ssl=1\" alt=\"\" width=\"800\" height=\"480\" srcset=\"https:\/\/i0.wp.com\/cdnoticias.com\/wp-content\/uploads\/2022\/09\/dalton-jauregui-scaled.jpg?resize=1024%2C614&amp;ssl=1 1024w, https:\/\/i0.wp.com\/cdnoticias.com\/wp-content\/uploads\/2022\/09\/dalton-jauregui-scaled.jpg?resize=300%2C180&amp;ssl=1 300w, https:\/\/i0.wp.com\/cdnoticias.com\/wp-content\/uploads\/2022\/09\/dalton-jauregui-scaled.jpg?resize=768%2C461&amp;ssl=1 768w, https:\/\/i0.wp.com\/cdnoticias.com\/wp-content\/uploads\/2022\/09\/dalton-jauregui-scaled.jpg?resize=1536%2C922&amp;ssl=1 1536w, https:\/\/i0.wp.com\/cdnoticias.com\/wp-content\/uploads\/2022\/09\/dalton-jauregui-scaled.jpg?resize=2048%2C1229&amp;ssl=1 2048w, https:\/\/i0.wp.com\/cdnoticias.com\/wp-content\/uploads\/2022\/09\/dalton-jauregui-scaled.jpg?w=1600&amp;ssl=1 1600w, https:\/\/i0.wp.com\/cdnoticias.com\/wp-content\/uploads\/2022\/09\/dalton-jauregui-scaled.jpg?w=2400&amp;ssl=1 2400w\" sizes=\"auto, (max-width: 800px) 100vw, 800px\" \/><\/p>\n<p>&nbsp;<\/p>\n<p><strong>J\u00e1uregui estuvo en distintos distritos de la S\u00e9ptima<\/strong> y adelant\u00f3 que el viernes pr\u00f3ximo el precandidato<strong> Ritondo viajar\u00eda a la ciudad de Roque P\u00e9rez<\/strong>.<\/p>\n<p>&nbsp;<\/p>\n<p>No obstante, cabe aclarar que <strong>al menos cuatro sectores confluyen en el armado de este espacio en Olavarr\u00eda<\/strong>. En principio, se cuentan entre ellos <strong>Andrea Coronel con el vecinalismo<\/strong>, <a href=\"https:\/\/cdnoticias.com\/index.php\/2023\/04\/13\/andrea-coronel-vemos-en-patricia-bullrich-una-dirigente-con-verdaderas-convicciones\/\" target=\"_blank\" rel=\"noopener\">quien se present\u00f3 como la primera referente bullrichista local<\/a>.<\/p>\n<p>&nbsp;<\/p>\n<p>Adem\u00e1s, se suman los<strong> aunados en el \u201cmonzo\u00edsmo\u201d<\/strong> y el sector del radicalismo referenciado en el oficialismo provincial, <strong>Adelante Radicales Olavarr\u00eda<\/strong>, y que en nuestra ciudad impulsa a la figura de Marcelo Spina. Trascendi\u00f3 en los \u00faltimos d\u00edas que este espacio, que tiene como m\u00e1ximo dirigente al presidente de UCR bonaerense, <em>Maximiliano Abad, habr\u00eda mantenido contactos con representantes de Patricia Bullrich para incorporarse al armado en la provincia<\/em>.<\/p>\n<p>&nbsp;<\/p>\n<blockquote><p>\u201cEntre nosotros no nos estamos disputando nada\u201d dijo a <strong>Central de Noticias<\/strong> uno de los integrantes de estos cuatro sectores que confluyen en el armado local con el que dentro de Juntos buscar\u00e1n llegar a una PASO contra el actual intendente. Busc\u00f3 as\u00ed mostrar los buenos t\u00e9rminos en que los participantes vienen manteniendo di\u00e1logo y que coinciden en la intenci\u00f3n de disputar la interna local.<\/p><\/blockquote>\n<p>&nbsp;<\/p>\n<p><strong>Acuerdo por CABA y Provincia de Buenos Aires<\/strong><\/p>\n<p>&nbsp;<\/p>\n<p>Seg\u00fan inform\u00f3 la Agencia DIB, <strong>el PRO acord\u00f3 este lunes que finalmente habr\u00e1 candidato \u00fanico en la Ciudad de Buenos Aires y PASO en la provincia<\/strong> durante una reuni\u00f3n en la que participaron los precandidatos presidenciales Patricia Bullrich y Horacio Rodr\u00edguez Larreta, as\u00ed como tambi\u00e9n Mauricio Macri y Mar\u00eda Eugenia Vidal.<\/p>\n<p>&nbsp;<\/p>\n<p>\u201cHoy los dos precandidatos a presidentes del PRO nos reunimos en un desayuno de trabajo y<strong> acordamos las siguientes definiciones\u201d<\/strong>, informaron en un comunicado conjunto.<\/p>\n<p>&nbsp;<\/p>\n<blockquote><p>Entre las decisiones, enumeraron: \u201cEn la provincia de Buenos Aires, cada precandidato a presidente del PRO tendr\u00e1 su propio precandidato a gobernador, por lo que habr\u00e1 PASO en esta categor\u00eda\u201d. De esa manera, Cristian Ritondo -por Bullrich- tendr\u00eda asegurada la posibilidad de competir contra Diego Santilli -por Larreta- en la carrera por la gobernaci\u00f3n.<\/p><\/blockquote>\n<p>&nbsp;<\/p>\n<p><img data-recalc-dims=\"1\" loading=\"lazy\" decoding=\"async\" class=\"size-large wp-image-76145 aligncenter\" src=\"https:\/\/i0.wp.com\/cdnoticias.com\/wp-content\/uploads\/2023\/02\/pro-ssbb11.jpg?resize=800%2C445&#038;ssl=1\" alt=\"\" width=\"800\" height=\"445\" srcset=\"https:\/\/i0.wp.com\/cdnoticias.com\/wp-content\/uploads\/2023\/02\/pro-ssbb11-scaled.jpg?resize=1024%2C569&amp;ssl=1 1024w, https:\/\/i0.wp.com\/cdnoticias.com\/wp-content\/uploads\/2023\/02\/pro-ssbb11-scaled.jpg?resize=300%2C167&amp;ssl=1 300w, https:\/\/i0.wp.com\/cdnoticias.com\/wp-content\/uploads\/2023\/02\/pro-ssbb11-scaled.jpg?resize=768%2C427&amp;ssl=1 768w, https:\/\/i0.wp.com\/cdnoticias.com\/wp-content\/uploads\/2023\/02\/pro-ssbb11-scaled.jpg?resize=1536%2C854&amp;ssl=1 1536w, https:\/\/i0.wp.com\/cdnoticias.com\/wp-content\/uploads\/2023\/02\/pro-ssbb11-scaled.jpg?resize=2048%2C1139&amp;ssl=1 2048w, https:\/\/i0.wp.com\/cdnoticias.com\/wp-content\/uploads\/2023\/02\/pro-ssbb11-scaled.jpg?resize=800%2C445&amp;ssl=1 800w, https:\/\/i0.wp.com\/cdnoticias.com\/wp-content\/uploads\/2023\/02\/pro-ssbb11-scaled.jpg?w=1600&amp;ssl=1 1600w, https:\/\/i0.wp.com\/cdnoticias.com\/wp-content\/uploads\/2023\/02\/pro-ssbb11-scaled.jpg?w=2400&amp;ssl=1 2400w\" sizes=\"auto, (max-width: 800px) 100vw, 800px\" \/><\/p>\n<p>&nbsp;<\/p>\n<p>Informaron adem\u00e1s que \u201chabr\u00e1 un precandidato \u00fanico a Jefe de Gobierno de la Ciudad que represente al PRO\u201d. En el comunicado detallaron que<strong> el postulante \u201cse definir\u00e1 por encuestas que se realizar\u00e1n en los pr\u00f3ximos d\u00edas.<\/strong> Hacia fines de mayo, de acuerdo a los resultados, se decidir\u00e1 qui\u00e9n es el precandidato \u00fanico\u201d.<\/p>\n<p>&nbsp;<\/p>\n<p>Por \u00faltimo se\u00f1alaron que los equipos de campa\u00f1a de Bullrich y Larreta \u201cavanzar\u00e1n juntos en temas operativos como fiscalizaci\u00f3n de la elecci\u00f3n y boletas y una posici\u00f3n \u00fanica del PRO en relaci\u00f3n a la <strong>incorporaci\u00f3n de nuevas fuerzas pol\u00edticas a Juntos por el Cambio\u201d<\/strong>. Finalizaron: \u201cAl igual que lo hicimos esta ma\u00f1ana, mantendremos reuniones peri\u00f3dicas que nos permitan avanzar en los temas pendientes, cuidando la unidad del PRO y de Juntos por el Cambio\u201d.<\/p>\n<p>&nbsp;<\/p>\n","protected":false},"excerpt":{"rendered":"<p>El acuerdo se alcanz\u00f3 este lunes para CABA y la Provincia, y tendr\u00e1 impacto en Olavarr\u00eda. Al menos cuatro sectores<\/p>\n","protected":false},"author":4,"featured_media":70500,"comment_status":"closed","ping_status":"closed","sticky":false,"template":"","format":"standard","meta":{"_jetpack_memberships_contains_paid_content":false,"footnotes":""},"categories":[4,1],"tags":[],"class_list":["post-85158","post","type-post","status-publish","format-standard","has-post-thumbnail","hentry","category-politica","category-portada"],"jetpack_featured_media_url":"https:\/\/i0.wp.com\/cdnoticias.com\/wp-content\/uploads\/2022\/11\/dalton-jauregui-cristian-ritondo.jpg?fit=800%2C445&ssl=1","jetpack_sharing_enabled":true,"_links":{"self":[{"href":"https:\/\/cdnoticias.com\/index.php\/wp-json\/wp\/v2\/posts\/85158","targetHints":{"allow":["GET"]}}],"collection":[{"href":"https:\/\/cdnoticias.com\/index.php\/wp-json\/wp\/v2\/posts"}],"about":[{"href":"https:\/\/cdnoticias.com\/index.php\/wp-json\/wp\/v2\/types\/post"}],"author":[{"embeddable":true,"href":"https:\/\/cdnoticias.com\/index.php\/wp-json\/wp\/v2\/users\/4"}],"replies":[{"embeddable":true,"href":"https:\/\/cdnoticias.com\/index.php\/wp-json\/wp\/v2\/comments?post=85158"}],"version-history":[{"count":0,"href":"https:\/\/cdnoticias.com\/index.php\/wp-json\/wp\/v2\/posts\/85158\/revisions"}],"wp:featuredmedia":[{"embeddable":true,"href":"https:\/\/cdnoticias.com\/index.php\/wp-json\/wp\/v2\/media\/70500"}],"wp:attachment":[{"href":"https:\/\/cdnoticias.com\/index.php\/wp-json\/wp\/v2\/media?parent=85158"}],"wp:term":[{"taxonomy":"category","embeddable":true,"href":"https:\/\/cdnoticias.com\/index.php\/wp-json\/wp\/v2\/categories?post=85158"},{"taxonomy":"post_tag","embeddable":true,"href":"https:\/\/cdnoticias.com\/index.php\/wp-json\/wp\/v2\/tags?post=85158"}],"curies":[{"name":"wp","href":"https:\/\/api.w.org\/{rel}","templated":true}]}}