{"id":85144,"date":"2023-05-16T19:32:29","date_gmt":"2023-05-16T22:32:29","guid":{"rendered":"https:\/\/www.centraldenoticias.com.ar\/?p=85144"},"modified":"2023-05-16T19:32:29","modified_gmt":"2023-05-16T22:32:29","slug":"eduardo-rodriguez-celebro-la-concrecion-del-colector-cloacal-norte","status":"publish","type":"post","link":"https:\/\/cdnoticias.com\/index.php\/2023\/05\/16\/eduardo-rodriguez-celebro-la-concrecion-del-colector-cloacal-norte\/","title":{"rendered":"Eduardo Rodr\u00edguez celebr\u00f3 la concreci\u00f3n del Colector Cloacal Norte"},"content":{"rendered":"<p>Destac\u00f3 el financiamiento nacional para concretar la hist\u00f3rica obra y el alcance que beneficiar\u00e1 a una importante cantidad de vecinos de la ciudad.<!--more--><\/p>\n<hr \/>\n<p><strong>\u201cEl Gobierno Nacional financiar\u00e1 la hist\u00f3rica obra del Colector Cloacal Norte y celebramos su concreci\u00f3n\u201d<\/strong>, se\u00f1al\u00f3 Eduardo Rodr\u00edguez, precandidato a intendente del Frente de Todos, tras el anuncio del llamado a licitaci\u00f3n de las primeras etapas de la obra.<\/p>\n<p>&nbsp;<\/p>\n<p>Eduardo Rodr\u00edguez, destac\u00f3 \u201cel<strong> financiamiento del Gobierno Nacional<\/strong> para concretar la hist\u00f3rica obra que permitir\u00e1 llegar con el servicio de cloacas a una importante cantidad de vecinos de Olavarr\u00eda\u201d.<\/p>\n<p>&nbsp;<\/p>\n<blockquote><p>\u201cEs muy importante la decisi\u00f3n del Ministro de Obras P\u00fablicas de la Naci\u00f3n, Gabriel Katopodis, y del titular del Ente Nacional de Obras H\u00eddricas y de Saneamiento (ENOHSA), N\u00e9stor \u00c1lvarez, que dispondr\u00e1 de los recursos para que el Municipio pueda llevar adelante la construcci\u00f3n de la obra\u201d indic\u00f3.<\/p><\/blockquote>\n<p>&nbsp;<\/p>\n<p>\u201cEstos recursos del Gobierno Nacional se suman a otros de Naci\u00f3n y Provincia que posibilitan que los olavarrienses podamos tener obras necesarias para mejorar la calidad de vida\u201d concluy\u00f3 Eduardo Rodr\u00edguez.<\/p>\n<p>&nbsp;<\/p>\n<blockquote class=\"wp-embedded-content\" data-secret=\"r1rq8WHFcm\"><p><a href=\"https:\/\/cdnoticias.com\/index.php\/2023\/05\/16\/en-junio-se-licitara-la-construccion-del-colector-cloacal-norte\/\">En junio se licitar\u00e1 la construcci\u00f3n del colector cloacal norte<\/a><\/p><\/blockquote>\n<p><iframe loading=\"lazy\" class=\"wp-embedded-content\" sandbox=\"allow-scripts\" security=\"restricted\" style=\"position: absolute; clip: rect(1px, 1px, 1px, 1px);\" title=\"&#8220;En junio se licitar\u00e1 la construcci\u00f3n del colector cloacal norte&#8221; &#8212; Central de Noticias | Olavarr\u00eda\" src=\"https:\/\/cdnoticias.com\/index.php\/2023\/05\/16\/en-junio-se-licitara-la-construccion-del-colector-cloacal-norte\/embed\/#?secret=qDkQOBIE6k#?secret=r1rq8WHFcm\" data-secret=\"r1rq8WHFcm\" width=\"600\" height=\"338\" frameborder=\"0\" marginwidth=\"0\" marginheight=\"0\" scrolling=\"no\"><\/iframe><\/p>\n","protected":false},"excerpt":{"rendered":"<p>Destac\u00f3 el financiamiento nacional para concretar la hist\u00f3rica obra y el alcance que beneficiar\u00e1 a una importante cantidad de vecinos<\/p>\n","protected":false},"author":5,"featured_media":84148,"comment_status":"closed","ping_status":"closed","sticky":false,"template":"","format":"standard","meta":{"_jetpack_memberships_contains_paid_content":false,"footnotes":""},"categories":[4,1],"tags":[],"class_list":["post-85144","post","type-post","status-publish","format-standard","has-post-thumbnail","hentry","category-politica","category-portada"],"jetpack_featured_media_url":"https:\/\/i0.wp.com\/cdnoticias.com\/wp-content\/uploads\/2023\/05\/eduardo-rodriguez-03-scaled.jpg?fit=2560%2C1424&ssl=1","jetpack_sharing_enabled":true,"_links":{"self":[{"href":"https:\/\/cdnoticias.com\/index.php\/wp-json\/wp\/v2\/posts\/85144","targetHints":{"allow":["GET"]}}],"collection":[{"href":"https:\/\/cdnoticias.com\/index.php\/wp-json\/wp\/v2\/posts"}],"about":[{"href":"https:\/\/cdnoticias.com\/index.php\/wp-json\/wp\/v2\/types\/post"}],"author":[{"embeddable":true,"href":"https:\/\/cdnoticias.com\/index.php\/wp-json\/wp\/v2\/users\/5"}],"replies":[{"embeddable":true,"href":"https:\/\/cdnoticias.com\/index.php\/wp-json\/wp\/v2\/comments?post=85144"}],"version-history":[{"count":0,"href":"https:\/\/cdnoticias.com\/index.php\/wp-json\/wp\/v2\/posts\/85144\/revisions"}],"wp:featuredmedia":[{"embeddable":true,"href":"https:\/\/cdnoticias.com\/index.php\/wp-json\/wp\/v2\/media\/84148"}],"wp:attachment":[{"href":"https:\/\/cdnoticias.com\/index.php\/wp-json\/wp\/v2\/media?parent=85144"}],"wp:term":[{"taxonomy":"category","embeddable":true,"href":"https:\/\/cdnoticias.com\/index.php\/wp-json\/wp\/v2\/categories?post=85144"},{"taxonomy":"post_tag","embeddable":true,"href":"https:\/\/cdnoticias.com\/index.php\/wp-json\/wp\/v2\/tags?post=85144"}],"curies":[{"name":"wp","href":"https:\/\/api.w.org\/{rel}","templated":true}]}}