{"id":8509,"date":"2020-12-09T09:51:57","date_gmt":"2020-12-09T12:51:57","guid":{"rendered":"http:\/\/www.centraldenoticias.com.ar\/?p=8509"},"modified":"2020-12-09T09:51:57","modified_gmt":"2020-12-09T12:51:57","slug":"beto-melendi-en-el-otro-espejo","status":"publish","type":"post","link":"https:\/\/cdnoticias.com\/index.php\/2020\/12\/09\/beto-melendi-en-el-otro-espejo\/","title":{"rendered":"Beto Melendi en \u201cEl otro espejo\u201d"},"content":{"rendered":"<p>El titiritero, m\u00fasico y actor ser\u00e1 protagonista del ciclo de charlas con Benjam\u00edn Aitala, director del Centro Cultural Municipal. Este mi\u00e9rcoles desde las 18 se transmite por Instagram Live.<!--more--><\/p>\n<hr \/>\n<p>En el marco del <strong>ciclo \u201cEl otro espejo\u201d<\/strong>, referentes culturales de nuestra ciudad establecen un di\u00e1logo ameno y distendido con <strong>Benjam\u00edn Aitala, director del Centro Cultural Municipal \u201cSan Jos\u00e9\u201d, a trav\u00e9s de Instagram Live (IGTV)<\/strong>.<\/p>\n<p>Los encuentros virtuales se desarrollan <strong>todos los d\u00edas mi\u00e9rcoles a partir 18 horas<\/strong> y se transmiten a trav\u00e9s de la <strong>cuenta de Instagram @centrocultural.sanjose<\/strong>.<\/p>\n<blockquote><p>La pr\u00f3xima charla ser\u00e1 este mi\u00e9rcoles con \u201cBeto\u201d Melendi quien es titiritero, m\u00fasico y actor. Compartir\u00e1 gran parte de su recorrido por su vida y obra art\u00edstica.<\/p><\/blockquote>\n<p>La propuesta es impulsada por el equipo del Centro Cultural y se incluye dentro de las variadas iniciativas promovidas desde la Subsecretar\u00eda de Cultura y Educaci\u00f3n, en el contexto de pandemia.<\/p>\n<p>Este ciclo -que se llev\u00f3 a cabo durante los meses de octubre, noviembre y diciembre- cont\u00f3 con la participaci\u00f3n de importantes referentes de la cultura de Olavarr\u00eda, como Paula Ferrari, Guillermo del Zotto, Nora Sarazola, Ignacio Montoya Carlotto, Luciana Navarro, Diego Javier Rojas, Virginia Herb\u00f3n, Jano Chasman y Mar\u00eda In\u00e9s Banegas.<\/p>\n","protected":false},"excerpt":{"rendered":"<p>El titiritero, m\u00fasico y actor ser\u00e1 protagonista del ciclo de charlas con Benjam\u00edn Aitala, director del Centro Cultural Municipal. Este<\/p>\n","protected":false},"author":4,"featured_media":0,"comment_status":"closed","ping_status":"closed","sticky":false,"template":"","format":"standard","meta":{"_jetpack_memberships_contains_paid_content":false,"footnotes":""},"categories":[9,1],"tags":[],"class_list":["post-8509","post","type-post","status-publish","format-standard","hentry","category-cultura","category-portada"],"jetpack_featured_media_url":"","jetpack_sharing_enabled":true,"_links":{"self":[{"href":"https:\/\/cdnoticias.com\/index.php\/wp-json\/wp\/v2\/posts\/8509","targetHints":{"allow":["GET"]}}],"collection":[{"href":"https:\/\/cdnoticias.com\/index.php\/wp-json\/wp\/v2\/posts"}],"about":[{"href":"https:\/\/cdnoticias.com\/index.php\/wp-json\/wp\/v2\/types\/post"}],"author":[{"embeddable":true,"href":"https:\/\/cdnoticias.com\/index.php\/wp-json\/wp\/v2\/users\/4"}],"replies":[{"embeddable":true,"href":"https:\/\/cdnoticias.com\/index.php\/wp-json\/wp\/v2\/comments?post=8509"}],"version-history":[{"count":0,"href":"https:\/\/cdnoticias.com\/index.php\/wp-json\/wp\/v2\/posts\/8509\/revisions"}],"wp:attachment":[{"href":"https:\/\/cdnoticias.com\/index.php\/wp-json\/wp\/v2\/media?parent=8509"}],"wp:term":[{"taxonomy":"category","embeddable":true,"href":"https:\/\/cdnoticias.com\/index.php\/wp-json\/wp\/v2\/categories?post=8509"},{"taxonomy":"post_tag","embeddable":true,"href":"https:\/\/cdnoticias.com\/index.php\/wp-json\/wp\/v2\/tags?post=8509"}],"curies":[{"name":"wp","href":"https:\/\/api.w.org\/{rel}","templated":true}]}}