{"id":8507,"date":"2020-12-09T09:29:34","date_gmt":"2020-12-09T12:29:34","guid":{"rendered":"http:\/\/www.centraldenoticias.com.ar\/?p=8507"},"modified":"2020-12-09T11:58:15","modified_gmt":"2020-12-09T14:58:15","slug":"el-intendente-galli-pidio-licencia-y-sera-tratada-en-el-hcd","status":"publish","type":"post","link":"https:\/\/cdnoticias.com\/index.php\/2020\/12\/09\/el-intendente-galli-pidio-licencia-y-sera-tratada-en-el-hcd\/","title":{"rendered":"El Intendente Galli pidi\u00f3 licencia y ser\u00e1 tratada en el HCD"},"content":{"rendered":"<p>Ser\u00e1 durante todo el mes de febrero. Ser\u00e1 reemplazado por el concejal Juan Mujica, quien encabez\u00f3 la lista en 2019.<!--more--><\/p>\n<hr \/>\n<p>En una sesi\u00f3n con temas importantes y pol\u00e9micos, <strong>el Concejo Deliberante tratar\u00e1 en extraordinarias un pedido de licencia del Intendente Galli que durar\u00e1 todo febrero.<\/strong><\/p>\n<p>&nbsp;<\/p>\n<blockquote><p>Seg\u00fan establece el proyecto \u2013al que accedi\u00f3 Central de Noticias- solicita la licencia \u201cpor el periodo 2019-2023, desde el 1 al 28 de febrero de 2021\u201d.<\/p><\/blockquote>\n<p>&nbsp;<\/p>\n<p>Adem\u00e1s, <strong>tambi\u00e9n solicita la licencia, en el marco del Concejo Deliberante, del edil Juan Mujica que asumir\u00e1, en caso de aprobarse la propuesta, como intendente interino<\/strong> por encabezar la lista que consagr\u00f3 a Galli en 2019.<\/p>\n<p>&nbsp;<\/p>\n<p>Un dato a tener en cuenta es que <strong>en el lugar de Mujica asumir\u00e1 Guillermo Lascano<\/strong>, concejal hombre que sigue en la misma lista de Juntos por el Cambio en 2019.<\/p>\n","protected":false},"excerpt":{"rendered":"<p>Ser\u00e1 durante todo el mes de febrero. Ser\u00e1 reemplazado por el concejal Juan Mujica, quien encabez\u00f3 la lista en 2019.<\/p>\n","protected":false},"author":2,"featured_media":347,"comment_status":"closed","ping_status":"closed","sticky":false,"template":"","format":"standard","meta":{"_jetpack_memberships_contains_paid_content":false,"footnotes":""},"categories":[4,1],"tags":[],"class_list":["post-8507","post","type-post","status-publish","format-standard","has-post-thumbnail","hentry","category-politica","category-portada"],"jetpack_featured_media_url":"https:\/\/i0.wp.com\/cdnoticias.com\/wp-content\/uploads\/2020\/08\/EzequielGalli3.jpg?fit=1280%2C853&ssl=1","jetpack_sharing_enabled":true,"_links":{"self":[{"href":"https:\/\/cdnoticias.com\/index.php\/wp-json\/wp\/v2\/posts\/8507","targetHints":{"allow":["GET"]}}],"collection":[{"href":"https:\/\/cdnoticias.com\/index.php\/wp-json\/wp\/v2\/posts"}],"about":[{"href":"https:\/\/cdnoticias.com\/index.php\/wp-json\/wp\/v2\/types\/post"}],"author":[{"embeddable":true,"href":"https:\/\/cdnoticias.com\/index.php\/wp-json\/wp\/v2\/users\/2"}],"replies":[{"embeddable":true,"href":"https:\/\/cdnoticias.com\/index.php\/wp-json\/wp\/v2\/comments?post=8507"}],"version-history":[{"count":0,"href":"https:\/\/cdnoticias.com\/index.php\/wp-json\/wp\/v2\/posts\/8507\/revisions"}],"wp:featuredmedia":[{"embeddable":true,"href":"https:\/\/cdnoticias.com\/index.php\/wp-json\/wp\/v2\/media\/347"}],"wp:attachment":[{"href":"https:\/\/cdnoticias.com\/index.php\/wp-json\/wp\/v2\/media?parent=8507"}],"wp:term":[{"taxonomy":"category","embeddable":true,"href":"https:\/\/cdnoticias.com\/index.php\/wp-json\/wp\/v2\/categories?post=8507"},{"taxonomy":"post_tag","embeddable":true,"href":"https:\/\/cdnoticias.com\/index.php\/wp-json\/wp\/v2\/tags?post=8507"}],"curies":[{"name":"wp","href":"https:\/\/api.w.org\/{rel}","templated":true}]}}