{"id":85002,"date":"2023-05-15T17:01:53","date_gmt":"2023-05-15T20:01:53","guid":{"rendered":"https:\/\/www.centraldenoticias.com.ar\/?p=85002"},"modified":"2023-05-15T17:01:53","modified_gmt":"2023-05-15T20:01:53","slug":"hcd-avanza-el-tratamiento-de-la-rendicion-de-cuentas-2022","status":"publish","type":"post","link":"https:\/\/cdnoticias.com\/index.php\/2023\/05\/15\/hcd-avanza-el-tratamiento-de-la-rendicion-de-cuentas-2022\/","title":{"rendered":"HCD: avanza el tratamiento de la Rendici\u00f3n de Cuentas 2022"},"content":{"rendered":"<p>La secretar\u00eda de Econom\u00eda y Hacienda, Mar\u00eda Eugenia Bezzoni, estuvo este lunes en el Concejo, convocada por la comisi\u00f3n de Hacienda.<\/p>\n<p><!--more--><\/p>\n<hr \/>\n<p><strong>La comisi\u00f3n de Hacienda que preside el concejal Juan Mujica (Juntos)<\/strong>, recibi\u00f3 este lunes a la<strong> contadora Mar\u00eda Eugenia Bezzoni, titular de la secretar\u00eda de Econom\u00eda y Hacienda del gobierno municipal<\/strong>, y a la contadora Celeste Gallastegui.<\/p>\n<p>&nbsp;<\/p>\n<p>Las funcionarias fueron convocadas en el marco del <strong>tratamiento de la Rendici\u00f3n de Cuentas 2022.<\/strong><\/p>\n<p>&nbsp;<\/p>\n<p><img data-recalc-dims=\"1\" loading=\"lazy\" decoding=\"async\" class=\"size-full wp-image-85004 aligncenter\" src=\"https:\/\/i0.wp.com\/cdnoticias.com\/wp-content\/uploads\/2023\/05\/HCD-comision-de-hacienda-bezzoni-01.jpg?resize=800%2C445&#038;ssl=1\" alt=\"\" width=\"800\" height=\"445\" srcset=\"https:\/\/i0.wp.com\/cdnoticias.com\/wp-content\/uploads\/2023\/05\/HCD-comision-de-hacienda-bezzoni-01.jpg?w=800&amp;ssl=1 800w, https:\/\/i0.wp.com\/cdnoticias.com\/wp-content\/uploads\/2023\/05\/HCD-comision-de-hacienda-bezzoni-01.jpg?resize=300%2C167&amp;ssl=1 300w, https:\/\/i0.wp.com\/cdnoticias.com\/wp-content\/uploads\/2023\/05\/HCD-comision-de-hacienda-bezzoni-01.jpg?resize=768%2C427&amp;ssl=1 768w\" sizes=\"auto, (max-width: 800px) 100vw, 800px\" \/><\/p>\n<p>&nbsp;<\/p>\n<p>En la reuni\u00f3n estuvieron no solo los miembros de la comisi\u00f3n, sino m\u00e1s concejales que asistieron a la exposici\u00f3n y entre ellos<strong> la presidenta del HCD, Cecilia Krivochen.<\/strong><\/p>\n<p>&nbsp;<\/p>\n<p>El expediente <a href=\"https:\/\/cdnoticias.com\/index.php\/2023\/04\/05\/con-balance-superavitario-se-presento-la-rendicion-de-cuentas-2022\/\" target=\"_blank\" rel=\"noopener\">se analiza en el Legislativo desde el mes pasado<\/a> y en base a lo establecido en la Ley Org\u00e1nica de las Municipalidades, <strong>el tratamiento en sesi\u00f3n debe realizarse antes del final de mayo.<\/strong><\/p>\n<p>&nbsp;<\/p>\n<blockquote class=\"wp-embedded-content\" data-secret=\"qsoyxlOwP3\"><p><a href=\"https:\/\/cdnoticias.com\/index.php\/2023\/04\/05\/con-balance-superavitario-se-presento-la-rendicion-de-cuentas-2022\/\">Con balance superavitario, se present\u00f3 la rendici\u00f3n de cuentas 2022<\/a><\/p><\/blockquote>\n<p><iframe loading=\"lazy\" class=\"wp-embedded-content\" sandbox=\"allow-scripts\" security=\"restricted\" style=\"position: absolute; clip: rect(1px, 1px, 1px, 1px);\" title=\"&#8220;Con balance superavitario, se present\u00f3 la rendici\u00f3n de cuentas 2022&#8221; &#8212; Central de Noticias | Olavarr\u00eda\" src=\"https:\/\/cdnoticias.com\/index.php\/2023\/04\/05\/con-balance-superavitario-se-presento-la-rendicion-de-cuentas-2022\/embed\/#?secret=HSMrvhydld#?secret=qsoyxlOwP3\" data-secret=\"qsoyxlOwP3\" width=\"600\" height=\"338\" frameborder=\"0\" marginwidth=\"0\" marginheight=\"0\" scrolling=\"no\"><\/iframe><\/p>\n<p>&nbsp;<\/p>\n<p>&nbsp;<\/p>\n","protected":false},"excerpt":{"rendered":"<p>La secretar\u00eda de Econom\u00eda y Hacienda, Mar\u00eda Eugenia Bezzoni, estuvo este lunes en el Concejo, convocada por la comisi\u00f3n de<\/p>\n","protected":false},"author":4,"featured_media":85003,"comment_status":"closed","ping_status":"closed","sticky":false,"template":"","format":"standard","meta":{"_jetpack_memberships_contains_paid_content":false,"footnotes":""},"categories":[4,1],"tags":[],"class_list":["post-85002","post","type-post","status-publish","format-standard","has-post-thumbnail","hentry","category-politica","category-portada"],"jetpack_featured_media_url":"https:\/\/i0.wp.com\/cdnoticias.com\/wp-content\/uploads\/2023\/05\/HCD-comision-de-hacienda-bezzoni-00.jpg?fit=800%2C445&ssl=1","jetpack_sharing_enabled":true,"_links":{"self":[{"href":"https:\/\/cdnoticias.com\/index.php\/wp-json\/wp\/v2\/posts\/85002","targetHints":{"allow":["GET"]}}],"collection":[{"href":"https:\/\/cdnoticias.com\/index.php\/wp-json\/wp\/v2\/posts"}],"about":[{"href":"https:\/\/cdnoticias.com\/index.php\/wp-json\/wp\/v2\/types\/post"}],"author":[{"embeddable":true,"href":"https:\/\/cdnoticias.com\/index.php\/wp-json\/wp\/v2\/users\/4"}],"replies":[{"embeddable":true,"href":"https:\/\/cdnoticias.com\/index.php\/wp-json\/wp\/v2\/comments?post=85002"}],"version-history":[{"count":0,"href":"https:\/\/cdnoticias.com\/index.php\/wp-json\/wp\/v2\/posts\/85002\/revisions"}],"wp:featuredmedia":[{"embeddable":true,"href":"https:\/\/cdnoticias.com\/index.php\/wp-json\/wp\/v2\/media\/85003"}],"wp:attachment":[{"href":"https:\/\/cdnoticias.com\/index.php\/wp-json\/wp\/v2\/media?parent=85002"}],"wp:term":[{"taxonomy":"category","embeddable":true,"href":"https:\/\/cdnoticias.com\/index.php\/wp-json\/wp\/v2\/categories?post=85002"},{"taxonomy":"post_tag","embeddable":true,"href":"https:\/\/cdnoticias.com\/index.php\/wp-json\/wp\/v2\/tags?post=85002"}],"curies":[{"name":"wp","href":"https:\/\/api.w.org\/{rel}","templated":true}]}}