{"id":84974,"date":"2023-05-15T09:40:14","date_gmt":"2023-05-15T12:40:14","guid":{"rendered":"https:\/\/www.centraldenoticias.com.ar\/?p=84974"},"modified":"2023-05-15T11:03:35","modified_gmt":"2023-05-15T14:03:35","slug":"movilizacion-de-docentes-autoconvocados-vamos-a-trabajar-con-muchos-temores","status":"publish","type":"post","link":"https:\/\/cdnoticias.com\/index.php\/2023\/05\/15\/movilizacion-de-docentes-autoconvocados-vamos-a-trabajar-con-muchos-temores\/","title":{"rendered":"Movilizaci\u00f3n de docentes autoconvocados: \u201cVamos a trabajar con muchos temores\u201d"},"content":{"rendered":"<p>Una docente describi\u00f3 la situaci\u00f3n de sus pares ante distintas denuncias de abuso sexual en jardines. Este lunes a las 18:00 en la plaza central se reunir\u00e1n para visibilizar la situaci\u00f3n y pedir mayores protocolos y acompa\u00f1amiento.<!--more--><\/p>\n<hr \/>\n<p>Este <strong>lunes a las 18:00 en la plaza central,<\/strong> docentes autoconvocados se movilizar\u00e1n tras denuncias de abusos en jardines.<strong> La docente Nelly Aranda, habl\u00f3 con el programara radial Levantate (Radio Sapiens)<\/strong> y explic\u00f3 que, si bien este fue el detonante, hace tiempo que los docentes de distintos niveles temen recibir denuncias y ser escrachados en redes sociales.<\/p>\n<p>&nbsp;<\/p>\n<p>\u201cEsta situaci\u00f3n nos moviliza bastante.<strong> Nos organizamos porque nos sentimos vulnerados, atacados, vamos a trabajar con muchos temores.<\/strong> La marcha es en general, no por un caso particular sino porque hay varios casos repetidos y esto genera un mayor temor\u201d, explic\u00f3 la docente.<\/p>\n<p>&nbsp;<\/p>\n<p>Destac\u00f3 que <strong>\u201csiempre hay que dejar que la justicia actu\u00e9 sin interferir. Estamos hablando de ni\u00f1os y debemos protegerlos\u201d<\/strong> y agreg\u00f3: \u201csiempre vamos a considerar al ni\u00f1o en primer lugar, pero nos convocamos por estas cuestiones que est\u00e1n sucediendo en nuestra ciudad y en otras ciudades, principalmente en jardines pero tambi\u00e9n se dan en otros niveles, por lo tanto la convocatoria fue sumando niveles y tambi\u00e9n a los docentes de \u00e1reas especiales (docentes de m\u00fasica y educaci\u00f3n f\u00edsica) que son los m\u00e1s afectados\u201d.<\/p>\n<p>&nbsp;<\/p>\n<blockquote><p>Indic\u00f3 que los docentes tienen <strong>temor a su desempe\u00f1o en el aula<\/strong> y en muchas oportunidades no saben c\u00f3mo actuar. \u201cLos nenes en nivel inicial necesitan para su aprendizaje el afecto. No podemos sentir temor por dar un abrazo a un ni\u00f1o\u201d, se\u00f1al\u00f3 la docente.<\/p><\/blockquote>\n<p>&nbsp;<\/p>\n<p>Por otra parte, describi\u00f3 que \u201ccuando pasan estas denuncias, se genera un <strong>espiral de miedos<\/strong>, empiezan a aparecer una denuncia tras otras, los nenes son indagados en sus casas y esto no favorece a nadie, obviamente menos a los ni\u00f1os. <strong>No puede un docente estar trabajando con miedo y el nene absorbiendo ese miedo<\/strong>\u201d.<\/p>\n<p>&nbsp;<\/p>\n<p><img data-recalc-dims=\"1\" loading=\"lazy\" decoding=\"async\" class=\"aligncenter size-full wp-image-84893\" src=\"https:\/\/i0.wp.com\/cdnoticias.com\/wp-content\/uploads\/2023\/05\/WhatsApp-Image-2023-05-13-at-14.22.06-1.jpeg?resize=666%2C887&#038;ssl=1\" alt=\"\" width=\"666\" height=\"887\" srcset=\"https:\/\/i0.wp.com\/cdnoticias.com\/wp-content\/uploads\/2023\/05\/WhatsApp-Image-2023-05-13-at-14.22.06-1.jpeg?w=666&amp;ssl=1 666w, https:\/\/i0.wp.com\/cdnoticias.com\/wp-content\/uploads\/2023\/05\/WhatsApp-Image-2023-05-13-at-14.22.06-1.jpeg?resize=225%2C300&amp;ssl=1 225w\" sizes=\"auto, (max-width: 666px) 100vw, 666px\" \/><\/p>\n<p>&nbsp;<\/p>\n<p>Para ejemplificar la preocupaci\u00f3n de los docentes respecto a este tema, se\u00f1al\u00f3 que<strong> \u201cm\u00e1s de mil personas se sumaron al grupo de WhatsApp\u201d<\/strong> en el que comenz\u00f3 a girar la intenci\u00f3n de organizar una manifestaci\u00f3n.<\/p>\n<p>&nbsp;<\/p>\n<p>\u201c<strong>Hay casos de docentes con ataques de p\u00e1nico, con intentos de suicidios, fueron escrachados con nombre y apellido en las redes sociales, sin tener el veredicto.<\/strong> Entiendo el enojo de muchas personas porque un abuso es algo grave, que no se puede permitir y necesita una condena, hay que ser muy cautelosos al momento de expresarse en las redes sociales, al poner nombres de personas\u201d, indic\u00f3 Aranda.<\/p>\n<p>&nbsp;<\/p>\n<p>\u201c<strong>Necesitamos que bajen protocolos desde el Ministerio de Educaci\u00f3n, ya hay pero indudablemente no alcanzan.<\/strong> Por ejemplo, en los jardines de infantes tiene que haber un preceptor cada dos salas y en algunos hay un preceptor cada tres\u201d, acot\u00f3 y aclar\u00f3 que \u201ces obligatorio que el docente de \u00e1reas especiales no est\u00e9 solo con los ni\u00f1os\u201d.<\/p>\n","protected":false},"excerpt":{"rendered":"<p>Una docente describi\u00f3 la situaci\u00f3n de sus pares ante distintas denuncias de abuso sexual en jardines. Este lunes a las<\/p>\n","protected":false},"author":5,"featured_media":84894,"comment_status":"closed","ping_status":"closed","sticky":false,"template":"","format":"standard","meta":{"_jetpack_memberships_contains_paid_content":false,"footnotes":""},"categories":[5,1],"tags":[],"class_list":["post-84974","post","type-post","status-publish","format-standard","has-post-thumbnail","hentry","category-informacion-general","category-portada"],"jetpack_featured_media_url":"https:\/\/i0.wp.com\/cdnoticias.com\/wp-content\/uploads\/2023\/05\/WhatsApp-Image-2023-05-13-at-14.22.06-e1684010613818.jpeg?fit=667%2C322&ssl=1","jetpack_sharing_enabled":true,"_links":{"self":[{"href":"https:\/\/cdnoticias.com\/index.php\/wp-json\/wp\/v2\/posts\/84974","targetHints":{"allow":["GET"]}}],"collection":[{"href":"https:\/\/cdnoticias.com\/index.php\/wp-json\/wp\/v2\/posts"}],"about":[{"href":"https:\/\/cdnoticias.com\/index.php\/wp-json\/wp\/v2\/types\/post"}],"author":[{"embeddable":true,"href":"https:\/\/cdnoticias.com\/index.php\/wp-json\/wp\/v2\/users\/5"}],"replies":[{"embeddable":true,"href":"https:\/\/cdnoticias.com\/index.php\/wp-json\/wp\/v2\/comments?post=84974"}],"version-history":[{"count":0,"href":"https:\/\/cdnoticias.com\/index.php\/wp-json\/wp\/v2\/posts\/84974\/revisions"}],"wp:featuredmedia":[{"embeddable":true,"href":"https:\/\/cdnoticias.com\/index.php\/wp-json\/wp\/v2\/media\/84894"}],"wp:attachment":[{"href":"https:\/\/cdnoticias.com\/index.php\/wp-json\/wp\/v2\/media?parent=84974"}],"wp:term":[{"taxonomy":"category","embeddable":true,"href":"https:\/\/cdnoticias.com\/index.php\/wp-json\/wp\/v2\/categories?post=84974"},{"taxonomy":"post_tag","embeddable":true,"href":"https:\/\/cdnoticias.com\/index.php\/wp-json\/wp\/v2\/tags?post=84974"}],"curies":[{"name":"wp","href":"https:\/\/api.w.org\/{rel}","templated":true}]}}