{"id":8497,"date":"2020-12-09T08:39:00","date_gmt":"2020-12-09T11:39:00","guid":{"rendered":"http:\/\/www.centraldenoticias.com.ar\/?p=8497"},"modified":"2020-12-09T09:29:50","modified_gmt":"2020-12-09T12:29:50","slug":"criticas-a-la-postura-de-galli-de-no-suspender-las-paso-ideales-a-medida-del-consumidor","status":"publish","type":"post","link":"https:\/\/cdnoticias.com\/index.php\/2020\/12\/09\/criticas-a-la-postura-de-galli-de-no-suspender-las-paso-ideales-a-medida-del-consumidor\/","title":{"rendered":"Cr\u00edticas a la postura de Galli de no suspender las PASO: \u201cideales a medida del consumidor\u201d"},"content":{"rendered":"<p>El funcionario provincial y referente del Frente de Todos Federico Aguilera sali\u00f3 al cruce del jefe comunal quien se expres\u00f3 en contra de suspender las PASO. \u201cNo se ponen ni un poquito colorados\u201d dijo.<!--more--><\/p>\n<hr \/>\n<p>Tras la <a href=\"https:\/\/cdnoticias.com\/index.php\/2020\/12\/08\/galli-se-sumo-al-rechazo-a-la-posibilidad-de-suspension-de-las-paso\/\" target=\"_blank\" rel=\"noopener\">postura p\u00fablica del intendente Galli de mostrarse en contra de la suspensi\u00f3n de las PASO<\/a> en un comunicado conjunto de Juntos por el Cambio, <strong>varios dirigentes le salieron al cruce, entre ellos Federico Aguilera, funcionario provincial y referente del Frente de Todos a nivel local.<em> \u201cSon ideales a medida del consumidor\u201d<\/em> dijo.<\/strong><\/p>\n<p>&nbsp;<\/p>\n<p>Algunos le recordaron al jefe comunal un<strong> tuit de febrero de 2019 en donde ped\u00eda<em> \u201cser coherentes\u201d<\/em> y que <em>\u201cavancemos en la eliminaci\u00f3n de las PASO\u201d. \u201cMenos gasto para el Estado y una votaci\u00f3n menos para los vecinos\u201d.<\/em><\/strong><\/p>\n<p>&nbsp;<\/p>\n<p><img data-recalc-dims=\"1\" loading=\"lazy\" decoding=\"async\" class=\"alignnone size-full wp-image-8498\" src=\"https:\/\/i0.wp.com\/cdnoticias.com\/wp-content\/uploads\/2020\/12\/tuit-galli.jpg?resize=417%2C408&#038;ssl=1\" alt=\"\" width=\"417\" height=\"408\" srcset=\"https:\/\/i0.wp.com\/cdnoticias.com\/wp-content\/uploads\/2020\/12\/tuit-galli.jpg?w=417&amp;ssl=1 417w, https:\/\/i0.wp.com\/cdnoticias.com\/wp-content\/uploads\/2020\/12\/tuit-galli.jpg?resize=300%2C294&amp;ssl=1 300w\" sizes=\"auto, (max-width: 417px) 100vw, 417px\" \/><\/p>\n<p>&nbsp;<\/p>\n<p>Federico Aguilera, minutos despu\u00e9s del tuit de Galli con el comunicado de Juntos por el Cambio, tambi\u00e9n tuite\u00f3 y se\u00f1al\u00f3 que <em>\u201cHasta hace 6 meses estaban en contra de las PASO y de las reelecciones indefinidas en pos de la democracia y la rep\u00fablica. Hoy piden que no se suspendan las PASO y que haya reelecciones infinitas sin ponerse ni un poquito colorados\u201d.<\/em><\/p>\n<p>&nbsp;<\/p>\n<blockquote class=\"twitter-tweet\">\n<p dir=\"ltr\" lang=\"es\">Hasta hace 6 meses estaban en contra de las PASO y de las reelecciones indefinidas en pos de la democracia y la rep\u00fablica.Hoy piden que no se suspendan las PASO y que haya reelecciones infinitas sin ponerse ni un poquito colorados.En fin, ideales a medida del consumidor.<\/p>\n<p>\u2014 Federico Aguilera (@FedericoAguile5) <a href=\"https:\/\/twitter.com\/FedericoAguile5\/status\/1336434052216320003?ref_src=twsrc%5Etfw\">December 8, 2020<\/a><\/p><\/blockquote>\n<p><script async src=\"https:\/\/platform.twitter.com\/widgets.js\" charset=\"utf-8\"><\/script><\/p>\n<blockquote><p>\u201cEn fin, ideales a medida del consumidor\u201d cerr\u00f3 con una peque\u00f1a chicana el joven referente del Frente de Todos local.<\/p><\/blockquote>\n<p>&nbsp;<\/p>\n<p>Algunos voluntarios y dirigentes de Juntos por el Cambio pidieron en redes sociales no correr el eje del debate planteado por el espacio opositor:<strong><em> \u201cno es si son caras, el problema son las formas\u201d<\/em><\/strong> indicaron.<\/p>\n<p>&nbsp;<\/p>\n<p>Galli se\u00f1al\u00f3 que en caso de suspenderse la PASO <em>\u201cno es m\u00e1s que otra oportunidad perdida. Esta iniciativa es producto de una especulaci\u00f3n pol\u00edtica y nos aleja de la reforma electoral que tanto necesitamos\u201d.<\/em><\/p>\n<p>&nbsp;<\/p>\n<p><em>\u201cEl problema no son las PASO del a\u00f1o entrante, sino la forma en que seguimos votando en la Argentina del siglo XXI\u201d,<\/em> afirmaron y agregaron que<strong><em> \u201cla boleta \u00fanica y la ficha limpia nos permiten ser m\u00e1s transparentes, m\u00e1s \u00e1giles, evitar intenciones espurias y costos innecesarios en cada elecci\u00f3n\u201d.<\/em><\/strong><\/p>\n","protected":false},"excerpt":{"rendered":"<p>El funcionario provincial y referente del Frente de Todos Federico Aguilera sali\u00f3 al cruce del jefe comunal quien se expres\u00f3<\/p>\n","protected":false},"author":2,"featured_media":5091,"comment_status":"closed","ping_status":"closed","sticky":false,"template":"","format":"standard","meta":{"_jetpack_memberships_contains_paid_content":false,"footnotes":""},"categories":[4,1],"tags":[],"class_list":["post-8497","post","type-post","status-publish","format-standard","has-post-thumbnail","hentry","category-politica","category-portada"],"jetpack_featured_media_url":"https:\/\/i0.wp.com\/cdnoticias.com\/wp-content\/uploads\/2020\/10\/visita4.jpg?fit=720%2C454&ssl=1","jetpack_sharing_enabled":true,"_links":{"self":[{"href":"https:\/\/cdnoticias.com\/index.php\/wp-json\/wp\/v2\/posts\/8497","targetHints":{"allow":["GET"]}}],"collection":[{"href":"https:\/\/cdnoticias.com\/index.php\/wp-json\/wp\/v2\/posts"}],"about":[{"href":"https:\/\/cdnoticias.com\/index.php\/wp-json\/wp\/v2\/types\/post"}],"author":[{"embeddable":true,"href":"https:\/\/cdnoticias.com\/index.php\/wp-json\/wp\/v2\/users\/2"}],"replies":[{"embeddable":true,"href":"https:\/\/cdnoticias.com\/index.php\/wp-json\/wp\/v2\/comments?post=8497"}],"version-history":[{"count":0,"href":"https:\/\/cdnoticias.com\/index.php\/wp-json\/wp\/v2\/posts\/8497\/revisions"}],"wp:featuredmedia":[{"embeddable":true,"href":"https:\/\/cdnoticias.com\/index.php\/wp-json\/wp\/v2\/media\/5091"}],"wp:attachment":[{"href":"https:\/\/cdnoticias.com\/index.php\/wp-json\/wp\/v2\/media?parent=8497"}],"wp:term":[{"taxonomy":"category","embeddable":true,"href":"https:\/\/cdnoticias.com\/index.php\/wp-json\/wp\/v2\/categories?post=8497"},{"taxonomy":"post_tag","embeddable":true,"href":"https:\/\/cdnoticias.com\/index.php\/wp-json\/wp\/v2\/tags?post=8497"}],"curies":[{"name":"wp","href":"https:\/\/api.w.org\/{rel}","templated":true}]}}