{"id":84964,"date":"2023-05-14T20:02:55","date_gmt":"2023-05-14T23:02:55","guid":{"rendered":"https:\/\/www.centraldenoticias.com.ar\/?p=84964"},"modified":"2023-05-14T20:02:55","modified_gmt":"2023-05-14T23:02:55","slug":"se-hace-camino-al-andar-ahora-todos-juntos","status":"publish","type":"post","link":"https:\/\/cdnoticias.com\/index.php\/2023\/05\/14\/se-hace-camino-al-andar-ahora-todos-juntos\/","title":{"rendered":"Se hace camino al andar (ahora todos juntos)\u00a0"},"content":{"rendered":"<p>El s\u00e1bado por la ma\u00f1ana, sobredosis de precandidatos y militancia. La recepci\u00f3n y los objetivos. Cerro Largo, La M\u00e1xima y legislar para siempre. Mientras Olavarr\u00eda sigue, el verdurazo marc\u00f3 un punto llamativo de protesta y necesidad. <!--more--><\/p>\n<hr \/>\n<p><em>Por Volver a las Fuentes \u2013 Alexis Grierson y Josefina Bargas<\/em><\/p>\n<p>&nbsp;<\/p>\n<p><span style=\"text-decoration: underline;\"><strong>Los precandidatos de recorrida<\/strong><\/span><\/p>\n<p>&nbsp;<\/p>\n<p><img data-recalc-dims=\"1\" loading=\"lazy\" decoding=\"async\" class=\"alignnone size-large wp-image-84911\" src=\"https:\/\/i0.wp.com\/cdnoticias.com\/wp-content\/uploads\/2023\/05\/WhatsApp-Image-2023-05-13-at-17.20.37.jpeg?resize=800%2C532&#038;ssl=1\" alt=\"\" width=\"800\" height=\"532\" srcset=\"https:\/\/i0.wp.com\/cdnoticias.com\/wp-content\/uploads\/2023\/05\/WhatsApp-Image-2023-05-13-at-17.20.37.jpeg?resize=1024%2C681&amp;ssl=1 1024w, https:\/\/i0.wp.com\/cdnoticias.com\/wp-content\/uploads\/2023\/05\/WhatsApp-Image-2023-05-13-at-17.20.37.jpeg?resize=300%2C200&amp;ssl=1 300w, https:\/\/i0.wp.com\/cdnoticias.com\/wp-content\/uploads\/2023\/05\/WhatsApp-Image-2023-05-13-at-17.20.37.jpeg?resize=768%2C511&amp;ssl=1 768w, https:\/\/i0.wp.com\/cdnoticias.com\/wp-content\/uploads\/2023\/05\/WhatsApp-Image-2023-05-13-at-17.20.37.jpeg?resize=1536%2C1021&amp;ssl=1 1536w, https:\/\/i0.wp.com\/cdnoticias.com\/wp-content\/uploads\/2023\/05\/WhatsApp-Image-2023-05-13-at-17.20.37.jpeg?resize=272%2C182&amp;ssl=1 272w, https:\/\/i0.wp.com\/cdnoticias.com\/wp-content\/uploads\/2023\/05\/WhatsApp-Image-2023-05-13-at-17.20.37.jpeg?w=1600&amp;ssl=1 1600w\" sizes=\"auto, (max-width: 800px) 100vw, 800px\" \/><\/p>\n<p>&nbsp;<\/p>\n<p>Este s\u00e1bado s\u00ed, sin lluvia. Varios precandidatos salieron a la calle a recorrer distintos barrios y charlar cara a cara con los vecinos. \u00bfLo curioso?<strong> Varios eligieron el mismo barrio y hasta nos lleg\u00f3 una foto de una puerta de una casa con tres folletos con distintas caras.<\/strong> \u201cNos chocamos\u201d se ri\u00f3 uno de los dirigentes que estuvo en la actividad.<\/p>\n<p>&nbsp;<\/p>\n<p>Vamos a hacer una menci\u00f3n uno por uno con algunos datos que tenemos. Pero ya te avisamos que todo esto empieza con \u201ctal sali\u00f3 de caminata\u201d.<\/p>\n<p>&nbsp;<\/p>\n<p><strong>Ezequiel Galli.<\/strong> En la sede del Instituto Rep\u00fablica (o Fundaci\u00f3n Pensar o Casa Amarilla), se reuni\u00f3 un buen n\u00famero de militantes, incluido el intendente que quiere la re re y todos salieron de recorrida.<strong> Ya te contamos la semana pasada que las visitas se hacen con anotador en mano para registrar demandas, mensajes y cr\u00edticas.<\/strong><\/p>\n<p>&nbsp;<\/p>\n<p>En ese escenario, en el \u201ctimbreo\u201d por Mariano Moreno de ayer,<strong> adem\u00e1s \u201cmidieron\u201d la recepci\u00f3n de Ezequiel Galli. Dijeron que fue positivo y dentro de lo esperado por el Pro.<\/strong> \u00bfUn dato para tener en cuenta? Galli se mostr\u00f3\u2026con Hilario Galli, su secretario de Gobierno y dirigente de confianza del jefe comunal, \u00bfuna se\u00f1al?<\/p>\n<p>&nbsp;<\/p>\n<p><img data-recalc-dims=\"1\" loading=\"lazy\" decoding=\"async\" class=\"alignnone size-large wp-image-84914\" src=\"https:\/\/i0.wp.com\/cdnoticias.com\/wp-content\/uploads\/2023\/05\/galli-galli.jpeg?resize=800%2C534&#038;ssl=1\" alt=\"\" width=\"800\" height=\"534\" srcset=\"https:\/\/i0.wp.com\/cdnoticias.com\/wp-content\/uploads\/2023\/05\/galli-galli.jpeg?resize=1024%2C684&amp;ssl=1 1024w, https:\/\/i0.wp.com\/cdnoticias.com\/wp-content\/uploads\/2023\/05\/galli-galli.jpeg?resize=300%2C200&amp;ssl=1 300w, https:\/\/i0.wp.com\/cdnoticias.com\/wp-content\/uploads\/2023\/05\/galli-galli.jpeg?resize=768%2C513&amp;ssl=1 768w, https:\/\/i0.wp.com\/cdnoticias.com\/wp-content\/uploads\/2023\/05\/galli-galli.jpeg?resize=272%2C182&amp;ssl=1 272w, https:\/\/i0.wp.com\/cdnoticias.com\/wp-content\/uploads\/2023\/05\/galli-galli.jpeg?w=1080&amp;ssl=1 1080w\" sizes=\"auto, (max-width: 800px) 100vw, 800px\" \/><\/p>\n<p>&nbsp;<\/p>\n<p>En la plaza \u00c1lvaro Barros, <strong>Maximiliano Wesner volvi\u00f3 a reunir a muchos militantes y tambi\u00e9n vecinos. Esta vez con sol, fue el punto de partida para la recorrida por distintos sectores, entre ellos por \u2026 Mariano Moreno.<\/strong> El precandidato del Frente de Todos busc\u00f3 mostrar apoyo y hacer una \u201cdemostraci\u00f3n de fuerza\u201d, con un mensaje para dentro del espacio y, por supuesto, para afuera.<\/p>\n<p>&nbsp;<\/p>\n<p>Dato de color: si uno analiza las im\u00e1genes compartidas por el espacio y la configuraci\u00f3n del publico presente, <strong>en las primeras filas predominaron los asistentes sin distinci\u00f3n puntual partidaria, solo vecinos que acompa\u00f1an la candidatura de Wesner.<\/strong> Si bien hubo momentos para las fotos de militantes de los distintos sectores como el PJ, el Movimiento Evita o La C\u00e1mpora, <strong>se resalt\u00f3 que hab\u00eda vecinos que se contactaron con el espacio y decidieron acompa\u00f1ar a Wesner al menos en la concentraci\u00f3n en la plaza.<\/strong><\/p>\n<p>&nbsp;<\/p>\n<p><img data-recalc-dims=\"1\" loading=\"lazy\" decoding=\"async\" class=\"alignnone size-large wp-image-84910\" src=\"https:\/\/i0.wp.com\/cdnoticias.com\/wp-content\/uploads\/2023\/05\/WhatsApp-Image-2023-05-13-at-17.20.41.jpeg?resize=800%2C532&#038;ssl=1\" alt=\"\" width=\"800\" height=\"532\" srcset=\"https:\/\/i0.wp.com\/cdnoticias.com\/wp-content\/uploads\/2023\/05\/WhatsApp-Image-2023-05-13-at-17.20.41.jpeg?resize=1024%2C681&amp;ssl=1 1024w, https:\/\/i0.wp.com\/cdnoticias.com\/wp-content\/uploads\/2023\/05\/WhatsApp-Image-2023-05-13-at-17.20.41.jpeg?resize=300%2C200&amp;ssl=1 300w, https:\/\/i0.wp.com\/cdnoticias.com\/wp-content\/uploads\/2023\/05\/WhatsApp-Image-2023-05-13-at-17.20.41.jpeg?resize=768%2C511&amp;ssl=1 768w, https:\/\/i0.wp.com\/cdnoticias.com\/wp-content\/uploads\/2023\/05\/WhatsApp-Image-2023-05-13-at-17.20.41.jpeg?resize=1536%2C1021&amp;ssl=1 1536w, https:\/\/i0.wp.com\/cdnoticias.com\/wp-content\/uploads\/2023\/05\/WhatsApp-Image-2023-05-13-at-17.20.41.jpeg?resize=272%2C182&amp;ssl=1 272w, https:\/\/i0.wp.com\/cdnoticias.com\/wp-content\/uploads\/2023\/05\/WhatsApp-Image-2023-05-13-at-17.20.41.jpeg?w=1600&amp;ssl=1 1600w\" sizes=\"auto, (max-width: 800px) 100vw, 800px\" \/><\/p>\n<p>&nbsp;<\/p>\n<p>Un tercer sector que se vio por ese barrio fue<strong> Ahora Olavarr\u00eda &#8211; La Libertad Avanza<\/strong>. Con Celeste Arouxet, distintos grupos de militantes salieron a dialogar con los vecinos. <em>\u201cLa recepci\u00f3n fue incre\u00edble. Nos sorprendi\u00f3 el conocimiento de los vecinos sobre la actualidad nacional y de Olavarr\u00eda\u201d<\/em> se\u00f1alaron a modo de balance.<\/p>\n<p>&nbsp;<\/p>\n<p><img data-recalc-dims=\"1\" loading=\"lazy\" decoding=\"async\" class=\"alignnone size-large wp-image-84921\" src=\"https:\/\/i0.wp.com\/cdnoticias.com\/wp-content\/uploads\/2023\/05\/WhatsApp-Image-2023-05-13-at-13.24.38-e1684016127516-1024x543.jpeg?resize=800%2C424&#038;ssl=1\" alt=\"\" width=\"800\" height=\"424\" srcset=\"https:\/\/i0.wp.com\/cdnoticias.com\/wp-content\/uploads\/2023\/05\/WhatsApp-Image-2023-05-13-at-13.24.38-e1684016127516.jpeg?resize=1024%2C543&amp;ssl=1 1024w, https:\/\/i0.wp.com\/cdnoticias.com\/wp-content\/uploads\/2023\/05\/WhatsApp-Image-2023-05-13-at-13.24.38-e1684016127516.jpeg?resize=300%2C159&amp;ssl=1 300w, https:\/\/i0.wp.com\/cdnoticias.com\/wp-content\/uploads\/2023\/05\/WhatsApp-Image-2023-05-13-at-13.24.38-e1684016127516.jpeg?resize=768%2C407&amp;ssl=1 768w, https:\/\/i0.wp.com\/cdnoticias.com\/wp-content\/uploads\/2023\/05\/WhatsApp-Image-2023-05-13-at-13.24.38-e1684016127516.jpeg?w=1200&amp;ssl=1 1200w\" sizes=\"auto, (max-width: 800px) 100vw, 800px\" \/><\/p>\n<p>Otro que sali\u00f3 a la calle fue <strong>Hernan Parra, de Olavarr\u00eda al Frente.<\/strong> Estuvo por el barrio Pueblo Nuevo, donde el candidato habl\u00f3 con los vecinos. Si bien hubo presencia dirigencial como Germ\u00e1n Aramburu, Alicia Almada, Einar Iguerategui, Valer\u00eda Mil\u00eda o \u201cTano\u201d Milesi, el objetivo fue personalizar todo el encuentro solo en Parra. \u201cLo recibieron con agrado y recordando an\u00e9cdotas compartidas junto a \u00e9l en otras instituciones o emprendimientos comerciales\u201d contaron desde el sector.<\/p>\n<p>&nbsp;<\/p>\n<p><img data-recalc-dims=\"1\" loading=\"lazy\" decoding=\"async\" class=\"alignnone size-large wp-image-84924\" src=\"https:\/\/i0.wp.com\/cdnoticias.com\/wp-content\/uploads\/2023\/05\/WhatsApp-Image-2023-05-13-at-14.00.57.jpeg?resize=577%2C1024&#038;ssl=1\" alt=\"\" width=\"577\" height=\"1024\" \/><\/p>\n<p>\u00bfDato? <strong>Fue la primera recorrida con compa\u00f1\u00eda del empresario devenido en precandidato, por lo que hubo conformismo por el resultado inicial y un \u201cpunto de partida alto\u201d.<\/strong> La intenci\u00f3n es continuar las volanteadas en otros barrios y sostener la l\u00ednea que se pudo ver el s\u00e1bado, algo que responde a varias cuestiones que hemos planteado en este newsletter. <strong>\u00bfHablar de pol\u00edtica? Solo si se acepta del otro lado. Si no, queda presentarse y conocerse en un cara a cara con el vecino.\u00a0<\/strong><\/p>\n<p>&nbsp;<\/p>\n<p><strong>Eduardo Rodr\u00edguez tambi\u00e9n sali\u00f3 al puerta a puerta.<\/strong> Con varios militantes y referentes del sector estuvieron de recorrida. Pero no fue eso solamente, el sector del precandidato del Frente de Todos tambi\u00e9n sali\u00f3 a las rutas de acceso a la ciudad para<strong> colocar pasacalles con la leyenda \u201cAxel Gobernador 2023\u201d.<\/strong><\/p>\n<p>&nbsp;<\/p>\n<p>&#8220;Para garantizar la salud, mejorar la seguridad, la educaci\u00f3n, la infraestructura y la producci\u00f3n en la provincia de Buenos Aires. Apoyamos y trabajamos para Axel Kicillof Gobernador 2023\u201d, escribi\u00f3 Rodr\u00edguez en sus redes sociales.<\/p>\n<p>&nbsp;<\/p>\n<blockquote class=\"twitter-tweet\">\n<p dir=\"ltr\" lang=\"es\"><a href=\"https:\/\/twitter.com\/hashtag\/AxelGobernador2023?src=hash&amp;ref_src=twsrc%5Etfw\">#AxelGobernador2023<\/a> Para garantizar la salud, mejorar la seguridad, la educaci\u00f3n, la infraestructura y la producci\u00f3n en la provincia de Buenos Aires.<br \/>\nApoyamos y trabajamos para <a href=\"https:\/\/twitter.com\/Kicillofok?ref_src=twsrc%5Etfw\">@Kicillofok<\/a><br \/>\nGobernador 2023 <a href=\"https:\/\/twitter.com\/hashtag\/DerechoalFuturo?src=hash&amp;ref_src=twsrc%5Etfw\">#DerechoalFuturo<\/a><a href=\"https:\/\/twitter.com\/hashtag\/AmorxOlavarr%C3%ADa?src=hash&amp;ref_src=twsrc%5Etfw\">#AmorxOlavarr\u00eda<\/a>\u2764\ufe0f <a href=\"https:\/\/t.co\/WNSblEVBYQ\">pic.twitter.com\/WNSblEVBYQ<\/a><\/p>\n<p>\u2014 Eduardo Rodr\u00edguez (@rodriguezolav) <a href=\"https:\/\/twitter.com\/rodriguezolav\/status\/1657479980924690432?ref_src=twsrc%5Etfw\">May 13, 2023<\/a><\/p><\/blockquote>\n<p><script async src=\"https:\/\/platform.twitter.com\/widgets.js\" charset=\"utf-8\"><\/script><\/p>\n<p>&nbsp;<\/p>\n<p>Si bien se la mostr\u00f3 en soledad o con algunos militantes,<strong> la UCR dijo presente en una caminata por los barrios Independencia, Ituzaing\u00f3 y Pueyrred\u00f3n. Entrega de folletos y charla con vecinos en caso de que la situaci\u00f3n lo amerite.<\/strong><\/p>\n<p>&nbsp;<\/p>\n<p>Con distintas estrategias, todos van hacia un mismo objetivo: darse a conocer. <strong>Que sepan quienes son, de d\u00f3nde vienen y cu\u00e1l es su meta.<\/strong> El Municipio corre con ventaja, pero tambi\u00e9n parte de una actitud m\u00e1s de recepci\u00f3n de balance de gesti\u00f3n. Los dem\u00e1s espacios tienen diversas situaciones, pero la mayor\u00eda necesita conocimiento de una sociedad un poco -no mucho, pero un poco- distanciada con la pol\u00edtica. Todos eligen caminar.<\/p>\n<p>&nbsp;<\/p>\n<p><span style=\"text-decoration: underline;\"><strong>Parece que se allana el camino<\/strong><\/span><\/p>\n<p>&nbsp;<\/p>\n<p>Esta semana,<strong> Horacio Rodr\u00edguez Larreta se reuni\u00f3 otra vez con la Mesa del Pro Bonaerense. All\u00ed estuvo Ezequiel Galli<\/strong>, entre otros intendentes, legisladores, y precandidatos a gobernadores por supuesto.<\/p>\n<p>&nbsp;<\/p>\n<p><strong><em>\u201cEstoy para defender a los intendentes del PRO que ya tenemos. Si eso significa una boleta \u00fanica, tendremos una boleta \u00fanica\u201d<\/em><\/strong>, expres\u00f3 Rodr\u00edguez Larreta, durante la reuni\u00f3n. Adem\u00e1s, expres\u00f3: \u201cdonde no gobernamos lo m\u00e1s sano es la competencia\u201d.<\/p>\n<p>&nbsp;<\/p>\n<p><img data-recalc-dims=\"1\" loading=\"lazy\" decoding=\"async\" class=\"alignnone size-large wp-image-84733\" src=\"https:\/\/i0.wp.com\/cdnoticias.com\/wp-content\/uploads\/2023\/05\/larreta-mesa-pro.jpg?resize=800%2C445&#038;ssl=1\" alt=\"\" width=\"800\" height=\"445\" srcset=\"https:\/\/i0.wp.com\/cdnoticias.com\/wp-content\/uploads\/2023\/05\/larreta-mesa-pro.jpg?resize=1024%2C570&amp;ssl=1 1024w, https:\/\/i0.wp.com\/cdnoticias.com\/wp-content\/uploads\/2023\/05\/larreta-mesa-pro.jpg?resize=300%2C167&amp;ssl=1 300w, https:\/\/i0.wp.com\/cdnoticias.com\/wp-content\/uploads\/2023\/05\/larreta-mesa-pro.jpg?resize=768%2C427&amp;ssl=1 768w, https:\/\/i0.wp.com\/cdnoticias.com\/wp-content\/uploads\/2023\/05\/larreta-mesa-pro.jpg?resize=1536%2C854&amp;ssl=1 1536w, https:\/\/i0.wp.com\/cdnoticias.com\/wp-content\/uploads\/2023\/05\/larreta-mesa-pro.jpg?resize=800%2C445&amp;ssl=1 800w, https:\/\/i0.wp.com\/cdnoticias.com\/wp-content\/uploads\/2023\/05\/larreta-mesa-pro.jpg?w=1600&amp;ssl=1 1600w\" sizes=\"auto, (max-width: 800px) 100vw, 800px\" \/><\/p>\n<p>&nbsp;<\/p>\n<p>En esas declaraciones se entiende que<strong> la intenci\u00f3n del precandidato presidencial dejar\u00eda a Galli sin competencia directa dentro del Pro en las PASO. \u00bfEso es seguro? Claro que no, pero podemos definirlo como \u201caltas chances\u201d ya que en paralelo Patricia Bullrich, la competidora de Larreta, est\u00e1 buscando asegurarse que los intendentes que quieren reelegir la apoyen en su campa\u00f1a con el mismo \u00edmpetu que lo hacen con Larreta y Diego Santilli.<\/strong> Si eso est\u00e1 asegurado\u2026el m\u00e9todo de la V ser\u00eda un hecho.<\/p>\n<p>&nbsp;<\/p>\n<p>\u00bfHubo gestos?<strong> Al menos uno, el de Julio Garro, intendente de La Plata, quien abiertamente dijo que \u201cPatricia tambi\u00e9n es mi precandidata\u201d.<\/strong> \u00bfQu\u00e9 dijo Bullrich ante esto? Justamente, es el inicio de una serie de gestos que le gustar\u00eda recibir. \u00bfSer\u00e1 un\u00e1nime o solo un tanteo?<\/p>\n<p>&nbsp;<\/p>\n<p>Y ya que mencionamos a la precandidata presidencial, hablemos de su referente local: <strong>Andrea Coronel. Esta semana, la vecinalista se mostr\u00f3 tambi\u00e9n colocando pasacalles en rutas, con el nombre de Patricia Bullrich, y viaj\u00f3 a Trenque Lauquen a una reuni\u00f3n de \u201cmujeres bullrichistas\u201d.<\/strong><\/p>\n<p>&nbsp;<\/p>\n<p><img data-recalc-dims=\"1\" loading=\"lazy\" decoding=\"async\" class=\"alignnone size-full wp-image-84939\" src=\"https:\/\/i0.wp.com\/cdnoticias.com\/wp-content\/uploads\/2023\/05\/andrea-coronel-encuentro-02.jpg?resize=800%2C445&#038;ssl=1\" alt=\"\" width=\"800\" height=\"445\" srcset=\"https:\/\/i0.wp.com\/cdnoticias.com\/wp-content\/uploads\/2023\/05\/andrea-coronel-encuentro-02.jpg?w=1024&amp;ssl=1 1024w, https:\/\/i0.wp.com\/cdnoticias.com\/wp-content\/uploads\/2023\/05\/andrea-coronel-encuentro-02.jpg?resize=300%2C167&amp;ssl=1 300w, https:\/\/i0.wp.com\/cdnoticias.com\/wp-content\/uploads\/2023\/05\/andrea-coronel-encuentro-02.jpg?resize=768%2C428&amp;ssl=1 768w, https:\/\/i0.wp.com\/cdnoticias.com\/wp-content\/uploads\/2023\/05\/andrea-coronel-encuentro-02.jpg?resize=800%2C445&amp;ssl=1 800w\" sizes=\"auto, (max-width: 800px) 100vw, 800px\" \/><\/p>\n<p>&nbsp;<\/p>\n<p><strong>El otro sector dentro del Pro que se mantiene en movimiento es el que tiene como referente a Dalton J\u00e1uregui, del ritondismo.<\/strong> En este caso, aguardan una posible definici\u00f3n de Bullrich sobre Cristian Ritondo quien, por decirlo muy en b\u00e1sico, se qued\u00f3 \u201csin madrina\u201d con el retiro de Mar\u00eda Eugenia Vidal de su precandidatura presidencial. Si Bullrich le abre la puerta, el diputado nacional podr\u00e1 ir en busca de la gobernaci\u00f3n en competencia directa con Santilli.<\/p>\n<p>&nbsp;<\/p>\n<blockquote class=\"instagram-media\" style=\"background: #FFF; border: 0; border-radius: 3px; box-shadow: 0 0 1px 0 rgba(0,0,0,0.5),0 1px 10px 0 rgba(0,0,0,0.15); margin: 1px; max-width: 540px; min-width: 326px; padding: 0; width: calc(100% - 2px);\" data-instgrm-captioned=\"\" data-instgrm-permalink=\"https:\/\/www.instagram.com\/p\/Cr_OJyTuWPn\/?utm_source=ig_embed&amp;utm_campaign=loading\" data-instgrm-version=\"14\">\n<div style=\"padding: 16px;\">\n<p>&nbsp;<\/p>\n<div style=\"display: flex; flex-direction: row; align-items: center;\">\n<div style=\"background-color: #f4f4f4; border-radius: 50%; flex-grow: 0; height: 40px; margin-right: 14px; width: 40px;\"><\/div>\n<div style=\"display: flex; flex-direction: column; flex-grow: 1; justify-content: center;\">\n<div style=\"background-color: #f4f4f4; border-radius: 4px; flex-grow: 0; height: 14px; margin-bottom: 6px; width: 100px;\"><\/div>\n<div style=\"background-color: #f4f4f4; border-radius: 4px; flex-grow: 0; height: 14px; width: 60px;\"><\/div>\n<\/div>\n<\/div>\n<div style=\"padding: 19% 0;\"><\/div>\n<div style=\"display: block; height: 50px; margin: 0 auto 12px; width: 50px;\"><\/div>\n<div style=\"padding-top: 8px;\">\n<div style=\"color: #3897f0; font-family: Arial,sans-serif; font-size: 14px; font-style: normal; font-weight: 550; line-height: 18px;\">Ver esta publicaci\u00f3n en Instagram<\/div>\n<\/div>\n<div style=\"padding: 12.5% 0;\"><\/div>\n<div style=\"display: flex; flex-direction: row; margin-bottom: 14px; align-items: center;\">\n<div>\n<div style=\"background-color: #f4f4f4; border-radius: 50%; height: 12.5px; width: 12.5px; transform: translateX(0px) translateY(7px);\"><\/div>\n<div style=\"background-color: #f4f4f4; height: 12.5px; transform: rotate(-45deg) translateX(3px) translateY(1px); width: 12.5px; flex-grow: 0; margin-right: 14px; margin-left: 2px;\"><\/div>\n<div style=\"background-color: #f4f4f4; border-radius: 50%; height: 12.5px; width: 12.5px; transform: translateX(9px) translateY(-18px);\"><\/div>\n<\/div>\n<div style=\"margin-left: 8px;\">\n<div style=\"background-color: #f4f4f4; border-radius: 50%; flex-grow: 0; height: 20px; width: 20px;\"><\/div>\n<div style=\"width: 0; height: 0; border-top: 2px solid transparent; border-left: 6px solid #f4f4f4; border-bottom: 2px solid transparent; transform: translateX(16px) translateY(-4px) rotate(30deg);\"><\/div>\n<\/div>\n<div style=\"margin-left: auto;\">\n<div style=\"width: 0px; border-top: 8px solid #F4F4F4; border-right: 8px solid transparent; transform: translateY(16px);\"><\/div>\n<div style=\"background-color: #f4f4f4; flex-grow: 0; height: 12px; width: 16px; transform: translateY(-4px);\"><\/div>\n<div style=\"width: 0; height: 0; border-top: 8px solid #F4F4F4; border-left: 8px solid transparent; transform: translateY(-4px) translateX(8px);\"><\/div>\n<\/div>\n<\/div>\n<div style=\"display: flex; flex-direction: column; flex-grow: 1; justify-content: center; margin-bottom: 24px;\">\n<div style=\"background-color: #f4f4f4; border-radius: 4px; flex-grow: 0; height: 14px; margin-bottom: 6px; width: 224px;\"><\/div>\n<div style=\"background-color: #f4f4f4; border-radius: 4px; flex-grow: 0; height: 14px; width: 144px;\"><\/div>\n<\/div>\n<p>&nbsp;<\/p>\n<p style=\"color: #c9c8cd; font-family: Arial,sans-serif; font-size: 14px; line-height: 17px; margin-bottom: 0; margin-top: 8px; overflow: hidden; padding: 8px 0 7px; text-align: center; text-overflow: ellipsis; white-space: nowrap;\"><a style=\"color: #c9c8cd; font-family: Arial,sans-serif; font-size: 14px; font-style: normal; font-weight: normal; line-height: 17px; text-decoration: none;\" href=\"https:\/\/www.instagram.com\/p\/Cr_OJyTuWPn\/?utm_source=ig_embed&amp;utm_campaign=loading\" target=\"_blank\" rel=\"noopener\">Una publicaci\u00f3n compartida de Dalton Ja\u0301uregui (@daltonjauregui)<\/a><\/p>\n<\/div>\n<\/blockquote>\n<p><script async src=\"\/\/www.instagram.com\/embed.js\"><\/script><\/p>\n<p>&nbsp;<\/p>\n<p>A\u00fan en esta incertidumbre,<strong> Dalton J\u00e1uregui sigue en el armado seccional para el ritondismo y encabeza el \u201cproyecto Olavarr\u00eda\u201d.<\/strong> Justamente, en nuestra ciudad estuvo el dirigente olavarriense y el viernes pr\u00f3ximo Ritondo va a estar en Roque P\u00e9rez.<\/p>\n<p>&nbsp;<\/p>\n<p>\u00bfNos mudamos al radicalismo? <strong>El espacio de Evoluci\u00f3n (que maneja los destinos del comit\u00e9 local encabezados por Bel\u00e9n Vergel) realiz\u00f3 un plenario en la C\u00e1mara Empresaria donde discutieron varios temas, entre ellos el de afianzar una alternativa para ir a Primarias<\/strong>. Si bien todav\u00eda prevalece la plena incertidumbre de qu\u00e9 pasar\u00e1 con el radicalismo a nivel nacional y provincial, a nivel local la situaci\u00f3n parece distinta con al menos dos dirigentes posicionados, justamente, sus dos concejales.<\/p>\n<p>&nbsp;<\/p>\n<p><img data-recalc-dims=\"1\" loading=\"lazy\" decoding=\"async\" class=\"alignnone size-large wp-image-84899\" src=\"https:\/\/i0.wp.com\/cdnoticias.com\/wp-content\/uploads\/2023\/05\/IMG-20230513-WA0015.jpg?resize=800%2C534&#038;ssl=1\" alt=\"\" width=\"800\" height=\"534\" srcset=\"https:\/\/i0.wp.com\/cdnoticias.com\/wp-content\/uploads\/2023\/05\/IMG-20230513-WA0015.jpg?resize=1024%2C683&amp;ssl=1 1024w, https:\/\/i0.wp.com\/cdnoticias.com\/wp-content\/uploads\/2023\/05\/IMG-20230513-WA0015.jpg?resize=300%2C200&amp;ssl=1 300w, https:\/\/i0.wp.com\/cdnoticias.com\/wp-content\/uploads\/2023\/05\/IMG-20230513-WA0015.jpg?resize=768%2C512&amp;ssl=1 768w, https:\/\/i0.wp.com\/cdnoticias.com\/wp-content\/uploads\/2023\/05\/IMG-20230513-WA0015.jpg?resize=272%2C182&amp;ssl=1 272w, https:\/\/i0.wp.com\/cdnoticias.com\/wp-content\/uploads\/2023\/05\/IMG-20230513-WA0015.jpg?w=1500&amp;ssl=1 1500w\" sizes=\"auto, (max-width: 800px) 100vw, 800px\" \/><\/p>\n<p>&nbsp;<\/p>\n<p><strong>Adelante Radicales, por su parte, muestra gestos donde se ratifica la precandidatura de Marcelo Spina en redes sociales<\/strong>, con videos, expresiones e incluso un repaso de la carrera acad\u00e9mica del ingeniero que decidi\u00f3 pelear por la intendencia desde otro sector del radicalismo, apoyado por los legisladores Lorden y Cellillo y buscando apalancar desde el Comit\u00e9 Provincia con el -por ahora- precandidato a Gobernador Maximiliano Abad.<\/p>\n<p>&nbsp;<\/p>\n<p><span style=\"text-decoration: underline;\"><strong>La bisagra<\/strong><\/span><\/p>\n<p>&nbsp;<\/p>\n<p><strong>\u201cOlavarr\u00eda sigue\u201d es el slogan de esta etapa de gesti\u00f3n &#8211; campa\u00f1a.<\/strong> Tiene un spot audiovisual y afiches, y el slogan se repiti\u00f3 en algunos anuncios de gesti\u00f3n, como el del viernes en el Parque Industrial donde se dio a conocer la repavimentaci\u00f3n de un tramo de avenida Eva Per\u00f3n.<\/p>\n<p>&nbsp;<\/p>\n<p><strong>El mensaje, como es evidente, es un juego entre la continuidad de la gesti\u00f3n y del mandato de Ezequiel Galli.<\/strong> No nos vamos a detener en cuestiones est\u00e9ticas y de contenido de la publicidad, ya la habr\u00e1s visto y tendr\u00e1s tu opini\u00f3n.<\/p>\n<p>&nbsp;<\/p>\n<blockquote class=\"instagram-media\" style=\"background: #FFF; border: 0; border-radius: 3px; box-shadow: 0 0 1px 0 rgba(0,0,0,0.5),0 1px 10px 0 rgba(0,0,0,0.15); margin: 1px; max-width: 540px; min-width: 326px; padding: 0; width: calc(100% - 2px);\" data-instgrm-captioned=\"\" data-instgrm-permalink=\"https:\/\/www.instagram.com\/reel\/CsFEMpVuc3e\/?utm_source=ig_embed&amp;utm_campaign=loading\" data-instgrm-version=\"14\">\n<div style=\"padding: 16px;\">\n<p>&nbsp;<\/p>\n<div style=\"display: flex; flex-direction: row; align-items: center;\">\n<div style=\"background-color: #f4f4f4; border-radius: 50%; flex-grow: 0; height: 40px; margin-right: 14px; width: 40px;\"><\/div>\n<div style=\"display: flex; flex-direction: column; flex-grow: 1; justify-content: center;\">\n<div style=\"background-color: #f4f4f4; border-radius: 4px; flex-grow: 0; height: 14px; margin-bottom: 6px; width: 100px;\"><\/div>\n<div style=\"background-color: #f4f4f4; border-radius: 4px; flex-grow: 0; height: 14px; width: 60px;\"><\/div>\n<\/div>\n<\/div>\n<div style=\"padding: 19% 0;\"><\/div>\n<div style=\"display: block; height: 50px; margin: 0 auto 12px; width: 50px;\"><\/div>\n<div style=\"padding-top: 8px;\">\n<div style=\"color: #3897f0; font-family: Arial,sans-serif; font-size: 14px; font-style: normal; font-weight: 550; line-height: 18px;\">Ver esta publicaci\u00f3n en Instagram<\/div>\n<\/div>\n<div style=\"padding: 12.5% 0;\"><\/div>\n<div style=\"display: flex; flex-direction: row; margin-bottom: 14px; align-items: center;\">\n<div>\n<div style=\"background-color: #f4f4f4; border-radius: 50%; height: 12.5px; width: 12.5px; transform: translateX(0px) translateY(7px);\"><\/div>\n<div style=\"background-color: #f4f4f4; height: 12.5px; transform: rotate(-45deg) translateX(3px) translateY(1px); width: 12.5px; flex-grow: 0; margin-right: 14px; margin-left: 2px;\"><\/div>\n<div style=\"background-color: #f4f4f4; border-radius: 50%; height: 12.5px; width: 12.5px; transform: translateX(9px) translateY(-18px);\"><\/div>\n<\/div>\n<div style=\"margin-left: 8px;\">\n<div style=\"background-color: #f4f4f4; border-radius: 50%; flex-grow: 0; height: 20px; width: 20px;\"><\/div>\n<div style=\"width: 0; height: 0; border-top: 2px solid transparent; border-left: 6px solid #f4f4f4; border-bottom: 2px solid transparent; transform: translateX(16px) translateY(-4px) rotate(30deg);\"><\/div>\n<\/div>\n<div style=\"margin-left: auto;\">\n<div style=\"width: 0px; border-top: 8px solid #F4F4F4; border-right: 8px solid transparent; transform: translateY(16px);\"><\/div>\n<div style=\"background-color: #f4f4f4; flex-grow: 0; height: 12px; width: 16px; transform: translateY(-4px);\"><\/div>\n<div style=\"width: 0; height: 0; border-top: 8px solid #F4F4F4; border-left: 8px solid transparent; transform: translateY(-4px) translateX(8px);\"><\/div>\n<\/div>\n<\/div>\n<div style=\"display: flex; flex-direction: column; flex-grow: 1; justify-content: center; margin-bottom: 24px;\">\n<div style=\"background-color: #f4f4f4; border-radius: 4px; flex-grow: 0; height: 14px; margin-bottom: 6px; width: 224px;\"><\/div>\n<div style=\"background-color: #f4f4f4; border-radius: 4px; flex-grow: 0; height: 14px; width: 144px;\"><\/div>\n<\/div>\n<p>&nbsp;<\/p>\n<p style=\"color: #c9c8cd; font-family: Arial,sans-serif; font-size: 14px; line-height: 17px; margin-bottom: 0; margin-top: 8px; overflow: hidden; padding: 8px 0 7px; text-align: center; text-overflow: ellipsis; white-space: nowrap;\"><a style=\"color: #c9c8cd; font-family: Arial,sans-serif; font-size: 14px; font-style: normal; font-weight: normal; line-height: 17px; text-decoration: none;\" href=\"https:\/\/www.instagram.com\/reel\/CsFEMpVuc3e\/?utm_source=ig_embed&amp;utm_campaign=loading\" target=\"_blank\" rel=\"noopener\">Una publicaci\u00f3n compartida de Ezequiel Galli (@galliezequiel)<\/a><\/p>\n<\/div>\n<\/blockquote>\n<p><script async src=\"\/\/www.instagram.com\/embed.js\"><\/script><br \/>\n<strong>Lo que s\u00ed vamos a mencionar es que \u2026. hubo un cuestionamiento.<\/strong> Y sali\u00f3 de un sector del Frente de Todos que se llama <strong>Unidad Popular y que tiene como figura visible a Guillermo P\u00e9rez<\/strong>, quien consider\u00f3 que se trata de \u201cun spot de campa\u00f1a que roza lo ilegal ya que no comunica un hecho institucional espec\u00edfico\u201d, sino que consider\u00f3 que tiene un fin electoral.<\/p>\n<p>&nbsp;<\/p>\n<p><img data-recalc-dims=\"1\" loading=\"lazy\" decoding=\"async\" class=\"alignnone size-full wp-image-84717\" src=\"https:\/\/i0.wp.com\/cdnoticias.com\/wp-content\/uploads\/2023\/05\/guillermo-perez.jpg?resize=800%2C445&#038;ssl=1\" alt=\"\" width=\"800\" height=\"445\" srcset=\"https:\/\/i0.wp.com\/cdnoticias.com\/wp-content\/uploads\/2023\/05\/guillermo-perez.jpg?w=863&amp;ssl=1 863w, https:\/\/i0.wp.com\/cdnoticias.com\/wp-content\/uploads\/2023\/05\/guillermo-perez.jpg?resize=300%2C167&amp;ssl=1 300w, https:\/\/i0.wp.com\/cdnoticias.com\/wp-content\/uploads\/2023\/05\/guillermo-perez.jpg?resize=768%2C427&amp;ssl=1 768w, https:\/\/i0.wp.com\/cdnoticias.com\/wp-content\/uploads\/2023\/05\/guillermo-perez.jpg?resize=800%2C445&amp;ssl=1 800w\" sizes=\"auto, (max-width: 800px) 100vw, 800px\" \/><\/p>\n<p>&nbsp;<\/p>\n<p>Adelant\u00f3 que iba a realizar una presentaci\u00f3n en el HCD para que los concejales \u201c<em>eval\u00faen la posibilidad de efectuar un pedido de informes para que los vecinos puedan saber a qui\u00e9n se contrat\u00f3 y cu\u00e1nto se pag\u00f3 por la realizaci\u00f3n de ese spot\u201d.<\/em> Por eso no fue todo: tambi\u00e9n se pretende <strong><em>&#8220;contratar a un perito en comunicaci\u00f3n para que determine si el spot que difundi\u00f3 el intendente Galli, y que lleva el logo institucional del partido de Olavarr\u00eda, corresponde a un spot de campa\u00f1a o a un spot que comunica un hecho institucional que hace a la gesti\u00f3n\u201d.<\/em><\/strong><\/p>\n<p>&nbsp;<\/p>\n<p>Sin ser peritos en el tema y sin \u00e1nimos de polemizar con la iniciativa opositora, est\u00e1 claro que<strong> no es la primera vez que un slogan institucional deriva en una campa\u00f1a o da continuidad a una potencial candidatura. El an\u00e1lisis es m\u00e1s rico desde c\u00f3mo se ha movido en los \u00faltimos a\u00f1os la imagen del Municipio en torno a la gesti\u00f3n del Intendente Galli, desde el Olavarr\u00eda 24, pasando por #Holavarria (de corta duraci\u00f3n) y, ahora, Olavarr\u00eda sigue.<\/strong><\/p>\n<p>&nbsp;<\/p>\n<p><span style=\"text-decoration: underline;\"><strong>Visita y lanzamiento<\/strong><\/span><\/p>\n<p>&nbsp;<\/p>\n<p><img data-recalc-dims=\"1\" loading=\"lazy\" decoding=\"async\" class=\"alignnone size-large wp-image-84777\" src=\"https:\/\/i0.wp.com\/cdnoticias.com\/wp-content\/uploads\/2023\/05\/aguirre-moreno.jpg?resize=800%2C445&#038;ssl=1\" alt=\"\" width=\"800\" height=\"445\" srcset=\"https:\/\/i0.wp.com\/cdnoticias.com\/wp-content\/uploads\/2023\/05\/aguirre-moreno-scaled.jpg?resize=1024%2C570&amp;ssl=1 1024w, https:\/\/i0.wp.com\/cdnoticias.com\/wp-content\/uploads\/2023\/05\/aguirre-moreno-scaled.jpg?resize=300%2C167&amp;ssl=1 300w, https:\/\/i0.wp.com\/cdnoticias.com\/wp-content\/uploads\/2023\/05\/aguirre-moreno-scaled.jpg?resize=768%2C427&amp;ssl=1 768w, https:\/\/i0.wp.com\/cdnoticias.com\/wp-content\/uploads\/2023\/05\/aguirre-moreno-scaled.jpg?resize=1536%2C855&amp;ssl=1 1536w, https:\/\/i0.wp.com\/cdnoticias.com\/wp-content\/uploads\/2023\/05\/aguirre-moreno-scaled.jpg?resize=2048%2C1140&amp;ssl=1 2048w, https:\/\/i0.wp.com\/cdnoticias.com\/wp-content\/uploads\/2023\/05\/aguirre-moreno-scaled.jpg?resize=800%2C445&amp;ssl=1 800w, https:\/\/i0.wp.com\/cdnoticias.com\/wp-content\/uploads\/2023\/05\/aguirre-moreno-scaled.jpg?w=1600&amp;ssl=1 1600w, https:\/\/i0.wp.com\/cdnoticias.com\/wp-content\/uploads\/2023\/05\/aguirre-moreno-scaled.jpg?w=2400&amp;ssl=1 2400w\" sizes=\"auto, (max-width: 800px) 100vw, 800px\" \/><\/p>\n<p>&nbsp;<\/p>\n<p>\u00bfEst\u00e1s haciendo la lista de precandidatos a intendentes? Anot\u00e1 uno m\u00e1s: <strong>Alan Aguirre por el partido Principios y Valores, lo que se anunci\u00f3 el jueves a la tarde en la visita de Guillermo Moreno a Olavarr\u00eda.<\/strong> El ex funcionario de N\u00e9stor Kirchner quiere ser presidente y tiene estructura y armado propio, algo que ya mostr\u00f3 en 2021.<\/p>\n<p>&nbsp;<\/p>\n<p>Este sector se presenta referenciado en el \u201cperonismo doctrinario\u201d. Moreno afirm\u00f3 que el Frente de Todos \u201cse termin\u00f3, ya fracas\u00f3. En realidad, hoy tenemos un serio problema de existencia del poder Ejecutivo, el presidente ha decidido no presentarse a la reelecci\u00f3n y yo creo que si llega a dar un paso al costado tampoco la vicepresidenta va a aceptar\u201d y agreg\u00f3: <strong>\u201clo que estamos proponiendo es que el peronismo pueda tener un espacio de identificaci\u00f3n, consensuar las candidaturas dentro del peronismo\u201d.<\/strong><\/p>\n<p>&nbsp;<\/p>\n<blockquote><p>En el acto en Olavarr\u00eda estuvieron los integrantes del Sindicato Obrero de la Industria del Vidrio y Afines (SOIVA) ya que el secretario general Horacio Valdez, es precandidato en este partido. Entre los asistentes estuvo Ezequiel Collado, de SOIVA Olavarr\u00eda. Tambi\u00e9n se vieron en el acto el titular del STMO, Jos\u00e9 Stuppia, y algunos integrantes de la Juventud Peronista, actualmente alejada y con diferencias con la actual gesti\u00f3n del Partido Justicialista local.<\/p><\/blockquote>\n<p>&nbsp;<\/p>\n<p><strong>Nosotros interpretamos que esas presencias son apoyos a Principios y Valores<\/strong>. Esa interpretaci\u00f3n, de todas maneras, no fue la adoptada por el propio espacio, y se contrapuso al se\u00f1alar que su presencia estuvo relacionada con la CGT local para conocer el \u201cPlan Econ\u00f3mico de Desarrollo con orientaci\u00f3n a la producci\u00f3n\u201d orientado a los trabajadores.<\/p>\n<p>&nbsp;<\/p>\n<p>Este newsletter logr\u00f3 saber qu<strong>e una de las tres agrupaciones mencionadas dar\u00eda a conocer esta semana su adhesi\u00f3n a otro precandidato del Frente de Todos, por lo que tiene sustento lo se\u00f1alado por Generaci\u00f3n Bicentenario.<\/strong><\/p>\n<p>&nbsp;<\/p>\n<p>De todas maneras,<strong> las presencias no parecieron inocentes bajo ning\u00fan aspecto: bombos, redoblantes, banderas\u2026 m\u00e1s all\u00e1 de conocer el plan, se hicieron notar, y sentir. Incluso, adem\u00e1s de Stuppia se pudo ver a otros integrantes de la dirigencia del STMO. Para tener en cuenta.<\/strong><\/p>\n<p>&nbsp;<\/p>\n<p><span style=\"text-decoration: underline;\"><strong>Las reservas naturales y legislar para siempre<\/strong><\/span><\/p>\n<p>&nbsp;<\/p>\n<p><img data-recalc-dims=\"1\" loading=\"lazy\" decoding=\"async\" class=\"alignnone size-full wp-image-84715\" src=\"https:\/\/i0.wp.com\/cdnoticias.com\/wp-content\/uploads\/2023\/05\/HCD-guillermina-amespil.jpg?resize=800%2C445&#038;ssl=1\" alt=\"\" width=\"800\" height=\"445\" srcset=\"https:\/\/i0.wp.com\/cdnoticias.com\/wp-content\/uploads\/2023\/05\/HCD-guillermina-amespil.jpg?w=800&amp;ssl=1 800w, https:\/\/i0.wp.com\/cdnoticias.com\/wp-content\/uploads\/2023\/05\/HCD-guillermina-amespil.jpg?resize=300%2C167&amp;ssl=1 300w, https:\/\/i0.wp.com\/cdnoticias.com\/wp-content\/uploads\/2023\/05\/HCD-guillermina-amespil.jpg?resize=768%2C427&amp;ssl=1 768w\" sizes=\"auto, (max-width: 800px) 100vw, 800px\" \/><\/p>\n<p>&nbsp;<\/p>\n<p>El Concejo Deliberante tuvo, como hac\u00eda mucho tiempo,<strong> dos interesant\u00edsimas propuestas para debatir en serio, como proyecto de ciudad y como una proyecci\u00f3n al Partido que se desea en un futuro, para hijos, hijas, nietos y nietas.<\/strong><\/p>\n<p>&nbsp;<\/p>\n<p>Debemos decir que las discusiones estuvieron a la altura, a pesar de las diferencias. Que los planteos fueron m\u00e1s que v\u00e1lidos en todos los sentidos, pero al final del camino se legisl\u00f3 para siempre. <strong>S\u00ed, es cierto que a partir de ahora nacen nuevos desaf\u00edos en torno a c\u00f3mo la actividad minera se sustentar\u00e1 sin la posibilidad de explotar el Cerro Largo, pero mientras tanto se protegi\u00f3 al considerado \u201c\u00faltimo de los cerros\u201d que le da un paisaje so\u00f1ado a Sierras Bayas e incluso, valor a su nombre.<\/strong><\/p>\n<p>&nbsp;<\/p>\n<blockquote><p><strong><em>\u201cSi seguimos as\u00ed vamos a ser Bayas, nom\u00e1s\u201d <\/em><\/strong>se\u00f1alaba un vecino teniendo en cuenta el destino que tuvo, por ejemplo, el Cerro Sotuyo, hoy un agujero enorme en la localidad.<\/p><\/blockquote>\n<p>&nbsp;<\/p>\n<p>Pero no termina ac\u00e1:<strong> Ahora Olavarr\u00eda tambi\u00e9n impuls\u00f3 una propuesta de declaraci\u00f3n de reserva natural municipal a un sector del Bioparque La M\u00e1xima<\/strong>, que se trabaja desde hace a\u00f1os en ese sentido y pareciera que tendr\u00e1 la normativa que condice con toda esta movida. Restar\u00e1 obviamente trabajar en varios aspectos m\u00e1s para que ese sector de la ciudad tenga el enorme valor que merece.<\/p>\n<p>&nbsp;<\/p>\n<p><img data-recalc-dims=\"1\" loading=\"lazy\" decoding=\"async\" class=\"alignnone size-full wp-image-84709\" src=\"https:\/\/i0.wp.com\/cdnoticias.com\/wp-content\/uploads\/2023\/05\/HCd-celeste-arouxet.jpg?resize=800%2C445&#038;ssl=1\" alt=\"\" width=\"800\" height=\"445\" srcset=\"https:\/\/i0.wp.com\/cdnoticias.com\/wp-content\/uploads\/2023\/05\/HCd-celeste-arouxet.jpg?w=800&amp;ssl=1 800w, https:\/\/i0.wp.com\/cdnoticias.com\/wp-content\/uploads\/2023\/05\/HCd-celeste-arouxet.jpg?resize=300%2C167&amp;ssl=1 300w, https:\/\/i0.wp.com\/cdnoticias.com\/wp-content\/uploads\/2023\/05\/HCd-celeste-arouxet.jpg?resize=768%2C427&amp;ssl=1 768w\" sizes=\"auto, (max-width: 800px) 100vw, 800px\" \/><\/p>\n<p>&nbsp;<\/p>\n<blockquote><p>Adem\u00e1s hubo espacio para la rosca, para las estrategias y las exposiciones. Pero lo vamos a analizar -sin \u00e1nimos de ofender- desde un punto de vista particular: las mujeres al poder.<\/p><\/blockquote>\n<p>&nbsp;<\/p>\n<p><strong>Guillermina Amespil (Juntos) dio un interesante y completo discurso defendiendo la postura de una buena cantidad de vecinos de Sierras Bayas que mostraron como un triunfo \u201chist\u00f3rico\u201d y \u201cpropio\u201d de muchos a\u00f1os de lucha.<\/strong> Hoy, casualmente, dar\u00e1n un abrazo simb\u00f3lico al cerro. Cabe destacar que la propuesta, presentada en 2021, fue realizada por concejales de la bancada oficialista.<\/p>\n<p>&nbsp;<\/p>\n<p>Se trata, seg\u00fan Amespil, de<em> \u201cuna oportunidad para la localidad de repensarse, de repensar la matriz productiva, de generar puestos de trabajo distintos, de encontrar en su lugar por ejemplo para quienes llevan adelante el bachillerato de la secundaria de Sierras Bayas que es con orientaci\u00f3n en turismo. Hay muchos proyectos que tienen proyectos con el cerro en su estado natural, preserv\u00e1ndolo es como se podr\u00edan llevar adelante estos proyectos. Sierras Bayas no tienen que morir siendo un pueblo minero, es mucho m\u00e1s\u201d.<\/em><\/p>\n<p>&nbsp;<\/p>\n<p><strong>Mercedes Land\u00edvar anticip\u00f3 que el Frente de Todos acompa\u00f1ar\u00eda la propuesta pero pidi\u00f3 debatir, de verdad, un proyecto de ciudad,<\/strong> dado que el Proyecto Lara preve\u00eda inversiones en infraestructura en contraposici\u00f3n a la explotaci\u00f3n minera, algo que fue cambiando con el correr de los a\u00f1os (y el uso del Impuesto a la Piedra), y que hay que <em>\u201cver c\u00f3mo se armoniza la actividad minera y la actividad tur\u00edstica, pero hay que hacer cosas concretas\u201d.<\/em><\/p>\n<p>&nbsp;<\/p>\n<p><img data-recalc-dims=\"1\" loading=\"lazy\" decoding=\"async\" class=\"alignnone size-full wp-image-84726\" src=\"https:\/\/i0.wp.com\/cdnoticias.com\/wp-content\/uploads\/2023\/05\/HCD-mercedes-landivar.jpg?resize=800%2C445&#038;ssl=1\" alt=\"\" width=\"800\" height=\"445\" srcset=\"https:\/\/i0.wp.com\/cdnoticias.com\/wp-content\/uploads\/2023\/05\/HCD-mercedes-landivar.jpg?w=800&amp;ssl=1 800w, https:\/\/i0.wp.com\/cdnoticias.com\/wp-content\/uploads\/2023\/05\/HCD-mercedes-landivar.jpg?resize=300%2C167&amp;ssl=1 300w, https:\/\/i0.wp.com\/cdnoticias.com\/wp-content\/uploads\/2023\/05\/HCD-mercedes-landivar.jpg?resize=768%2C427&amp;ssl=1 768w\" sizes=\"auto, (max-width: 800px) 100vw, 800px\" \/><\/p>\n<p>&nbsp;<\/p>\n<blockquote><p>\u201cDeseamos que el estado municipal est\u00e9 presente en el desarrollo de la comunidad y que trabaje de manera conjunta y articulada\u201d. Es decir, no es solo declarar reserva natural al Cerro y ya, sino repensar en conjunto a la localidad de ahora en m\u00e1s.<\/p><\/blockquote>\n<p>&nbsp;<\/p>\n<p><strong>Celeste Arouxet realiz\u00f3 un cr\u00edtico pero v\u00e1lido planteo en el que denunci\u00f3 un proyecto \u201cincompleto\u201d dado que faltan consideraciones no s\u00f3lo de empresarios de canteras, sino tambi\u00e9n de la postura de 160 familias que podr\u00edan quedarse sin trabajo cuando las empresas se queden sin yacimientos que explotar<\/strong>. Denunci\u00f3 que el proyecto no tiene \u201cun plan tur\u00edstico integral\u201d y que al no haber controles municipales \u201cc\u00f3mo se garantiza el cumplimiento de la ordenanza\u201d.<\/p>\n<p>&nbsp;<\/p>\n<p><strong>Pidi\u00f3 abstenerse de la votaci\u00f3n pero la UCR y Juntos no se lo permitieron, por lo que fue el \u00fanico espacio en votar en contra, en una decisi\u00f3n cargada de sentidos pero que fue con mucha convicci\u00f3n.<\/strong> Nicol\u00e1s Marinangeli se lo remarc\u00f3 en un comunicado minutos despu\u00e9s de finalizada la sesi\u00f3n pero Arouxet emiti\u00f3 otro comunicado en el que defendi\u00f3 su postura y dijo que tanto oficialismo como oposici\u00f3n <em>\u201ctienen 18 meses para resolver el destino de las familias que se pueden quedar sin trabajo\u201d.<\/em><\/p>\n<p>&nbsp;<\/p>\n<p><strong>Hablamos de mujeres al poder y el bloque UCR estuvo representado por Bel\u00e9n Vergel<\/strong>, quien sin dudar adelant\u00f3 el acompa\u00f1amiento al proyecto, ante la alegr\u00eda y la emoci\u00f3n de los presentes y los miles de vecinos de Sierras Bayas, que mostraron esto como <strong><em>\u201cuna victoria ante Olavarr\u00eda y sus intereses\u201d<\/em><\/strong> <strong>denunciando una vez m\u00e1s la falta de inversiones en la localidad.<\/strong><\/p>\n<p>&nbsp;<\/p>\n<p>Interesantes debates de un proyecto que lleva a\u00f1os y que m\u00e1s all\u00e1 de las aristas y las posiciones contrapuestas, necesitaba una postura, una determinaci\u00f3n, y una decisi\u00f3n. <strong>Es una forma de legislar para siempre, como lo pens\u00f3 el Senador Lara hace 70 a\u00f1os, y esperemos que los que gestionan y legislan ahora piensen los pr\u00f3ximos 70.<\/strong><\/p>\n<p>&nbsp;<\/p>\n<p><span style=\"text-decoration: underline;\"><strong>La protesta como medio y como fin<\/strong><\/span><\/p>\n<p>&nbsp;<\/p>\n<p><img data-recalc-dims=\"1\" loading=\"lazy\" decoding=\"async\" class=\"alignnone size-large wp-image-84597\" src=\"https:\/\/i0.wp.com\/cdnoticias.com\/wp-content\/uploads\/2023\/05\/verdurazo-feria-verduras-13.jpg?resize=800%2C445&#038;ssl=1\" alt=\"\" width=\"800\" height=\"445\" srcset=\"https:\/\/i0.wp.com\/cdnoticias.com\/wp-content\/uploads\/2023\/05\/verdurazo-feria-verduras-13-scaled.jpg?resize=1024%2C570&amp;ssl=1 1024w, https:\/\/i0.wp.com\/cdnoticias.com\/wp-content\/uploads\/2023\/05\/verdurazo-feria-verduras-13-scaled.jpg?resize=300%2C167&amp;ssl=1 300w, https:\/\/i0.wp.com\/cdnoticias.com\/wp-content\/uploads\/2023\/05\/verdurazo-feria-verduras-13-scaled.jpg?resize=768%2C427&amp;ssl=1 768w, https:\/\/i0.wp.com\/cdnoticias.com\/wp-content\/uploads\/2023\/05\/verdurazo-feria-verduras-13-scaled.jpg?resize=1536%2C854&amp;ssl=1 1536w, https:\/\/i0.wp.com\/cdnoticias.com\/wp-content\/uploads\/2023\/05\/verdurazo-feria-verduras-13-scaled.jpg?resize=2048%2C1139&amp;ssl=1 2048w, https:\/\/i0.wp.com\/cdnoticias.com\/wp-content\/uploads\/2023\/05\/verdurazo-feria-verduras-13-scaled.jpg?resize=800%2C445&amp;ssl=1 800w, https:\/\/i0.wp.com\/cdnoticias.com\/wp-content\/uploads\/2023\/05\/verdurazo-feria-verduras-13-scaled.jpg?w=1600&amp;ssl=1 1600w, https:\/\/i0.wp.com\/cdnoticias.com\/wp-content\/uploads\/2023\/05\/verdurazo-feria-verduras-13-scaled.jpg?w=2400&amp;ssl=1 2400w\" sizes=\"auto, (max-width: 800px) 100vw, 800px\" \/><\/p>\n<p>&nbsp;<\/p>\n<p>Despu\u00e9s de lo que contamos la semana pasada acerca de las ferias de verduras de la Federaci\u00f3n Rural que no pudieron realizarse ya que se present\u00f3 personal policial y de Bromatolog\u00eda por la falta de habilitaci\u00f3n, se convoc\u00f3 a una manifestaci\u00f3n. <strong>Y como suele suceder con este sector, parte de la protesta es un \u201cverdurazo\u201d: regalan su producci\u00f3n.<\/strong><\/p>\n<p>&nbsp;<\/p>\n<blockquote><p>Este vez convocaron a la plaza central. Frente al Municipio aprovecharon a sumar firmas para acompa\u00f1ar el proyecto que presentaron al Concejo para regularizar las ferias.<\/p><\/blockquote>\n<p>&nbsp;<\/p>\n<p>Tal como lo hab\u00edamos expuesto la semana pasada, parte del conflicto que impide a los productores hort\u00edcolas llegar a tener habilitaci\u00f3n municipal es la presi\u00f3n de los comerciantes verduleros, a quienes ellos mismos abastecen.<em><strong> \u201cLos verduleros no nos quieren dejar feriar por el tema de que nosotros vendemos m\u00e1s barato y la gente supuestamente ya no les compra a ellos\u201d<\/strong><\/em> dijo una de las agricultoras.<\/p>\n<p>&nbsp;<\/p>\n<p>Respecto de la protesta, fue muy llamativa por su masiva convocatoria:<strong> mucho m\u00e1s que una cuadra de cola de vecinos que se acercaron para poder recibir algunas verduras gratis.<\/strong> Destacaron los \u201cprecios accesibles\u201d de los productos en las ferias, de las dificultades para comprar alimentos de buenas calidad a buen precio y tambi\u00e9n marcaron la necesidad de la regulaci\u00f3n. De hecho, la cantidad de productos que llevaron inicialmente los productores no alcanz\u00f3, y fueron a buscar una segunda tanda para repartir a fin de que todos los que hab\u00edan ido se llevaran algo.<\/p>\n<p>&nbsp;<\/p>\n<p><img data-recalc-dims=\"1\" loading=\"lazy\" decoding=\"async\" class=\"alignnone size-large wp-image-84599\" src=\"https:\/\/i0.wp.com\/cdnoticias.com\/wp-content\/uploads\/2023\/05\/verdurazo-feria-verduras-15.jpg?resize=800%2C445&#038;ssl=1\" alt=\"\" width=\"800\" height=\"445\" srcset=\"https:\/\/i0.wp.com\/cdnoticias.com\/wp-content\/uploads\/2023\/05\/verdurazo-feria-verduras-15-scaled.jpg?resize=1024%2C570&amp;ssl=1 1024w, https:\/\/i0.wp.com\/cdnoticias.com\/wp-content\/uploads\/2023\/05\/verdurazo-feria-verduras-15-scaled.jpg?resize=300%2C167&amp;ssl=1 300w, https:\/\/i0.wp.com\/cdnoticias.com\/wp-content\/uploads\/2023\/05\/verdurazo-feria-verduras-15-scaled.jpg?resize=768%2C427&amp;ssl=1 768w, https:\/\/i0.wp.com\/cdnoticias.com\/wp-content\/uploads\/2023\/05\/verdurazo-feria-verduras-15-scaled.jpg?resize=1536%2C854&amp;ssl=1 1536w, https:\/\/i0.wp.com\/cdnoticias.com\/wp-content\/uploads\/2023\/05\/verdurazo-feria-verduras-15-scaled.jpg?resize=2048%2C1139&amp;ssl=1 2048w, https:\/\/i0.wp.com\/cdnoticias.com\/wp-content\/uploads\/2023\/05\/verdurazo-feria-verduras-15-scaled.jpg?resize=800%2C445&amp;ssl=1 800w, https:\/\/i0.wp.com\/cdnoticias.com\/wp-content\/uploads\/2023\/05\/verdurazo-feria-verduras-15-scaled.jpg?w=1600&amp;ssl=1 1600w, https:\/\/i0.wp.com\/cdnoticias.com\/wp-content\/uploads\/2023\/05\/verdurazo-feria-verduras-15-scaled.jpg?w=2400&amp;ssl=1 2400w\" sizes=\"auto, (max-width: 800px) 100vw, 800px\" \/><\/p>\n<p>&nbsp;<\/p>\n<p>\u201c<strong><em>Usualmente no hay esta cantidad de gente. Hoy me sorprendi\u00f3 porque la gente, como nos dijo el s\u00e1bado, nos va a apoyar en todo. Ellos mismos dijeron que con la calidad que nosotros vendemos y la calidad que compran de la verduler\u00eda no se compara, ni la calidad ni los precios\u201d<\/em><\/strong> dijo una de las productoras que adem\u00e1s vende en un puesto de las ferias. \u201cNo es justo que nos proh\u00edban dos veces al mes poder comercializar en forma directa nuestras producciones con los consumidores. Les agradecemos a los vecinos, a las organizaciones compa\u00f1eras que se acercaron a apoyar\u201d sostuvo un representante de la Federaci\u00f3n Rural.<\/p>\n<p>&nbsp;<\/p>\n<p>La situaci\u00f3n mostr\u00f3 no solamente un apoyo a los productores y las ferias, sino que <strong>es el s\u00edntoma que el viernes se reflej\u00f3 en el dato de los m\u00e1s de ocho puntos de inflaci\u00f3n que marc\u00f3 el Indec para abril.<\/strong> En el desglosado, los alimentos son el rubro que m\u00e1s aumenta mes a mes. La p\u00e9rdida del poder adquisitivo es el impacto directo en las ollas y los platos. Nadie se hizo eco p\u00fablicamente de este aspecto que evidenci\u00f3 el \u201cverdurazo\u201d.<\/p>\n<p>&nbsp;<\/p>\n<p><span style=\"text-decoration: underline;\"><strong>Siempre hay m\u00e1s<\/strong><\/span><\/p>\n<p>&nbsp;<\/p>\n<p><strong>Hay proyecto.<\/strong> El bloque oficialista present\u00f3 el proyecto de ordenanza de \u201ccampa\u00f1a limpia\u201d en el Concejo. Lo hab\u00eda planteado Ezequiel Galli y ahora se formaliz\u00f3. \u201cPretendemos llevar adelante la campa\u00f1a pol\u00edtica evitando la contaminaci\u00f3n visual y aportando a una Olavarr\u00eda m\u00e1s limpia\u201d dijo Mart\u00edn Endere. El proyecto busca proh\u00edbir la colocaci\u00f3n de pasacalles sobre avenidas, calles, pasajes, arbolado p\u00fablico y dem\u00e1s espacios p\u00fablicos del partido de Olavarr\u00eda. Adem\u00e1s, refiere a la no utilizaci\u00f3n de columnas, sem\u00e1foros, puentes o carteles indicadores como soporte para carteler\u00eda de publicidad pol\u00edtica.<\/p>\n<p>&nbsp;<\/p>\n<p><strong>\u00bfElecciones desdobladas?<\/strong> Las PASO en la provincia est\u00e1n llamadas para el 12 de agosto, junto con las nacionales. Pero parece que las generales bonaerenses se van a desdoblar de las nacionales. \u201cHay posibilidad\u201d de avanzar en un desdoblamiento para \u201cdiscutir el modelo de la provincia de Buenos Aires que a veces se ve opacado por la discusi\u00f3n nacional\u201d, dijo Axel Kicillof. Aclar\u00f3 que \u201cpor ley las elecciones PASO las tenemos que hacer en conjunto con la Naci\u00f3n, pero en la elecci\u00f3n general, nos lo permiten nuestras leyes, hacerlas de manera desdoblada\u201d.<\/p>\n<p>&nbsp;<\/p>\n<p><strong>Robbiani respondi\u00f3.<\/strong> En la sesi\u00f3n del jueves se incluy\u00f3 el tratamiento de un proyecto de comunicaci\u00f3n de los concejales del Frente de Todos que ped\u00edan que el secretario Diego Robbiai respondiera dos pedidos de informe aprobados en la sesi\u00f3n del 13 de abril, cuando se plantearon las denuncias por desv\u00edos de fondos en el \u00e1rea de Desarrollo Social.\u00a0Cuando la sesi\u00f3n ya hab\u00eda empezado, el secretario Robbiani comunic\u00f3 a trav\u00e9s de redes sociales que hab\u00eda respondido las preguntas realizadas. Mercedes Land\u00edvar consider\u00f3 \u201cmuy poco serio lo que el doctor Robbiani hizo en el d\u00eda de hoy. Estaba leyendo la nota del otro d\u00eda donde cierra diciendo que es muy sensible el tema para hacer un show. El show lo est\u00e1 realizando \u00e9l, desde que comenz\u00f3\u201d. La comunicaci\u00f3n fue aprobada con los votos de Frente de Todos, Foro Olavarr\u00eda, UCR-Juntos y Ahora Olavarr\u00eda. Juntos vot\u00f3 en contra.<\/p>\n<p>&nbsp;<\/p>\n<p><span style=\"text-decoration: underline;\"><strong>Un extracto<\/strong><\/span><\/p>\n<p>&nbsp;<\/p>\n<p>Esta publicaci\u00f3n es parte de la edici\u00f3n de este domingo del newsletter Volver a las Fuentes que escriben Alexis Grierson y Josefina Bargas. <a href=\"https:\/\/mailchi.mp\/477600b4c3ec\/se-hace-camino-al-andar-ahora-todos-juntos?e=b6c762679c\" target=\"_blank\" rel=\"noopener\">La edici\u00f3n completa est\u00e1 disponible aqu\u00ed<\/a> y tiene un<a href=\"https:\/\/linktr.ee\/nhdp_valf\" target=\"_blank\" rel=\"noopener\"> sistema de suscripci\u00f3n econ\u00f3mica y aportes \u00fanicos al que se puede acceder aqu\u00ed.<\/a><\/p>\n","protected":false},"excerpt":{"rendered":"<p>El s\u00e1bado por la ma\u00f1ana, sobredosis de precandidatos y militancia. La recepci\u00f3n y los objetivos. Cerro Largo, La M\u00e1xima y<\/p>\n","protected":false},"author":2,"featured_media":84965,"comment_status":"closed","ping_status":"closed","sticky":false,"template":"","format":"standard","meta":{"_jetpack_memberships_contains_paid_content":false,"footnotes":""},"categories":[4,1],"tags":[],"class_list":["post-84964","post","type-post","status-publish","format-standard","has-post-thumbnail","hentry","category-politica","category-portada"],"jetpack_featured_media_url":"https:\/\/i0.wp.com\/cdnoticias.com\/wp-content\/uploads\/2023\/05\/Diseno-sin-titulo-15.png?fit=900%2C600&ssl=1","jetpack_sharing_enabled":true,"_links":{"self":[{"href":"https:\/\/cdnoticias.com\/index.php\/wp-json\/wp\/v2\/posts\/84964","targetHints":{"allow":["GET"]}}],"collection":[{"href":"https:\/\/cdnoticias.com\/index.php\/wp-json\/wp\/v2\/posts"}],"about":[{"href":"https:\/\/cdnoticias.com\/index.php\/wp-json\/wp\/v2\/types\/post"}],"author":[{"embeddable":true,"href":"https:\/\/cdnoticias.com\/index.php\/wp-json\/wp\/v2\/users\/2"}],"replies":[{"embeddable":true,"href":"https:\/\/cdnoticias.com\/index.php\/wp-json\/wp\/v2\/comments?post=84964"}],"version-history":[{"count":0,"href":"https:\/\/cdnoticias.com\/index.php\/wp-json\/wp\/v2\/posts\/84964\/revisions"}],"wp:featuredmedia":[{"embeddable":true,"href":"https:\/\/cdnoticias.com\/index.php\/wp-json\/wp\/v2\/media\/84965"}],"wp:attachment":[{"href":"https:\/\/cdnoticias.com\/index.php\/wp-json\/wp\/v2\/media?parent=84964"}],"wp:term":[{"taxonomy":"category","embeddable":true,"href":"https:\/\/cdnoticias.com\/index.php\/wp-json\/wp\/v2\/categories?post=84964"},{"taxonomy":"post_tag","embeddable":true,"href":"https:\/\/cdnoticias.com\/index.php\/wp-json\/wp\/v2\/tags?post=84964"}],"curies":[{"name":"wp","href":"https:\/\/api.w.org\/{rel}","templated":true}]}}