{"id":84955,"date":"2023-05-14T18:20:50","date_gmt":"2023-05-14T21:20:50","guid":{"rendered":"https:\/\/www.centraldenoticias.com.ar\/?p=84955"},"modified":"2023-05-14T18:20:50","modified_gmt":"2023-05-14T21:20:50","slug":"emotivo-acto-protocolar-por-el-145-aniversario-de-colonia-nievas","status":"publish","type":"post","link":"https:\/\/cdnoticias.com\/index.php\/2023\/05\/14\/emotivo-acto-protocolar-por-el-145-aniversario-de-colonia-nievas\/","title":{"rendered":"Emotivo acto protocolar por el 145\u00b0 aniversario de Colonia Nievas"},"content":{"rendered":"<p>Fue encabezado por el Intendente Galli. Se inaugur\u00f3 una muestra fotogr\u00e1fica junto a Facso Producciones. Todo, en la previa de la gran Fiesta de la Kerb. <!--more--><\/p>\n<hr \/>\n<p>En el mediod\u00eda de este domingo,<strong> el intendente Ezequiel Galli, funcionarios y legisladores locales participaron del acto protocolar por el 145\u00b0 Aniversario del asentamiento de los primeros inmigrantes en Colonia Nievas.<\/strong><\/p>\n<p>&nbsp;<\/p>\n<p><img data-recalc-dims=\"1\" loading=\"lazy\" decoding=\"async\" class=\"alignnone size-large wp-image-84956\" src=\"https:\/\/i0.wp.com\/cdnoticias.com\/wp-content\/uploads\/2023\/05\/Cultura-Fiesta-Kerb-Colonia-Nievas-2-scaled-1.jpg?resize=800%2C534&#038;ssl=1\" alt=\"\" width=\"800\" height=\"534\" srcset=\"https:\/\/i0.wp.com\/cdnoticias.com\/wp-content\/uploads\/2023\/05\/Cultura-Fiesta-Kerb-Colonia-Nievas-2-scaled-1.jpg?resize=1024%2C684&amp;ssl=1 1024w, https:\/\/i0.wp.com\/cdnoticias.com\/wp-content\/uploads\/2023\/05\/Cultura-Fiesta-Kerb-Colonia-Nievas-2-scaled-1.jpg?resize=300%2C201&amp;ssl=1 300w, https:\/\/i0.wp.com\/cdnoticias.com\/wp-content\/uploads\/2023\/05\/Cultura-Fiesta-Kerb-Colonia-Nievas-2-scaled-1.jpg?resize=768%2C513&amp;ssl=1 768w, https:\/\/i0.wp.com\/cdnoticias.com\/wp-content\/uploads\/2023\/05\/Cultura-Fiesta-Kerb-Colonia-Nievas-2-scaled-1.jpg?resize=1536%2C1027&amp;ssl=1 1536w, https:\/\/i0.wp.com\/cdnoticias.com\/wp-content\/uploads\/2023\/05\/Cultura-Fiesta-Kerb-Colonia-Nievas-2-scaled-1.jpg?resize=2048%2C1369&amp;ssl=1 2048w, https:\/\/i0.wp.com\/cdnoticias.com\/wp-content\/uploads\/2023\/05\/Cultura-Fiesta-Kerb-Colonia-Nievas-2-scaled-1.jpg?resize=272%2C182&amp;ssl=1 272w, https:\/\/i0.wp.com\/cdnoticias.com\/wp-content\/uploads\/2023\/05\/Cultura-Fiesta-Kerb-Colonia-Nievas-2-scaled-1.jpg?w=1600&amp;ssl=1 1600w, https:\/\/i0.wp.com\/cdnoticias.com\/wp-content\/uploads\/2023\/05\/Cultura-Fiesta-Kerb-Colonia-Nievas-2-scaled-1.jpg?w=2400&amp;ssl=1 2400w\" sizes=\"auto, (max-width: 800px) 100vw, 800px\" \/><\/p>\n<p>&nbsp;<\/p>\n<blockquote><p>El mismo tuvo lugar en el Club Juventud Unida, con la presencia de autoridades municipales, concejales, miembros de la Facultad de Ciencias Sociales, representantes de instituciones, vecinos de Colonia Nievas y p\u00fablico en general.<\/p><\/blockquote>\n<p>&nbsp;<\/p>\n<p>Gabriela Delia y Ayelen Sagarna brindaron las palabras de bienvenida y presentaron el trabajo realizado para poner en valor el patrimonio de Colonia Nievas<strong>. Inauguraron la muestra fotogr\u00e1fica \u201cRecuadros de Nievas: un vistazo de 145 a\u00f1os de historia\u201d y compartieron un producto audiovisual titulado \u201cColonia Nievas, un presente con historia\u201d, realizado por la productora de contenidos Facso Producciones.<\/strong><\/p>\n<p>&nbsp;<\/p>\n<p><em>\u201cMe queda la frase \u2018un presente con historia\u2019. Tantas historias tienen las localidades del Partido, las Colonias que se fueron gestando hace tantos a\u00f1os. Hace 145 a\u00f1os atr\u00e1s, Olavarr\u00eda era incipiente todav\u00eda y se empezaban a instalar los Alemanes del Volga buscando futuro, oportunidades, sabiendo que en este lugar la tierra era de prosperidad y se pod\u00eda pensar en un futuro donde se apostaba al trabajo y la producci\u00f3n\u201d,<\/em> asegur\u00f3 el intendente Ezequiel Galli.<\/p>\n<p>&nbsp;<\/p>\n<p><img data-recalc-dims=\"1\" loading=\"lazy\" decoding=\"async\" class=\"alignnone size-large wp-image-84958\" src=\"https:\/\/i0.wp.com\/cdnoticias.com\/wp-content\/uploads\/2023\/05\/Cultura-Fiesta-Kerb-Colonia-Nievas-4-scaled-1.jpg?resize=800%2C534&#038;ssl=1\" alt=\"\" width=\"800\" height=\"534\" srcset=\"https:\/\/i0.wp.com\/cdnoticias.com\/wp-content\/uploads\/2023\/05\/Cultura-Fiesta-Kerb-Colonia-Nievas-4-scaled-1.jpg?resize=1024%2C684&amp;ssl=1 1024w, https:\/\/i0.wp.com\/cdnoticias.com\/wp-content\/uploads\/2023\/05\/Cultura-Fiesta-Kerb-Colonia-Nievas-4-scaled-1.jpg?resize=300%2C201&amp;ssl=1 300w, https:\/\/i0.wp.com\/cdnoticias.com\/wp-content\/uploads\/2023\/05\/Cultura-Fiesta-Kerb-Colonia-Nievas-4-scaled-1.jpg?resize=768%2C513&amp;ssl=1 768w, https:\/\/i0.wp.com\/cdnoticias.com\/wp-content\/uploads\/2023\/05\/Cultura-Fiesta-Kerb-Colonia-Nievas-4-scaled-1.jpg?resize=1536%2C1027&amp;ssl=1 1536w, https:\/\/i0.wp.com\/cdnoticias.com\/wp-content\/uploads\/2023\/05\/Cultura-Fiesta-Kerb-Colonia-Nievas-4-scaled-1.jpg?resize=2048%2C1369&amp;ssl=1 2048w, https:\/\/i0.wp.com\/cdnoticias.com\/wp-content\/uploads\/2023\/05\/Cultura-Fiesta-Kerb-Colonia-Nievas-4-scaled-1.jpg?resize=272%2C182&amp;ssl=1 272w, https:\/\/i0.wp.com\/cdnoticias.com\/wp-content\/uploads\/2023\/05\/Cultura-Fiesta-Kerb-Colonia-Nievas-4-scaled-1.jpg?w=1600&amp;ssl=1 1600w, https:\/\/i0.wp.com\/cdnoticias.com\/wp-content\/uploads\/2023\/05\/Cultura-Fiesta-Kerb-Colonia-Nievas-4-scaled-1.jpg?w=2400&amp;ssl=1 2400w\" sizes=\"auto, (max-width: 800px) 100vw, 800px\" \/><\/p>\n<p>&nbsp;<\/p>\n<p>Asimismo, agreg\u00f3 que<strong><em> \u201ces un honor y un placer que me hayan invitado, ver mantener viva las ra\u00edces es muy grato, hace que sea un \u2018presente con historia\u2019, porque es parte de mantener vivas las costumbres de cada una de las localidades de Olavarr\u00eda\u201d.<\/em><\/strong><\/p>\n<p>&nbsp;<\/p>\n<p><img data-recalc-dims=\"1\" loading=\"lazy\" decoding=\"async\" class=\"alignnone size-large wp-image-84959\" src=\"https:\/\/i0.wp.com\/cdnoticias.com\/wp-content\/uploads\/2023\/05\/Cultura-Fiesta-Kerb-Colonia-Nievas-5-scaled-1.jpg?resize=800%2C534&#038;ssl=1\" alt=\"\" width=\"800\" height=\"534\" srcset=\"https:\/\/i0.wp.com\/cdnoticias.com\/wp-content\/uploads\/2023\/05\/Cultura-Fiesta-Kerb-Colonia-Nievas-5-scaled-1.jpg?resize=1024%2C684&amp;ssl=1 1024w, https:\/\/i0.wp.com\/cdnoticias.com\/wp-content\/uploads\/2023\/05\/Cultura-Fiesta-Kerb-Colonia-Nievas-5-scaled-1.jpg?resize=300%2C201&amp;ssl=1 300w, https:\/\/i0.wp.com\/cdnoticias.com\/wp-content\/uploads\/2023\/05\/Cultura-Fiesta-Kerb-Colonia-Nievas-5-scaled-1.jpg?resize=768%2C513&amp;ssl=1 768w, https:\/\/i0.wp.com\/cdnoticias.com\/wp-content\/uploads\/2023\/05\/Cultura-Fiesta-Kerb-Colonia-Nievas-5-scaled-1.jpg?resize=1536%2C1027&amp;ssl=1 1536w, https:\/\/i0.wp.com\/cdnoticias.com\/wp-content\/uploads\/2023\/05\/Cultura-Fiesta-Kerb-Colonia-Nievas-5-scaled-1.jpg?resize=2048%2C1369&amp;ssl=1 2048w, https:\/\/i0.wp.com\/cdnoticias.com\/wp-content\/uploads\/2023\/05\/Cultura-Fiesta-Kerb-Colonia-Nievas-5-scaled-1.jpg?resize=272%2C182&amp;ssl=1 272w, https:\/\/i0.wp.com\/cdnoticias.com\/wp-content\/uploads\/2023\/05\/Cultura-Fiesta-Kerb-Colonia-Nievas-5-scaled-1.jpg?w=1600&amp;ssl=1 1600w, https:\/\/i0.wp.com\/cdnoticias.com\/wp-content\/uploads\/2023\/05\/Cultura-Fiesta-Kerb-Colonia-Nievas-5-scaled-1.jpg?w=2400&amp;ssl=1 2400w\" sizes=\"auto, (max-width: 800px) 100vw, 800px\" \/><\/p>\n<p>&nbsp;<\/p>\n<p>Tras su palabra, concejales del HCD entregaron resoluciones del cuerpo, que declararon de Inter\u00e9s Legislativo al proyecto <strong><em>\u201cEstrategias de visibilizaci\u00f3n y sostenibilidad del patrimonio cultural de Colonia Nievas\u201d<\/em><\/strong>; al producto audiovisual <strong><em>\u201cColonia Nievas, un presente con historia\u201d<\/em><\/strong>; a la muestra fotogr\u00e1fica <strong><em>\u201cRecuadros de Nievas: un vistazo de 145 a\u00f1os de historia\u201d<\/em><\/strong> y al <strong>homenaje al Tte. de Nav\u00edo Diego Wagner Clar.<\/strong><\/p>\n<p>&nbsp;<\/p>\n<p>Tras el acto protocolar, comenz\u00f3 la programaci\u00f3n de la Fiesta de la Kerb.<\/p>\n","protected":false},"excerpt":{"rendered":"<p>Fue encabezado por el Intendente Galli. Se inaugur\u00f3 una muestra fotogr\u00e1fica junto a Facso Producciones. Todo, en la previa de<\/p>\n","protected":false},"author":2,"featured_media":84957,"comment_status":"closed","ping_status":"closed","sticky":false,"template":"","format":"standard","meta":{"_jetpack_memberships_contains_paid_content":false,"footnotes":""},"categories":[5,1],"tags":[],"class_list":["post-84955","post","type-post","status-publish","format-standard","has-post-thumbnail","hentry","category-informacion-general","category-portada"],"jetpack_featured_media_url":"https:\/\/i0.wp.com\/cdnoticias.com\/wp-content\/uploads\/2023\/05\/Cultura-Fiesta-Kerb-Colonia-Nievas-3-scaled-1.jpg?fit=2560%2C1711&ssl=1","jetpack_sharing_enabled":true,"_links":{"self":[{"href":"https:\/\/cdnoticias.com\/index.php\/wp-json\/wp\/v2\/posts\/84955","targetHints":{"allow":["GET"]}}],"collection":[{"href":"https:\/\/cdnoticias.com\/index.php\/wp-json\/wp\/v2\/posts"}],"about":[{"href":"https:\/\/cdnoticias.com\/index.php\/wp-json\/wp\/v2\/types\/post"}],"author":[{"embeddable":true,"href":"https:\/\/cdnoticias.com\/index.php\/wp-json\/wp\/v2\/users\/2"}],"replies":[{"embeddable":true,"href":"https:\/\/cdnoticias.com\/index.php\/wp-json\/wp\/v2\/comments?post=84955"}],"version-history":[{"count":0,"href":"https:\/\/cdnoticias.com\/index.php\/wp-json\/wp\/v2\/posts\/84955\/revisions"}],"wp:featuredmedia":[{"embeddable":true,"href":"https:\/\/cdnoticias.com\/index.php\/wp-json\/wp\/v2\/media\/84957"}],"wp:attachment":[{"href":"https:\/\/cdnoticias.com\/index.php\/wp-json\/wp\/v2\/media?parent=84955"}],"wp:term":[{"taxonomy":"category","embeddable":true,"href":"https:\/\/cdnoticias.com\/index.php\/wp-json\/wp\/v2\/categories?post=84955"},{"taxonomy":"post_tag","embeddable":true,"href":"https:\/\/cdnoticias.com\/index.php\/wp-json\/wp\/v2\/tags?post=84955"}],"curies":[{"name":"wp","href":"https:\/\/api.w.org\/{rel}","templated":true}]}}