{"id":84932,"date":"2023-05-14T10:10:37","date_gmt":"2023-05-14T13:10:37","guid":{"rendered":"https:\/\/www.centraldenoticias.com.ar\/?p=84932"},"modified":"2023-05-14T11:53:11","modified_gmt":"2023-05-14T14:53:11","slug":"el-fol-denuncia-la-suspension-de-un-evento-nos-trataron-como-delincuentes-comunes","status":"publish","type":"post","link":"https:\/\/cdnoticias.com\/index.php\/2023\/05\/14\/el-fol-denuncia-la-suspension-de-un-evento-nos-trataron-como-delincuentes-comunes\/","title":{"rendered":"El FOL denuncia la suspensi\u00f3n de un evento: \u201cnos trataron como delincuentes comunes\u201d"},"content":{"rendered":"<p>Se trat\u00f3 de un encuentro para recaudar fondos para la compra de una sublimadora para una cooperativa textil. Se\u00f1alaron persecuci\u00f3n y adelantaron que se manifestar\u00e1n en el Paseo Jes\u00fas Mend\u00eda.<!--more--><\/p>\n<hr \/>\n<p>El Frente de Organizaciones en Lucha (FOL) denunci\u00f3 la <strong>suspensi\u00f3n por parte de Control Urbano de un evento que se encontraba en pleno desarrollo en la Sociedad de Fomento Provincias Unidas.<\/strong><\/p>\n<p>&nbsp;<\/p>\n<p>A trav\u00e9s de un comunicado de prensa indicaron que el objetivo del encuentro era<strong> juntar fondos para comprar una sublimadora<\/strong> para la cooperativa de trabajo autogestionada por diez mujeres desocupadas.<\/p>\n<p>&nbsp;<\/p>\n<p>Adem\u00e1s denunciaron que \u201ca pesar de que la suspensi\u00f3n fue de lo m\u00e1s pac\u00edfica, ya que no ofrecimos resistencia alguna y solo pedimos algunas explicaciones l\u00f3gicas, la cantidad de m\u00f3viles policiales que fueron cayendo, en un momento fue tal que las dos calles quedaron interrumpidas al tr\u00e1nsito\u201d y de esta forma \u201cvecinas y vecinos comenzaron a salir de sus casas alterados pensando que algo muy malo hab\u00eda sucedido<strong> exponi\u00e9ndonos de esa forma negativa ante el barrio, en resumidas cuentas nos trataron como delincuentes comunes<\/strong>\u201d.<\/p>\n<p>&nbsp;<\/p>\n<p>Resaltaron que \u201cmuchas fueron las oportunidades en las que <strong>nos acercamos al Municipio a pedir ayuda para comprar este tipo de herramientas<\/strong> las cuales necesitamos para desarrollar nuestra cooperativa pero las respuestas, por parte de Diego Robbiani siempre fueron negativas aduciendo que les parece muy bien lo que hacemos pero que no tienen fondos para eso\u201d.<\/p>\n<p>&nbsp;<\/p>\n<p>\u201cCuando nosotras generamos esa fuente de trabajo por nuestra cuenta, no te colaboran con nada y ahora, encima, lo que si llega a sorprendernos es que <strong>nos suspenden los eventos que realizamos para juntar la guita que ellos mismos nos niegan<\/strong>\u201d, agregaron.<\/p>\n<p>&nbsp;<\/p>\n<blockquote><p>\u201cNo entendemos que es lo que buscan con esta persecuci\u00f3n. \u00bfSer\u00e1 que pretenden que no laburemos para poder decir que somos vagas y vagos? \u00bfSer\u00e1 que pretenden poner palos en las ruedas hasta que nos cansemos y nos demos por vencidas? \u00bfSer\u00e1 que la comodidad de sus mansiones les quita la empat\u00eda?\u201d.<\/p><\/blockquote>\n<p>&nbsp;<\/p>\n<p>Por otra parte, las trabajadoras de la cooperativa contaron que \u201cno solo, no pudimos juntar los fondos que necesitamos, sino que <strong>perdimos la plata invertida que en parte, eran fondos de la sociedad de fomento<\/strong>\u201d y afirmaron que esta situaci\u00f3n <strong>afectar\u00e1 al comedor \u201cPocho Leprati\u201d<\/strong> que \u201calimenta a 80 personas 3 d\u00edas a la semana desde hace m\u00e1s de 4 a\u00f1os y tampoco recibi\u00f3 ayuda nunca por parte del gobierno de Galli\u201d.<\/p>\n<p>&nbsp;<\/p>\n<p>\u201cToda esa polic\u00eda deber\u00eda de caerles a ellos que son un gobierno de corruptos, nosotras somos laburantes que tratamos de afrontar una crisis econ\u00f3mica pocas veces antes vista, intentamos hacernos de las herramientas que nos permitan afrontar el escenario venidero\u201d, se\u00f1alaron.<\/p>\n<p>&nbsp;<\/p>\n<p>Por \u00faltimo, aseguraron que <strong>se manifestar\u00e1n en el Paseo Jes\u00fas Mend\u00eda para difundir lo que sucedi\u00f3<\/strong> y que \u201clas bandas que iban a tocar la noche en que nos suspendieron van a tocar en este evento\u201d.<\/p>\n<p>&nbsp;<\/p>\n","protected":false},"excerpt":{"rendered":"<p>Se trat\u00f3 de un encuentro para recaudar fondos para la compra de una sublimadora para una cooperativa textil. Se\u00f1alaron persecuci\u00f3n<\/p>\n","protected":false},"author":5,"featured_media":5441,"comment_status":"closed","ping_status":"closed","sticky":false,"template":"","format":"standard","meta":{"_jetpack_memberships_contains_paid_content":false,"footnotes":""},"categories":[14,1],"tags":[],"class_list":["post-84932","post","type-post","status-publish","format-standard","has-post-thumbnail","hentry","category-policiales","category-portada"],"jetpack_featured_media_url":"https:\/\/i0.wp.com\/cdnoticias.com\/wp-content\/uploads\/2020\/11\/control.jpg?fit=799%2C449&ssl=1","jetpack_sharing_enabled":true,"_links":{"self":[{"href":"https:\/\/cdnoticias.com\/index.php\/wp-json\/wp\/v2\/posts\/84932","targetHints":{"allow":["GET"]}}],"collection":[{"href":"https:\/\/cdnoticias.com\/index.php\/wp-json\/wp\/v2\/posts"}],"about":[{"href":"https:\/\/cdnoticias.com\/index.php\/wp-json\/wp\/v2\/types\/post"}],"author":[{"embeddable":true,"href":"https:\/\/cdnoticias.com\/index.php\/wp-json\/wp\/v2\/users\/5"}],"replies":[{"embeddable":true,"href":"https:\/\/cdnoticias.com\/index.php\/wp-json\/wp\/v2\/comments?post=84932"}],"version-history":[{"count":0,"href":"https:\/\/cdnoticias.com\/index.php\/wp-json\/wp\/v2\/posts\/84932\/revisions"}],"wp:featuredmedia":[{"embeddable":true,"href":"https:\/\/cdnoticias.com\/index.php\/wp-json\/wp\/v2\/media\/5441"}],"wp:attachment":[{"href":"https:\/\/cdnoticias.com\/index.php\/wp-json\/wp\/v2\/media?parent=84932"}],"wp:term":[{"taxonomy":"category","embeddable":true,"href":"https:\/\/cdnoticias.com\/index.php\/wp-json\/wp\/v2\/categories?post=84932"},{"taxonomy":"post_tag","embeddable":true,"href":"https:\/\/cdnoticias.com\/index.php\/wp-json\/wp\/v2\/tags?post=84932"}],"curies":[{"name":"wp","href":"https:\/\/api.w.org\/{rel}","templated":true}]}}