{"id":84927,"date":"2023-05-13T20:48:48","date_gmt":"2023-05-13T23:48:48","guid":{"rendered":"https:\/\/www.centraldenoticias.com.ar\/?p=84927"},"modified":"2023-05-14T10:10:46","modified_gmt":"2023-05-14T13:10:46","slug":"la-suprema-corte-fallo-a-favor-de-la-tenencia-de-un-nino-hijo-de-una-olavarriense","status":"publish","type":"post","link":"https:\/\/cdnoticias.com\/index.php\/2023\/05\/13\/la-suprema-corte-fallo-a-favor-de-la-tenencia-de-un-nino-hijo-de-una-olavarriense\/","title":{"rendered":"La Suprema Corte fall\u00f3 a favor de la tenencia de un ni\u00f1o hijo de una olavarriense"},"content":{"rendered":"<p>Es un caso que lleva m\u00e1s de 12 a\u00f1os de litigio tras la solicitud del padre de que el ni\u00f1o viva en Espa\u00f1a. Finalmente, vivir\u00e1 en nuestro pa\u00eds junto a su madre en el distrito de Pilar. <!--more--><\/p>\n<hr \/>\n<p>Con 4 votos contra 3,<strong> la Suprema Corte de Justicia Bonaerense rechaz\u00f3 la restituci\u00f3n de \u201cNano\u201d, un menor de 10 a\u00f1os cuyo padre, radicado en Espa\u00f1a, reclamaba que regrese a dicho pa\u00eds. De esta manera, el ni\u00f1o continuar\u00e1 viviendo junto a su madre, oriunda de Olavarr\u00eda, en el distrito bonaerense de Pilar.<\/strong><\/p>\n<p>&nbsp;<\/p>\n<blockquote><p>Su mam\u00e1 dio a conocer el fallo y valor\u00f3 que \u201cse hace valer su derecho, su palabra y voluntad&#8221; del ni\u00f1o.<\/p><\/blockquote>\n<p>&nbsp;<\/p>\n<p><em>&#8220;Tan simple como eso, aplicando el sentido com\u00fan ante todo y escuchando verdaderamente por primera vez, luego de muchas oportunidades en las que lo oyeron pero no lo escucharon&#8221;,<\/em> expres\u00f3.<\/p>\n<p>&nbsp;<\/p>\n<p>Valor\u00f3 la labor de <em>\u201clos 4 jueces que lo escucharon: toda nuestra admiraci\u00f3n y eterno agradecimiento. Rezamos para que todos los jueces del mundo apliquen su sentido com\u00fan y escuchen a los ni\u00f1os por sobre todo&#8221;. &#8220;Lo respetaron y tuvieron en cuenta su deseo. Hoy cambi\u00f3 un poco la historia en Argentina. Hoy la voz de los ni\u00f1os se hizo m\u00e1s fuerte&#8221;,<\/em> cerr\u00f3.<\/p>\n<p>&nbsp;<\/p>\n<p>Cabe recordar que <strong>el caso data de al menos 2010, cuando una pareja de profesionales se mud\u00f3 a Espa\u00f1a para radicarse all\u00ed. \u201cNano\u201d naci\u00f3 en 2013 y pocos meses despu\u00e9s se consum\u00f3 la separaci\u00f3n.<\/strong> Tras continuar viviendo en Espa\u00f1a y \u201cencargarse por completo del ni\u00f1o\u201d, tal como ella refiere, decidi\u00f3 volver a la Argentina.<\/p>\n<p>&nbsp;<\/p>\n<p><strong>En 2018, la jueza de primera instancia del Juzgado N\u00b0 22 de Madrid le otorg\u00f3 a la madre, que por entonces ten\u00eda 35 a\u00f1os, la custodia del menor y la autorizaci\u00f3n para volver a la Argentina.<\/strong> Fue entonces cuando llegaron a Pilar, donde el ni\u00f1o fue escolarizado y donde mantiene un v\u00ednculo fluido tanto con su familia materna como paterna.<\/p>\n<p>&nbsp;<\/p>\n<blockquote><p>Un a\u00f1o despu\u00e9s, el padre apel\u00f3 la sentencia que la jueza hab\u00eda dictado un a\u00f1o antes y pidi\u00f3 la restituci\u00f3n del ni\u00f1o bajo su custodia, lo que implicaba el regreso a Espa\u00f1a.<\/p><\/blockquote>\n<p>&nbsp;<\/p>\n<p>Tras ratificar que Nano sufrir\u00eda las consecuencias de un cambio de decisi\u00f3n de esta \u00edndole, semanas despu\u00e9s el <strong>Juzgado de Familia de San Isidro expidi\u00f3 una resoluci\u00f3n \u201ca los fines de llevar a cabo en el plazo m\u00e1s breve posible el regreso\u201d de Nano a Espa\u00f1a.<\/strong><\/p>\n<p>&nbsp;<\/p>\n<p>Luego de nuevas apelaciones y la incertidumbre sobre el destino de Nano, <strong>en 2021 la Suprema Corte de la Provincia suspendi\u00f3 la restituci\u00f3n del ni\u00f1o \u201cde forma provisoria\u201d hasta tanto el tribunal se expida de forma definitiva.<\/strong><\/p>\n<p>&nbsp;<\/p>\n<blockquote><p>Finalmente, en las \u00faltimas horas lleg\u00f3 el fallo definitivo de la Suprema Corte que ratifica la tenencia a su madre y su radicaci\u00f3n definitiva en Argentina.<\/p><\/blockquote>\n<p>&nbsp;<\/p>\n<p>En la lucha por esta sentencia, <strong>hubo una activa participaci\u00f3n del colectivo de actrices argentinas, que gener\u00f3 una importante visibilidad del caso.<\/strong><\/p>\n<p>&nbsp;<\/p>\n<p>Finalmente, la madre de \u201cNano\u201d le dedic\u00f3 unas palabras:<strong><em> &#8220;te salvaste con tu don de la palabra, con tu madurez temprana, con tu capacidad de oratoria y comunicaci\u00f3n. Lo hiciste vos solo y eso me enorgullece. Hoy tu voz ayudar\u00e1 a muchos ni\u00f1os m\u00e1s como siempre quisiste&#8221;.<\/em><\/strong><\/p>\n<p>&nbsp;<\/p>\n<p><em>&#8220;Este proceso se llev\u00f3 parte de tu infancia, pero ahora sos un poco M\u00e1s libre pich\u00f3n. Te mereces todo lo mejor siempre. Ahora respir\u00e1 y disfrut\u00e1&#8221;<\/em>, concluy\u00f3.<\/p>\n<p>&nbsp;<\/p>\n<p><em>Con informaci\u00f3n de Pilar Diario<\/em><\/p>\n","protected":false},"excerpt":{"rendered":"<p>Es un caso que lleva m\u00e1s de 12 a\u00f1os de litigio tras la solicitud del padre de que el ni\u00f1o<\/p>\n","protected":false},"author":2,"featured_media":84928,"comment_status":"closed","ping_status":"closed","sticky":false,"template":"","format":"standard","meta":{"_jetpack_memberships_contains_paid_content":false,"footnotes":""},"categories":[5,1],"tags":[],"class_list":["post-84927","post","type-post","status-publish","format-standard","has-post-thumbnail","hentry","category-informacion-general","category-portada"],"jetpack_featured_media_url":"https:\/\/i0.wp.com\/cdnoticias.com\/wp-content\/uploads\/2023\/05\/nino-restitu.jpg?fit=678%2C381&ssl=1","jetpack_sharing_enabled":true,"_links":{"self":[{"href":"https:\/\/cdnoticias.com\/index.php\/wp-json\/wp\/v2\/posts\/84927","targetHints":{"allow":["GET"]}}],"collection":[{"href":"https:\/\/cdnoticias.com\/index.php\/wp-json\/wp\/v2\/posts"}],"about":[{"href":"https:\/\/cdnoticias.com\/index.php\/wp-json\/wp\/v2\/types\/post"}],"author":[{"embeddable":true,"href":"https:\/\/cdnoticias.com\/index.php\/wp-json\/wp\/v2\/users\/2"}],"replies":[{"embeddable":true,"href":"https:\/\/cdnoticias.com\/index.php\/wp-json\/wp\/v2\/comments?post=84927"}],"version-history":[{"count":0,"href":"https:\/\/cdnoticias.com\/index.php\/wp-json\/wp\/v2\/posts\/84927\/revisions"}],"wp:featuredmedia":[{"embeddable":true,"href":"https:\/\/cdnoticias.com\/index.php\/wp-json\/wp\/v2\/media\/84928"}],"wp:attachment":[{"href":"https:\/\/cdnoticias.com\/index.php\/wp-json\/wp\/v2\/media?parent=84927"}],"wp:term":[{"taxonomy":"category","embeddable":true,"href":"https:\/\/cdnoticias.com\/index.php\/wp-json\/wp\/v2\/categories?post=84927"},{"taxonomy":"post_tag","embeddable":true,"href":"https:\/\/cdnoticias.com\/index.php\/wp-json\/wp\/v2\/tags?post=84927"}],"curies":[{"name":"wp","href":"https:\/\/api.w.org\/{rel}","templated":true}]}}