{"id":84892,"date":"2023-05-13T20:00:51","date_gmt":"2023-05-13T23:00:51","guid":{"rendered":"https:\/\/www.centraldenoticias.com.ar\/?p=84892"},"modified":"2023-05-13T20:49:07","modified_gmt":"2023-05-13T23:49:07","slug":"marcha-de-docentes-autoconvocados-tras-denuncias-de-abusos-en-jardines","status":"publish","type":"post","link":"https:\/\/cdnoticias.com\/index.php\/2023\/05\/13\/marcha-de-docentes-autoconvocados-tras-denuncias-de-abusos-en-jardines\/","title":{"rendered":"Marcha de docentes autoconvocados tras denuncias de abusos en jardines"},"content":{"rendered":"<p>La convocatoria que circula por redes sociales convoca a manifestarse el lunes en la plaza central. <!--more--><\/p>\n<hr \/>\n<p><strong>Docentes autoconvocados llamaron a realizar una manifestaci\u00f3n el pr\u00f3ximo lunes 15 de mayo a las 18:00 en la plaza central.<\/strong><\/p>\n<p>&nbsp;<\/p>\n<p>La medida se da luego de que <a href=\"https:\/\/cdnoticias.com\/index.php\/2023\/05\/12\/por-una-denuncia-de-abuso-sexual-una-maestra-fue-desvinculada-del-jardin-901\/\" target=\"_blank\" rel=\"noopener\">en las \u00faltimas horas se conoci\u00f3 que una docente de m\u00fasica fue apartada de su cargo en el Jard\u00edn 901 por ser acusada de abusar de un alumno que acude a la instituci\u00f3n educativa.<\/a><\/p>\n<p>&nbsp;<\/p>\n<blockquote class=\"wp-embedded-content\" data-secret=\"2uJzlGofSe\"><p><a href=\"https:\/\/cdnoticias.com\/index.php\/2023\/05\/12\/por-una-denuncia-de-abuso-sexual-una-maestra-fue-desvinculada-del-jardin-901\/\">Por una denuncia de abuso sexual, una maestra fue desvinculada del Jard\u00edn 901<\/a><\/p><\/blockquote>\n<p><iframe loading=\"lazy\" class=\"wp-embedded-content\" sandbox=\"allow-scripts\" security=\"restricted\" style=\"position: absolute; clip: rect(1px, 1px, 1px, 1px);\" title=\"&#8220;Por una denuncia de abuso sexual, una maestra fue desvinculada del Jard\u00edn 901&#8221; &#8212; Central de Noticias | Olavarr\u00eda\" src=\"https:\/\/cdnoticias.com\/index.php\/2023\/05\/12\/por-una-denuncia-de-abuso-sexual-una-maestra-fue-desvinculada-del-jardin-901\/embed\/#?secret=MeI1rLRo0J#?secret=2uJzlGofSe\" data-secret=\"2uJzlGofSe\" width=\"600\" height=\"338\" frameborder=\"0\" marginwidth=\"0\" marginheight=\"0\" scrolling=\"no\"><\/iframe><\/p>\n<p>&nbsp;<\/p>\n<p>A su vez, semanas atr\u00e1s se conoci\u00f3 que <strong>otro docente, profesor de educaci\u00f3n f\u00edsica, tambi\u00e9n fue denunciado por abuso sexual en el Jard\u00edn Nuestra Se\u00f1ora del Rosario.<\/strong><\/p>\n<p>&nbsp;<\/p>\n<p><img data-recalc-dims=\"1\" loading=\"lazy\" decoding=\"async\" class=\"alignnone size-full wp-image-84893\" src=\"https:\/\/i0.wp.com\/cdnoticias.com\/wp-content\/uploads\/2023\/05\/WhatsApp-Image-2023-05-13-at-14.22.06-1.jpeg?resize=666%2C887&#038;ssl=1\" alt=\"\" width=\"666\" height=\"887\" srcset=\"https:\/\/i0.wp.com\/cdnoticias.com\/wp-content\/uploads\/2023\/05\/WhatsApp-Image-2023-05-13-at-14.22.06-1.jpeg?w=666&amp;ssl=1 666w, https:\/\/i0.wp.com\/cdnoticias.com\/wp-content\/uploads\/2023\/05\/WhatsApp-Image-2023-05-13-at-14.22.06-1.jpeg?resize=225%2C300&amp;ssl=1 225w\" sizes=\"auto, (max-width: 666px) 100vw, 666px\" \/><\/p>\n<p>&nbsp;<\/p>\n<p>En ese sentido, la convocatoria realizada por redes sociales expresa:<strong><em> \u201cdecimos basta al destrato, a las falsas denuncias, a la falta de apoyo del Estado\u201d<\/em><\/strong> y solicitan concurrir con guardapolvos.<\/p>\n","protected":false},"excerpt":{"rendered":"<p>La convocatoria que circula por redes sociales convoca a manifestarse el lunes en la plaza central.<\/p>\n","protected":false},"author":2,"featured_media":84894,"comment_status":"closed","ping_status":"closed","sticky":false,"template":"","format":"standard","meta":{"_jetpack_memberships_contains_paid_content":false,"footnotes":""},"categories":[5,1],"tags":[],"class_list":["post-84892","post","type-post","status-publish","format-standard","has-post-thumbnail","hentry","category-informacion-general","category-portada"],"jetpack_featured_media_url":"https:\/\/i0.wp.com\/cdnoticias.com\/wp-content\/uploads\/2023\/05\/WhatsApp-Image-2023-05-13-at-14.22.06-e1684010613818.jpeg?fit=667%2C322&ssl=1","jetpack_sharing_enabled":true,"_links":{"self":[{"href":"https:\/\/cdnoticias.com\/index.php\/wp-json\/wp\/v2\/posts\/84892","targetHints":{"allow":["GET"]}}],"collection":[{"href":"https:\/\/cdnoticias.com\/index.php\/wp-json\/wp\/v2\/posts"}],"about":[{"href":"https:\/\/cdnoticias.com\/index.php\/wp-json\/wp\/v2\/types\/post"}],"author":[{"embeddable":true,"href":"https:\/\/cdnoticias.com\/index.php\/wp-json\/wp\/v2\/users\/2"}],"replies":[{"embeddable":true,"href":"https:\/\/cdnoticias.com\/index.php\/wp-json\/wp\/v2\/comments?post=84892"}],"version-history":[{"count":0,"href":"https:\/\/cdnoticias.com\/index.php\/wp-json\/wp\/v2\/posts\/84892\/revisions"}],"wp:featuredmedia":[{"embeddable":true,"href":"https:\/\/cdnoticias.com\/index.php\/wp-json\/wp\/v2\/media\/84894"}],"wp:attachment":[{"href":"https:\/\/cdnoticias.com\/index.php\/wp-json\/wp\/v2\/media?parent=84892"}],"wp:term":[{"taxonomy":"category","embeddable":true,"href":"https:\/\/cdnoticias.com\/index.php\/wp-json\/wp\/v2\/categories?post=84892"},{"taxonomy":"post_tag","embeddable":true,"href":"https:\/\/cdnoticias.com\/index.php\/wp-json\/wp\/v2\/tags?post=84892"}],"curies":[{"name":"wp","href":"https:\/\/api.w.org\/{rel}","templated":true}]}}