{"id":84866,"date":"2023-05-12T18:55:50","date_gmt":"2023-05-12T21:55:50","guid":{"rendered":"https:\/\/www.centraldenoticias.com.ar\/?p=84866"},"modified":"2023-05-13T13:56:06","modified_gmt":"2023-05-13T16:56:06","slug":"stuppia-la-jp-y-soiva-apoyaron-la-precandidatura-de-alan-aguirre","status":"publish","type":"post","link":"https:\/\/cdnoticias.com\/index.php\/2023\/05\/12\/stuppia-la-jp-y-soiva-apoyaron-la-precandidatura-de-alan-aguirre\/","title":{"rendered":"Stuppia, la JP y Soiva apoyaron la precandidatura de Alan Aguirre"},"content":{"rendered":"<p>Se los vieron de forma activa en la llegada de Guillermo Moreno a Olavarr\u00eda, precandidato a Presidente por el espacio \u201cPrincipios y Valores\u201d.<!--more--><\/p>\n<hr \/>\n<p>En la <a href=\"https:\/\/cdnoticias.com\/index.php\/2023\/05\/12\/guillermo-moreno-paso-por-olavarria-y-hablo-de-consensuar-las-candidaturas-dentro-del-peronismo\/\" target=\"_blank\" rel=\"noopener\">presentaci\u00f3n del precandidato a Presidente Guillermo Moreno en Olavarr\u00eda, junto al precandidato a Intendente Alan Aguirre,<\/a> <strong>se vieron algunas adhesiones expl\u00edcitas de la postulaci\u00f3n del joven peronista de cara a las pr\u00f3ximas elecciones.<\/strong><\/p>\n<p>&nbsp;<\/p>\n<p><img data-recalc-dims=\"1\" loading=\"lazy\" decoding=\"async\" class=\"alignnone size-large wp-image-84781\" src=\"https:\/\/i0.wp.com\/cdnoticias.com\/wp-content\/uploads\/2023\/05\/moreno3aguirre.jpg?resize=800%2C445&#038;ssl=1\" alt=\"\" width=\"800\" height=\"445\" srcset=\"https:\/\/i0.wp.com\/cdnoticias.com\/wp-content\/uploads\/2023\/05\/moreno3aguirre-scaled.jpg?resize=1024%2C570&amp;ssl=1 1024w, https:\/\/i0.wp.com\/cdnoticias.com\/wp-content\/uploads\/2023\/05\/moreno3aguirre-scaled.jpg?resize=300%2C167&amp;ssl=1 300w, https:\/\/i0.wp.com\/cdnoticias.com\/wp-content\/uploads\/2023\/05\/moreno3aguirre-scaled.jpg?resize=768%2C427&amp;ssl=1 768w, https:\/\/i0.wp.com\/cdnoticias.com\/wp-content\/uploads\/2023\/05\/moreno3aguirre-scaled.jpg?resize=1536%2C855&amp;ssl=1 1536w, https:\/\/i0.wp.com\/cdnoticias.com\/wp-content\/uploads\/2023\/05\/moreno3aguirre-scaled.jpg?resize=2048%2C1140&amp;ssl=1 2048w, https:\/\/i0.wp.com\/cdnoticias.com\/wp-content\/uploads\/2023\/05\/moreno3aguirre-scaled.jpg?resize=800%2C445&amp;ssl=1 800w, https:\/\/i0.wp.com\/cdnoticias.com\/wp-content\/uploads\/2023\/05\/moreno3aguirre-scaled.jpg?w=1600&amp;ssl=1 1600w, https:\/\/i0.wp.com\/cdnoticias.com\/wp-content\/uploads\/2023\/05\/moreno3aguirre-scaled.jpg?w=2400&amp;ssl=1 2400w\" sizes=\"auto, (max-width: 800px) 100vw, 800px\" \/><\/p>\n<p>&nbsp;<\/p>\n<blockquote><p>Una de ellas, la m\u00e1s visible, fue la del secretario general del Sindicato de Trabajadores Municipales, Jos\u00e9 Stuppia, quien estuvo participando de forma activa de la llegada de Moreno y del posterior acto.<\/p><\/blockquote>\n<p>&nbsp;<\/p>\n<p><img data-recalc-dims=\"1\" loading=\"lazy\" decoding=\"async\" class=\"alignnone size-large wp-image-84782\" src=\"https:\/\/i0.wp.com\/cdnoticias.com\/wp-content\/uploads\/2023\/05\/moreno4aguirre.jpg?resize=800%2C445&#038;ssl=1\" alt=\"\" width=\"800\" height=\"445\" srcset=\"https:\/\/i0.wp.com\/cdnoticias.com\/wp-content\/uploads\/2023\/05\/moreno4aguirre-scaled.jpg?resize=1024%2C570&amp;ssl=1 1024w, https:\/\/i0.wp.com\/cdnoticias.com\/wp-content\/uploads\/2023\/05\/moreno4aguirre-scaled.jpg?resize=300%2C167&amp;ssl=1 300w, https:\/\/i0.wp.com\/cdnoticias.com\/wp-content\/uploads\/2023\/05\/moreno4aguirre-scaled.jpg?resize=768%2C427&amp;ssl=1 768w, https:\/\/i0.wp.com\/cdnoticias.com\/wp-content\/uploads\/2023\/05\/moreno4aguirre-scaled.jpg?resize=1536%2C855&amp;ssl=1 1536w, https:\/\/i0.wp.com\/cdnoticias.com\/wp-content\/uploads\/2023\/05\/moreno4aguirre-scaled.jpg?resize=2048%2C1140&amp;ssl=1 2048w, https:\/\/i0.wp.com\/cdnoticias.com\/wp-content\/uploads\/2023\/05\/moreno4aguirre-scaled.jpg?resize=800%2C445&amp;ssl=1 800w, https:\/\/i0.wp.com\/cdnoticias.com\/wp-content\/uploads\/2023\/05\/moreno4aguirre-scaled.jpg?w=1600&amp;ssl=1 1600w, https:\/\/i0.wp.com\/cdnoticias.com\/wp-content\/uploads\/2023\/05\/moreno4aguirre-scaled.jpg?w=2400&amp;ssl=1 2400w\" sizes=\"auto, (max-width: 800px) 100vw, 800px\" \/><\/p>\n<p>&nbsp;<\/p>\n<p>Con sus bombos y redoblantes,<strong> afiliados e integrantes del Sindicato Obrero de la Industria del Vidrio y Afines (SOIVA) acompa\u00f1aron la llegada de su secretario general y diputado nacional Horacio Valdez acompa\u00f1ado en todo momento por su par local, Ezequiel Collado<\/strong>, y tambi\u00e9n mostraron el acompa\u00f1amiento a Aguirre.<\/p>\n<p>&nbsp;<\/p>\n<p>Finalmente,<strong> una bandera de la Juventud Peronista<\/strong> (actualmente alejada y con diferencias con la actual gesti\u00f3n del Partido Justicialista local) <strong>y la presencia de un par de integrantes de la agrupaci\u00f3n<\/strong> marcaron las presencias de apoyo expl\u00edcito a la precandidatura no s\u00f3lo de Moreno, sino tambi\u00e9n de Alan Aguirre en la ciudad.<\/p>\n","protected":false},"excerpt":{"rendered":"<p>Se los vieron de forma activa en la llegada de Guillermo Moreno a Olavarr\u00eda, precandidato a Presidente por el espacio<\/p>\n","protected":false},"author":2,"featured_media":84780,"comment_status":"closed","ping_status":"closed","sticky":false,"template":"","format":"standard","meta":{"_jetpack_memberships_contains_paid_content":false,"footnotes":""},"categories":[4],"tags":[],"class_list":["post-84866","post","type-post","status-publish","format-standard","has-post-thumbnail","hentry","category-politica"],"jetpack_featured_media_url":"https:\/\/i0.wp.com\/cdnoticias.com\/wp-content\/uploads\/2023\/05\/moreno2-scaled.jpg?fit=2560%2C1424&ssl=1","jetpack_sharing_enabled":true,"_links":{"self":[{"href":"https:\/\/cdnoticias.com\/index.php\/wp-json\/wp\/v2\/posts\/84866","targetHints":{"allow":["GET"]}}],"collection":[{"href":"https:\/\/cdnoticias.com\/index.php\/wp-json\/wp\/v2\/posts"}],"about":[{"href":"https:\/\/cdnoticias.com\/index.php\/wp-json\/wp\/v2\/types\/post"}],"author":[{"embeddable":true,"href":"https:\/\/cdnoticias.com\/index.php\/wp-json\/wp\/v2\/users\/2"}],"replies":[{"embeddable":true,"href":"https:\/\/cdnoticias.com\/index.php\/wp-json\/wp\/v2\/comments?post=84866"}],"version-history":[{"count":0,"href":"https:\/\/cdnoticias.com\/index.php\/wp-json\/wp\/v2\/posts\/84866\/revisions"}],"wp:featuredmedia":[{"embeddable":true,"href":"https:\/\/cdnoticias.com\/index.php\/wp-json\/wp\/v2\/media\/84780"}],"wp:attachment":[{"href":"https:\/\/cdnoticias.com\/index.php\/wp-json\/wp\/v2\/media?parent=84866"}],"wp:term":[{"taxonomy":"category","embeddable":true,"href":"https:\/\/cdnoticias.com\/index.php\/wp-json\/wp\/v2\/categories?post=84866"},{"taxonomy":"post_tag","embeddable":true,"href":"https:\/\/cdnoticias.com\/index.php\/wp-json\/wp\/v2\/tags?post=84866"}],"curies":[{"name":"wp","href":"https:\/\/api.w.org\/{rel}","templated":true}]}}