{"id":84858,"date":"2023-05-13T09:52:26","date_gmt":"2023-05-13T12:52:26","guid":{"rendered":"https:\/\/www.centraldenoticias.com.ar\/?p=84858"},"modified":"2023-05-13T09:52:26","modified_gmt":"2023-05-13T12:52:26","slug":"se-llevara-a-cabo-la-obra-de-cordon-cuneta-en-el-barrio-carlos-pellegrini","status":"publish","type":"post","link":"https:\/\/cdnoticias.com\/index.php\/2023\/05\/13\/se-llevara-a-cabo-la-obra-de-cordon-cuneta-en-el-barrio-carlos-pellegrini\/","title":{"rendered":"Se llevar\u00e1 a cabo la obra de cord\u00f3n cuneta en el barrio Carlos Pellegrini"},"content":{"rendered":"<p>Este viernes, el Intendente firm\u00f3 el contrato con la empresa local. Demandar\u00e1 una inversi\u00f3n superior a los 180 millones de pesos.<!--more--><\/p>\n<hr \/>\n<p>En el mediod\u00eda de este viernes el<strong> intendente Ezequiel Galli<\/strong> firm\u00f3 el contrato con la empresa local que gan\u00f3 la licitaci\u00f3n p\u00fablica 5\/23, que contempla la<strong> construcci\u00f3n de cord\u00f3n cuneta,<\/strong> entoscado de calles y <strong>conducto pluvial <\/strong>en el barrio <strong>Carlos Pellegrini <\/strong>con una <strong>inversi\u00f3n superior a los 180 millones de pesos.<\/strong><\/p>\n<p>&nbsp;<\/p>\n<p><em>\u201cCon la firma del contrato hemos dado un gran paso para esta obra que iniciar\u00e1 en los pr\u00f3ximos d\u00edas y que va a transformar el barrio. Es una<strong> obra muy esperada por todo el barrio,<\/strong> que surgi\u00f3 del di\u00e1logo que tenemos de manera permanente con todos los vecinos del Partido de Olavarr\u00eda y que vamos a afrontar con fondos municipales\u201d<\/em>, expreso Galli.<\/p>\n<p>&nbsp;<\/p>\n<p>En la actualidad presenta calles con un entoscado calc\u00e1reo compactado, lo que permite la <strong>proliferaci\u00f3n de baches con acumulaci\u00f3n de agua y polvo<\/strong> en suspensi\u00f3n en forma continua, lo cual obliga a un permanente mantenimiento con equipo apropiado a un importante costo para las arcas municipales.<\/p>\n<p>&nbsp;<\/p>\n<p>&#8220;En ese sentido, la realizaci\u00f3n del cord\u00f3n cuneta permitir\u00e1 la r\u00e1pida evacuaci\u00f3n de agua a los desag\u00fces pluviales, que tambi\u00e9n se construir\u00e1n en la presente obra y mejorar\u00e1 sustancialmente la situaci\u00f3n&#8221; expresaron.<\/p>\n<p>&nbsp;<\/p>\n<p>Es por ello que se contempla, adem\u00e1s de la <strong>construcci\u00f3n de 44 cuadras,<\/strong> la colocaci\u00f3n de 350 metros de conducto pluvial de ca\u00f1os pre moldeados, con cabeza de 0,80 metros de di\u00e1metro con sumideros tipo S4 y conexiones con ca\u00f1os pre moldeados con cabeza de 0,60 metros de di\u00e1metro interno.<\/p>\n<p>&nbsp;<\/p>\n<p><strong>N\u00f3mina de cuadras<\/strong><\/p>\n<p>&nbsp;<\/p>\n<p>Ant\u00e1rtida Argentina (102) entre avenida De los Trabajadores y Colectora (5 Cuadras).<\/p>\n<p>&nbsp;<\/p>\n<p>Islas Malvinas (100) entre avenida De los Trabajadores y Colectora (5 Cuadras).<\/p>\n<p>&nbsp;<\/p>\n<p>Tierra Del Fuego entre avenida De los Trabajadores y Colectora\u00a0 (5 Cuadras).<\/p>\n<p>&nbsp;<\/p>\n<p>Santa Cruz entre Calle 98 y Colectora (3 Cuadras).<\/p>\n<p>&nbsp;<\/p>\n<p>Elena P. de Fortabat entre Calle 98 y Colectora (3 Cuadras).<\/p>\n<p>&nbsp;<\/p>\n<p>Colectora entre avenida Pellegrini y Elena P. de Fortabat (5 Cuadras).<\/p>\n<p>&nbsp;<\/p>\n<p>Calle 102 entre avenida Pellegrini y Colectora (5 Cuadras).<\/p>\n<p>&nbsp;<\/p>\n<p>Calle 100 entre avenida Pellegrini y Colectora (5 Cuadras).<\/p>\n<p>&nbsp;<\/p>\n<p>Calle 98 entre avenida Pellegrini y Colectora (5 Cuadras).<\/p>\n<p>&nbsp;<\/p>\n<p>Calle 96 entre avenida Pellegrini y Tierra Del Fuego (3 Cuadras).<\/p>\n","protected":false},"excerpt":{"rendered":"<p>Este viernes, el Intendente firm\u00f3 el contrato con la empresa local. Demandar\u00e1 una inversi\u00f3n superior a los 180 millones de<\/p>\n","protected":false},"author":6,"featured_media":84859,"comment_status":"closed","ping_status":"closed","sticky":false,"template":"","format":"standard","meta":{"_jetpack_memberships_contains_paid_content":false,"footnotes":""},"categories":[5,1],"tags":[],"class_list":["post-84858","post","type-post","status-publish","format-standard","has-post-thumbnail","hentry","category-informacion-general","category-portada"],"jetpack_featured_media_url":"https:\/\/i0.wp.com\/cdnoticias.com\/wp-content\/uploads\/2023\/05\/Obras-Firma-cordon-Cuneta-Carlos-Pellegrini-1024x685-1.jpg?fit=1024%2C685&ssl=1","jetpack_sharing_enabled":true,"_links":{"self":[{"href":"https:\/\/cdnoticias.com\/index.php\/wp-json\/wp\/v2\/posts\/84858","targetHints":{"allow":["GET"]}}],"collection":[{"href":"https:\/\/cdnoticias.com\/index.php\/wp-json\/wp\/v2\/posts"}],"about":[{"href":"https:\/\/cdnoticias.com\/index.php\/wp-json\/wp\/v2\/types\/post"}],"author":[{"embeddable":true,"href":"https:\/\/cdnoticias.com\/index.php\/wp-json\/wp\/v2\/users\/6"}],"replies":[{"embeddable":true,"href":"https:\/\/cdnoticias.com\/index.php\/wp-json\/wp\/v2\/comments?post=84858"}],"version-history":[{"count":0,"href":"https:\/\/cdnoticias.com\/index.php\/wp-json\/wp\/v2\/posts\/84858\/revisions"}],"wp:featuredmedia":[{"embeddable":true,"href":"https:\/\/cdnoticias.com\/index.php\/wp-json\/wp\/v2\/media\/84859"}],"wp:attachment":[{"href":"https:\/\/cdnoticias.com\/index.php\/wp-json\/wp\/v2\/media?parent=84858"}],"wp:term":[{"taxonomy":"category","embeddable":true,"href":"https:\/\/cdnoticias.com\/index.php\/wp-json\/wp\/v2\/categories?post=84858"},{"taxonomy":"post_tag","embeddable":true,"href":"https:\/\/cdnoticias.com\/index.php\/wp-json\/wp\/v2\/tags?post=84858"}],"curies":[{"name":"wp","href":"https:\/\/api.w.org\/{rel}","templated":true}]}}