{"id":84849,"date":"2023-05-12T18:11:58","date_gmt":"2023-05-12T21:11:58","guid":{"rendered":"https:\/\/www.centraldenoticias.com.ar\/?p=84849"},"modified":"2023-05-12T21:05:48","modified_gmt":"2023-05-13T00:05:48","slug":"por-una-denuncia-de-abuso-sexual-una-maestra-fue-desvinculada-del-jardin-901","status":"publish","type":"post","link":"https:\/\/cdnoticias.com\/index.php\/2023\/05\/12\/por-una-denuncia-de-abuso-sexual-una-maestra-fue-desvinculada-del-jardin-901\/","title":{"rendered":"Por una denuncia de abuso sexual, una maestra fue desvinculada del Jard\u00edn 901"},"content":{"rendered":"<p>Fue realizada por padres de un alumno de 3 a\u00f1os de la instituci\u00f3n educativa. Se inform\u00f3 que \u201cse est\u00e1n llevando adelante los protocolos correspondientes para este tipo de casos\u201d. <!--more--><\/p>\n<hr \/>\n<p>Por una denuncia realizada en los \u00faltimos d\u00edas, <strong>una maestra del Jard\u00edn N\u00b0901 fue desvinculada de su cargo por ser acusada de abusar de un alumno que acude a la instituci\u00f3n educativa.<\/strong><\/p>\n<p>&nbsp;<\/p>\n<p>Fue confirmado a<strong> Central de Noticias<\/strong> por autoridades educativas que <strong>dieron cuenta que la radicaci\u00f3n de la denuncia fue realizada d\u00edas pasados por padres de un alumno de 3 a\u00f1os en la Comisar\u00eda de la Mujer.<\/strong><\/p>\n<p>&nbsp;<\/p>\n<p>Seg\u00fan se inform\u00f3<em><strong> \u201cse est\u00e1n llevando adelante los protocolos correspondientes para este tipo de casos\u201d<\/strong><\/em> y ante la notificaci\u00f3n formal de la demanda, <strong>las autoridades del Jard\u00edn desvincularon a la profesora de su cargo hasta tanto se lleve la investigaci\u00f3n correspondiente.<\/strong><\/p>\n<p>&nbsp;<\/p>\n<blockquote><p>En paralelo, este viernes se realiz\u00f3 una reuni\u00f3n informativa con padres de los cursos para informar sobre lo sucedido y tener al tanto de la denuncia y la situaci\u00f3n.<\/p><\/blockquote>\n<p>&nbsp;<\/p>\n<p>El <strong>reclamo<\/strong> que predomin\u00f3 en dicho encuentro fue acerca de los protocolos en <strong>actividades denominadas \u201cespeciales\u201d que deben ser monitoreadas todo el tiempo por la maestra de la sala y c\u00f3mo, bajo ese protocolo, se dio el hecho.<\/strong><\/p>\n<p>&nbsp;<\/p>\n<p><strong><em>Para denunciar abuso sexual en la infancia pod\u00e9s comunicarte de manera gratuita con la l\u00ednea 137, destinada a brindar contenci\u00f3n, asistencia y acompa\u00f1amiento a v\u00edctimas de violencia familiar y\/o sexual y de grooming.\u00a0<\/em><\/strong><\/p>\n<p>&nbsp;<\/p>\n<p><strong><em>Tambi\u00e9n pod\u00e9s dirigirte a comisar\u00edas, a la Comisar\u00eda de la Mujer, a las fiscal\u00edas penales o unidades fiscales especializadas, juzgados penales y de familia, asesor\u00edas o a la Defensor\u00eda de Menores que corresponda a tu jurisdicci\u00f3n.<\/em><\/strong><\/p>\n","protected":false},"excerpt":{"rendered":"<p>Fue realizada por padres de un alumno de 3 a\u00f1os de la instituci\u00f3n educativa. Se inform\u00f3 que \u201cse est\u00e1n llevando<\/p>\n","protected":false},"author":2,"featured_media":84855,"comment_status":"closed","ping_status":"closed","sticky":false,"template":"","format":"standard","meta":{"_jetpack_memberships_contains_paid_content":false,"footnotes":""},"categories":[14,1],"tags":[],"class_list":["post-84849","post","type-post","status-publish","format-standard","has-post-thumbnail","hentry","category-policiales","category-portada"],"jetpack_featured_media_url":"https:\/\/i0.wp.com\/cdnoticias.com\/wp-content\/uploads\/2023\/05\/jardin-901.jpg?fit=960%2C599&ssl=1","jetpack_sharing_enabled":true,"_links":{"self":[{"href":"https:\/\/cdnoticias.com\/index.php\/wp-json\/wp\/v2\/posts\/84849","targetHints":{"allow":["GET"]}}],"collection":[{"href":"https:\/\/cdnoticias.com\/index.php\/wp-json\/wp\/v2\/posts"}],"about":[{"href":"https:\/\/cdnoticias.com\/index.php\/wp-json\/wp\/v2\/types\/post"}],"author":[{"embeddable":true,"href":"https:\/\/cdnoticias.com\/index.php\/wp-json\/wp\/v2\/users\/2"}],"replies":[{"embeddable":true,"href":"https:\/\/cdnoticias.com\/index.php\/wp-json\/wp\/v2\/comments?post=84849"}],"version-history":[{"count":0,"href":"https:\/\/cdnoticias.com\/index.php\/wp-json\/wp\/v2\/posts\/84849\/revisions"}],"wp:featuredmedia":[{"embeddable":true,"href":"https:\/\/cdnoticias.com\/index.php\/wp-json\/wp\/v2\/media\/84855"}],"wp:attachment":[{"href":"https:\/\/cdnoticias.com\/index.php\/wp-json\/wp\/v2\/media?parent=84849"}],"wp:term":[{"taxonomy":"category","embeddable":true,"href":"https:\/\/cdnoticias.com\/index.php\/wp-json\/wp\/v2\/categories?post=84849"},{"taxonomy":"post_tag","embeddable":true,"href":"https:\/\/cdnoticias.com\/index.php\/wp-json\/wp\/v2\/tags?post=84849"}],"curies":[{"name":"wp","href":"https:\/\/api.w.org\/{rel}","templated":true}]}}