{"id":84829,"date":"2023-05-13T09:28:20","date_gmt":"2023-05-13T12:28:20","guid":{"rendered":"https:\/\/www.centraldenoticias.com.ar\/?p=84829"},"modified":"2023-05-13T13:30:29","modified_gmt":"2023-05-13T16:30:29","slug":"aprehendieron-a-un-hombre-por-quebrantar-una-restriccion-perimetral","status":"publish","type":"post","link":"https:\/\/cdnoticias.com\/index.php\/2023\/05\/13\/aprehendieron-a-un-hombre-por-quebrantar-una-restriccion-perimetral\/","title":{"rendered":"Aprehendieron a un hombre por quebrantar una restricci\u00f3n perimetral"},"content":{"rendered":"<p>El hecho ocurri\u00f3 este jueves a ra\u00edz de un llamado al 911 y el hecho fue caratulado como &#8220;desobediencia&#8221;. <!--more--><\/p>\n<hr \/>\n<p>Este jueves a ra\u00edz de un llamado al 911, Comando de Patrullas Olavarr\u00eda <strong>aprehendi\u00f3 a un hombre por quebrantar una restricci\u00f3n perimetral.<\/strong><\/p>\n<p>&nbsp;<\/p>\n<p>Seg\u00fan se inform\u00f3, al arribo del personal se observ\u00f3 que se alejaba un hombre del domicilio, quien <strong>al ver la presencia policial sali\u00f3 caminando<\/strong> por calle Elena de Fortabat hacia calle 114.<\/p>\n<p>&nbsp;<\/p>\n<p>La denunciante expres\u00f3 la medida cautelar y se consult\u00f3 a la Comisar\u00eda de la Mujer y Familia quien inform\u00f3 la medida vigente caratulada como <strong>&#8220;protecci\u00f3n contra la violencia familiar&#8221;,<\/strong> ordenada por el Juzgado de Familia N\u00b0 1 a cargo del doctor Ferran Felix.<\/p>\n<p>&nbsp;<\/p>\n<p>El hecho ocurri\u00f3 en calle Elena de Fortabat al 5700 y se caratul\u00f3 como &#8220;<strong>desobediencia<\/strong>&#8220;. Interviene la UFI N\u00ba5 que subroga la doctora <strong>Mariela Viceconte<\/strong>. El hombre fue alojado en Comisar\u00eda Primera.<\/p>\n","protected":false},"excerpt":{"rendered":"<p>El hecho ocurri\u00f3 este jueves a ra\u00edz de un llamado al 911 y el hecho fue caratulado como &#8220;desobediencia&#8221;.<\/p>\n","protected":false},"author":6,"featured_media":84830,"comment_status":"closed","ping_status":"closed","sticky":false,"template":"","format":"standard","meta":{"_jetpack_memberships_contains_paid_content":false,"footnotes":""},"categories":[14,1],"tags":[],"class_list":["post-84829","post","type-post","status-publish","format-standard","has-post-thumbnail","hentry","category-policiales","category-portada"],"jetpack_featured_media_url":"https:\/\/i0.wp.com\/cdnoticias.com\/wp-content\/uploads\/2023\/05\/WhatsApp-Image-2023-05-12-at-14.36.44.jpeg?fit=810%2C717&ssl=1","jetpack_sharing_enabled":true,"_links":{"self":[{"href":"https:\/\/cdnoticias.com\/index.php\/wp-json\/wp\/v2\/posts\/84829","targetHints":{"allow":["GET"]}}],"collection":[{"href":"https:\/\/cdnoticias.com\/index.php\/wp-json\/wp\/v2\/posts"}],"about":[{"href":"https:\/\/cdnoticias.com\/index.php\/wp-json\/wp\/v2\/types\/post"}],"author":[{"embeddable":true,"href":"https:\/\/cdnoticias.com\/index.php\/wp-json\/wp\/v2\/users\/6"}],"replies":[{"embeddable":true,"href":"https:\/\/cdnoticias.com\/index.php\/wp-json\/wp\/v2\/comments?post=84829"}],"version-history":[{"count":0,"href":"https:\/\/cdnoticias.com\/index.php\/wp-json\/wp\/v2\/posts\/84829\/revisions"}],"wp:featuredmedia":[{"embeddable":true,"href":"https:\/\/cdnoticias.com\/index.php\/wp-json\/wp\/v2\/media\/84830"}],"wp:attachment":[{"href":"https:\/\/cdnoticias.com\/index.php\/wp-json\/wp\/v2\/media?parent=84829"}],"wp:term":[{"taxonomy":"category","embeddable":true,"href":"https:\/\/cdnoticias.com\/index.php\/wp-json\/wp\/v2\/categories?post=84829"},{"taxonomy":"post_tag","embeddable":true,"href":"https:\/\/cdnoticias.com\/index.php\/wp-json\/wp\/v2\/tags?post=84829"}],"curies":[{"name":"wp","href":"https:\/\/api.w.org\/{rel}","templated":true}]}}