{"id":84819,"date":"2023-05-12T21:02:36","date_gmt":"2023-05-13T00:02:36","guid":{"rendered":"https:\/\/www.centraldenoticias.com.ar\/?p=84819"},"modified":"2023-05-13T09:28:43","modified_gmt":"2023-05-13T12:28:43","slug":"la-fiscal-mariela-viceconte-se-hizo-cargo-de-la-ufi-5-local","status":"publish","type":"post","link":"https:\/\/cdnoticias.com\/index.php\/2023\/05\/12\/la-fiscal-mariela-viceconte-se-hizo-cargo-de-la-ufi-5-local\/","title":{"rendered":"La fiscal Mariela Viceconte se hizo cargo de la UFI 5 local"},"content":{"rendered":"<p>Desde este mes, la titular de la UFI N\u00ba 17 de Azul es subrogante en la fiscal\u00eda de Olavarr\u00eda especializada en violencia familiar y de g\u00e9nero. Las vacancias en el Ministerio P\u00fablico local y una terna que espera hace m\u00e1s de un a\u00f1o<!--more--><\/p>\n<hr \/>\n<p>Desde la Fiscal\u00eda General de Azul se inform\u00f3 que<strong> qued\u00f3 subsanada la vacancia que gener\u00f3 la doctora Viviana Beyt\u00eda<\/strong> quien <a href=\"https:\/\/cdnoticias.com\/index.php\/2023\/03\/01\/la-fiscal-viviana-beytia-dejo-la-ufi-no-5-para-jubilarse\/\" target=\"_blank\" rel=\"noopener\">desde el mes pasado accedi\u00f3 a la jubilaci\u00f3n<\/a> y dej\u00f3 la titularidad de la<strong> UFI N\u00ba 5 de Olavarr\u00eda, dependencia especializada en la atenci\u00f3n de delitos de violencia familiar y de g\u00e9nero.<\/strong><\/p>\n<p>&nbsp;<\/p>\n<p>En una primera instancia la<strong> titular de la UFI N\u00ba 4 local, Paula Serrano<\/strong>, hab\u00eda asumido al frente de la dependencia, pero lo hizo temporalmente.<\/p>\n<p>&nbsp;<\/p>\n<blockquote><p>Desde el 1\u00ba de mayo, la nueva responsable de la UFI N\u00ba 5 de Olavarr\u00eda es la doctora Mariela Viceconte, quien es titular de la UFI N\u00ba 17 de Azul especializada en el Fuero Penal Juvenil.<\/p><\/blockquote>\n<p>&nbsp;<\/p>\n<p>De esta manera, la funcionaria azule\u00f1a se hizo cargo adem\u00e1s de la dependencia del Ministerio P\u00fablico en nuestra ciudad. Ante la consulta de <strong>Central de Noticias<\/strong>, se destac\u00f3 que en la UFI N\u00ba 5 <strong>mantendr\u00e1 el mismo plantel que ya trabajaba con la doctora Beyt\u00eda y se sumar\u00e1n como colaboradores los doctores Guadalupe Barraza y Jos\u00e9 Iturralde<\/strong>, quienes se desempe\u00f1an en otros \u00e1mbitos del Ministerio P\u00fablico de Olavarr\u00eda.<\/p>\n<p>&nbsp;<\/p>\n<p><strong>Las vacancias y las demoras para las designaciones<\/strong><\/p>\n<p>&nbsp;<\/p>\n<p>En el Ministerio P\u00fablico de Olavarr\u00eda funcionan<strong> seis Unidades Funcionales de Instrucci\u00f3n (UFI), pero s\u00f3lo hay cuatro fiscales designados formalmente<\/strong>. En tanto, <strong>hay un concurso vigente que lleg\u00f3 a la instancia de definici\u00f3n de una terna de postulantes del cual hace m\u00e1s de un a\u00f1o que no hay avances<\/strong>.<\/p>\n<p>&nbsp;<\/p>\n<p>En Olavarr\u00eda funcionan las<strong> UFI 4<\/strong> -a cargo de Paula Serrano-, <strong>5<\/strong> -con la subrogancia de Viceconte-, <strong>7<\/strong> -a cargo de Christian Url\u00e9zaga-, <strong>10<\/strong> -a cargo de Miguel Pi\u00f1eiro-, <strong>19<\/strong> -a cargo de Lucas Moyano, quien tambi\u00e9n est\u00e1 a cargo de la UFI 22 de Azul-, y <strong>23<\/strong> -en la que originalmente fue designado Pi\u00f1eiro, especializada en el Fuero Penal Juvenil-.<\/p>\n<p>&nbsp;<\/p>\n<p>En principio, <strong>son dos las fiscal\u00edas que requieren la designaci\u00f3n de titular: la 5 y la 10<\/strong>. Para la primera, <strong>el 29 de marzo de 2022 el Consejo de la Magistratura de la Provincia de Buenos Aires avanz\u00f3 en la votaci\u00f3n de una terna<\/strong>. Este concurso hab\u00eda convocado para cubrir la vacancia que dej\u00f3 en 2014 el doctor Mart\u00edn Pizzolo y el examen a los inscriptos se tom\u00f3 en agosto de 2015.<\/p>\n<p>&nbsp;<\/p>\n<p>Los aspirantes seleccionados son <strong>la abogada olavarriense Paula Mercedes Cataldi, Ver\u00f3nica Natalia Vico<\/strong> -quien cumple funciones como secretaria en la UFI N\u00ba 4 de Florencio Varela-, y <strong>\u00c1lvaro Aquino<\/strong>.<\/p>\n<p>&nbsp;<\/p>\n<p><strong>La lista para asumir al frente de la UFI de Olavarr\u00eda fue remitida al Ejecutivo de la Provincia de Buenos Aires en abril de 2022<\/strong>. Desde ese momento, est\u00e1 en manos del gobernador Axel Kicillof seleccionar a uno de los candidatos para cubrir este cargo. Esa designaci\u00f3n ser\u00e1 enviada a la comisi\u00f3n de Asuntos Constitucionales y Acuerdo del Senado provincial, la que deber\u00e1 decidir sobre los pliegos que env\u00ede el Ejecutivo y luego ser\u00e1n aprobados por la C\u00e1mara alta mediante una resoluci\u00f3n. Una vez resuelta esa instancia, con la publicaci\u00f3n de la resoluci\u00f3n en el Bolet\u00edn Oficial se puede pasar a la asunci\u00f3n concreta en el cargo.<\/p>\n<p>&nbsp;<\/p>\n<p>Cabe agregar que tambi\u00e9n la doctora Cataldi fue seleccionada en 2019 por el Consejo de la Magistratura para integrar la lista de aspirantes para asumir en una defensor\u00eda oficial de Olavarr\u00eda, sobre la cual tampoco el Ejecutivo se ha pronunciado.<\/p>\n<p>&nbsp;<\/p>\n","protected":false},"excerpt":{"rendered":"<p>Desde este mes, la titular de la UFI N\u00ba 17 de Azul es subrogante en la fiscal\u00eda de Olavarr\u00eda especializada<\/p>\n","protected":false},"author":4,"featured_media":42280,"comment_status":"closed","ping_status":"closed","sticky":false,"template":"","format":"standard","meta":{"_jetpack_memberships_contains_paid_content":false,"footnotes":""},"categories":[14,1],"tags":[],"class_list":["post-84819","post","type-post","status-publish","format-standard","has-post-thumbnail","hentry","category-policiales","category-portada"],"jetpack_featured_media_url":"https:\/\/i0.wp.com\/cdnoticias.com\/wp-content\/uploads\/2021\/12\/fiscalia01.jpg?fit=800%2C445&ssl=1","jetpack_sharing_enabled":true,"_links":{"self":[{"href":"https:\/\/cdnoticias.com\/index.php\/wp-json\/wp\/v2\/posts\/84819","targetHints":{"allow":["GET"]}}],"collection":[{"href":"https:\/\/cdnoticias.com\/index.php\/wp-json\/wp\/v2\/posts"}],"about":[{"href":"https:\/\/cdnoticias.com\/index.php\/wp-json\/wp\/v2\/types\/post"}],"author":[{"embeddable":true,"href":"https:\/\/cdnoticias.com\/index.php\/wp-json\/wp\/v2\/users\/4"}],"replies":[{"embeddable":true,"href":"https:\/\/cdnoticias.com\/index.php\/wp-json\/wp\/v2\/comments?post=84819"}],"version-history":[{"count":0,"href":"https:\/\/cdnoticias.com\/index.php\/wp-json\/wp\/v2\/posts\/84819\/revisions"}],"wp:featuredmedia":[{"embeddable":true,"href":"https:\/\/cdnoticias.com\/index.php\/wp-json\/wp\/v2\/media\/42280"}],"wp:attachment":[{"href":"https:\/\/cdnoticias.com\/index.php\/wp-json\/wp\/v2\/media?parent=84819"}],"wp:term":[{"taxonomy":"category","embeddable":true,"href":"https:\/\/cdnoticias.com\/index.php\/wp-json\/wp\/v2\/categories?post=84819"},{"taxonomy":"post_tag","embeddable":true,"href":"https:\/\/cdnoticias.com\/index.php\/wp-json\/wp\/v2\/tags?post=84819"}],"curies":[{"name":"wp","href":"https:\/\/api.w.org\/{rel}","templated":true}]}}