{"id":84806,"date":"2023-05-12T11:39:07","date_gmt":"2023-05-12T14:39:07","guid":{"rendered":"https:\/\/www.centraldenoticias.com.ar\/?p=84806"},"modified":"2023-05-12T12:15:54","modified_gmt":"2023-05-12T15:15:54","slug":"destinan-3-mil-millones-mas-a-obras-de-gas-para-escuelas","status":"publish","type":"post","link":"https:\/\/cdnoticias.com\/index.php\/2023\/05\/12\/destinan-3-mil-millones-mas-a-obras-de-gas-para-escuelas\/","title":{"rendered":"Destinan $3 mil millones m\u00e1s a obras de gas para escuelas"},"content":{"rendered":"<p>As\u00ed lo anunci\u00f3 el ministro de Educaci\u00f3n bonaerense, Alberto Sileoni. El monto forma parte de la renovaci\u00f3n de los fondos espec\u00edficos para mantenimiento e instalaciones de gas en las instituciones educativas en 2023. Hay 130 edificios con problemas.<\/p>\n<p><!--more--><\/p>\n<hr \/>\n<p>El <strong>director general de Cultura y Educaci\u00f3n de la provincia de Buenos Aires Alberto Sileoni<\/strong> anunci\u00f3 que la Provincia invierte<strong> 3.000 millones de pesos m\u00e1s en obras de gas para calefaccionar las escuelas<\/strong> durante el invierno. El monto forma parte de la renovaci\u00f3n de los fondos espec\u00edficos para realizar <strong>mantenimiento e instalaciones de gas<\/strong> en las instituciones educativas. Reconoci\u00f3 que son<strong> 130 los edificios con problemas de este tipo.<\/strong><\/p>\n<p>&nbsp;<\/p>\n<blockquote><p>En ese sentido, el titular de la cartera educativa bonaerense expres\u00f3: &#8220;Vamos a renovar el fondo para gas con una inversi\u00f3n de 3.000 millones de pesos para todos los distritos de la Provincia\u201d. Y agreg\u00f3 que \u201ces posible pensar que el de gas no sea un problema que se meta en avatares electorales&#8221;.<\/p><\/blockquote>\n<p>&nbsp;<\/p>\n<p>Sileoni dijo que en la tarea en materia de infraestructura escolar &#8220;no est\u00e1 all\u00ed solo el Ejecutivo provincial, est\u00e1n los municipios, los consejos escolares y los gremios.<strong> El fondo educativo entre 2022 y 2023 creci\u00f3 150 por ciento.<\/strong> Este a\u00f1o hay una complejidad extra por el clima electoral, pero nosotros queremos dejar eso de lado&#8221;.<\/p>\n<p>&nbsp;<\/p>\n<p><img data-recalc-dims=\"1\" loading=\"lazy\" decoding=\"async\" class=\"size-full wp-image-84809 aligncenter\" src=\"https:\/\/i0.wp.com\/cdnoticias.com\/wp-content\/uploads\/2023\/05\/sileoni.jpg?resize=800%2C445&#038;ssl=1\" alt=\"\" width=\"800\" height=\"445\" srcset=\"https:\/\/i0.wp.com\/cdnoticias.com\/wp-content\/uploads\/2023\/05\/sileoni.jpg?w=800&amp;ssl=1 800w, https:\/\/i0.wp.com\/cdnoticias.com\/wp-content\/uploads\/2023\/05\/sileoni.jpg?resize=300%2C167&amp;ssl=1 300w, https:\/\/i0.wp.com\/cdnoticias.com\/wp-content\/uploads\/2023\/05\/sileoni.jpg?resize=768%2C427&amp;ssl=1 768w\" sizes=\"auto, (max-width: 800px) 100vw, 800px\" \/><\/p>\n<p>&nbsp;<\/p>\n<blockquote><p>&#8220;En 2020 hab\u00eda 1.967 edificios con problemas medianos o profundos de gas, que equivale al 18,5%. Redujimos eso a 130, el 1,2% de los 10.600 edificios que hay en toda la provincia. Aspiramos a llevar eso al m\u00ednimo porque un s\u00f3lo chico con fr\u00edo es un problema&#8221;, complet\u00f3.<\/p><\/blockquote>\n<p>&nbsp;<\/p>\n<p>El funcionario inform\u00f3 que se ha trabajado en las instalaciones de gas, reparaciones o cambios de artefactos de calefacci\u00f3n; resalt\u00f3 adem\u00e1s que <strong>la inversi\u00f3n desde 2020 es de 8.400 millones de pesos<\/strong> y<strong> &#8220;a valores constantes, m\u00e1s lo anunciado hoy, el total es de 12.642.221.124 pesos&#8221;<\/strong>.<\/p>\n<p>&nbsp;<\/p>\n<p>Reiter\u00f3 que la administraci\u00f3n bonaerense estar\u00e1 satisfecha &#8220;cuando ni una sola escuela tenga un solo d\u00eda suspendido por fr\u00edo&#8221;, y que en este sentido se viene realizando &#8220;una inversi\u00f3n muy significativa, dado que la decisi\u00f3n del gobernador es que todas las escuelas sean dignas&#8221;.<\/p>\n<p>&nbsp;<\/p>\n<p>Participaron tambi\u00e9n de la conferencia, el subsecretario de Infraestructura Escolar Ariel Lambezat, el subsecretario Administrativo Diego Turkenich y el director provincial de Consejos Escolares y Coordinaci\u00f3n Institucional Alejandro Perrone.<\/p>\n<p>&nbsp;<\/p>\n","protected":false},"excerpt":{"rendered":"<p>As\u00ed lo anunci\u00f3 el ministro de Educaci\u00f3n bonaerense, Alberto Sileoni. El monto forma parte de la renovaci\u00f3n de los fondos<\/p>\n","protected":false},"author":4,"featured_media":84808,"comment_status":"closed","ping_status":"closed","sticky":false,"template":"","format":"standard","meta":{"_jetpack_memberships_contains_paid_content":false,"footnotes":""},"categories":[6,1],"tags":[],"class_list":["post-84806","post","type-post","status-publish","format-standard","has-post-thumbnail","hentry","category-nacionales","category-portada"],"jetpack_featured_media_url":"https:\/\/i0.wp.com\/cdnoticias.com\/wp-content\/uploads\/2023\/05\/sileoni-1.jpg?fit=800%2C445&ssl=1","jetpack_sharing_enabled":true,"_links":{"self":[{"href":"https:\/\/cdnoticias.com\/index.php\/wp-json\/wp\/v2\/posts\/84806","targetHints":{"allow":["GET"]}}],"collection":[{"href":"https:\/\/cdnoticias.com\/index.php\/wp-json\/wp\/v2\/posts"}],"about":[{"href":"https:\/\/cdnoticias.com\/index.php\/wp-json\/wp\/v2\/types\/post"}],"author":[{"embeddable":true,"href":"https:\/\/cdnoticias.com\/index.php\/wp-json\/wp\/v2\/users\/4"}],"replies":[{"embeddable":true,"href":"https:\/\/cdnoticias.com\/index.php\/wp-json\/wp\/v2\/comments?post=84806"}],"version-history":[{"count":0,"href":"https:\/\/cdnoticias.com\/index.php\/wp-json\/wp\/v2\/posts\/84806\/revisions"}],"wp:featuredmedia":[{"embeddable":true,"href":"https:\/\/cdnoticias.com\/index.php\/wp-json\/wp\/v2\/media\/84808"}],"wp:attachment":[{"href":"https:\/\/cdnoticias.com\/index.php\/wp-json\/wp\/v2\/media?parent=84806"}],"wp:term":[{"taxonomy":"category","embeddable":true,"href":"https:\/\/cdnoticias.com\/index.php\/wp-json\/wp\/v2\/categories?post=84806"},{"taxonomy":"post_tag","embeddable":true,"href":"https:\/\/cdnoticias.com\/index.php\/wp-json\/wp\/v2\/tags?post=84806"}],"curies":[{"name":"wp","href":"https:\/\/api.w.org\/{rel}","templated":true}]}}