{"id":84792,"date":"2023-05-12T09:07:41","date_gmt":"2023-05-12T12:07:41","guid":{"rendered":"https:\/\/www.centraldenoticias.com.ar\/?p=84792"},"modified":"2023-05-12T09:07:41","modified_gmt":"2023-05-12T12:07:41","slug":"guillermo-moreno-paso-por-olavarria-y-hablo-de-consensuar-las-candidaturas-dentro-del-peronismo","status":"publish","type":"post","link":"https:\/\/cdnoticias.com\/index.php\/2023\/05\/12\/guillermo-moreno-paso-por-olavarria-y-hablo-de-consensuar-las-candidaturas-dentro-del-peronismo\/","title":{"rendered":"Guillermo Moreno pas\u00f3 por Olavarr\u00eda y habl\u00f3 de \u201cconsensuar las candidaturas dentro del peronismo\u201d"},"content":{"rendered":"<p>El precandidato a presidente por el Partido \u201cPrincipios y Valores\u201d habl\u00f3 sobre los ejes de su propuesta de gobierno. Estuvo acompa\u00f1ado del precandidato a intendente local Alan Aguirre.<!--more--><\/p>\n<hr \/>\n<p>El <strong>pre candidato a presidente por el Partido \u201cPrincipios y Valores\u201d Guillermo Moreno<\/strong>, estuvo en Olavarr\u00eda donde mantuvo un encuentro con los medios acompa\u00f1ado del precandidato a diputado nacional Horacio Valdez y el pre candidato a intendente Alan Aguirre.<\/p>\n<p>&nbsp;<\/p>\n<p><strong>Aguirre<\/strong> fue el encargado de iniciar el encuentro y resalt\u00f3 que \u201cdesde la agrupaci\u00f3n que conformamos con los compa\u00f1eros de la base estuvimos trabajando durante m\u00e1s de un a\u00f1o. Hoy en d\u00eda <strong>nos encontramos con la libertad y el fuego que nos volvi\u00f3 a encender dentro el licenciado Guillermo Moreno,<\/strong> un trabajador incansable, un exfuncionario que tiene cuero as\u00ed de duro de soportar tantos embates en pos de la defensa de los trabajadores, de las familias argentinas y nos decidimos en dar un paso al frente\u201d.<\/p>\n<p>&nbsp;<\/p>\n<p><img data-recalc-dims=\"1\" loading=\"lazy\" decoding=\"async\" class=\"aligncenter size-full wp-image-84777\" src=\"https:\/\/i0.wp.com\/cdnoticias.com\/wp-content\/uploads\/2023\/05\/aguirre-moreno-scaled.jpg?resize=800%2C445&#038;ssl=1\" alt=\"\" width=\"800\" height=\"445\" srcset=\"https:\/\/i0.wp.com\/cdnoticias.com\/wp-content\/uploads\/2023\/05\/aguirre-moreno-scaled.jpg?w=2560&amp;ssl=1 2560w, https:\/\/i0.wp.com\/cdnoticias.com\/wp-content\/uploads\/2023\/05\/aguirre-moreno-scaled.jpg?resize=300%2C167&amp;ssl=1 300w, https:\/\/i0.wp.com\/cdnoticias.com\/wp-content\/uploads\/2023\/05\/aguirre-moreno-scaled.jpg?resize=1024%2C570&amp;ssl=1 1024w, https:\/\/i0.wp.com\/cdnoticias.com\/wp-content\/uploads\/2023\/05\/aguirre-moreno-scaled.jpg?resize=768%2C427&amp;ssl=1 768w, https:\/\/i0.wp.com\/cdnoticias.com\/wp-content\/uploads\/2023\/05\/aguirre-moreno-scaled.jpg?resize=1536%2C855&amp;ssl=1 1536w, https:\/\/i0.wp.com\/cdnoticias.com\/wp-content\/uploads\/2023\/05\/aguirre-moreno-scaled.jpg?resize=2048%2C1140&amp;ssl=1 2048w, https:\/\/i0.wp.com\/cdnoticias.com\/wp-content\/uploads\/2023\/05\/aguirre-moreno-scaled.jpg?resize=800%2C445&amp;ssl=1 800w, https:\/\/i0.wp.com\/cdnoticias.com\/wp-content\/uploads\/2023\/05\/aguirre-moreno-scaled.jpg?w=1600&amp;ssl=1 1600w, https:\/\/i0.wp.com\/cdnoticias.com\/wp-content\/uploads\/2023\/05\/aguirre-moreno-scaled.jpg?w=2400&amp;ssl=1 2400w\" sizes=\"auto, (max-width: 800px) 100vw, 800px\" \/><\/p>\n<p>&nbsp;<\/p>\n<p>Guillermo Moreno analiz\u00f3 la situaci\u00f3n dentro del Frente de Todos y consider\u00f3 que \u201c<strong>me parece que se termin\u00f3, ya fracas\u00f3.<\/strong> En realidad, hoy tenemos un serio problema de existencia del poder Ejecutivo, el presidente ha decidido no presentarse a la reelecci\u00f3n y yo creo que si llega a dar un paso al costado tampoco la vicepresidenta va a aceptar\u201d y agreg\u00f3: \u201clo que estamos proponiendo es que el peronismo pueda tener un espacio de identificaci\u00f3n, consensuar las candidaturas dentro del peronismo\u201d.<\/p>\n<p>&nbsp;<\/p>\n<p>Respecto a las propuestas principales de su gesti\u00f3n indic\u00f3 que \u201cse va a caracterizar por tres pol\u00edticas centrales\u201d y habl\u00f3 de<strong> &#8220;la inserci\u00f3n internacional de la Argentina, seguridad y la pol\u00edtica econ\u00f3mica&#8221;.<\/strong><\/p>\n<p>&nbsp;<\/p>\n<p><img data-recalc-dims=\"1\" loading=\"lazy\" decoding=\"async\" class=\"aligncenter size-full wp-image-84779\" src=\"https:\/\/i0.wp.com\/cdnoticias.com\/wp-content\/uploads\/2023\/05\/moreno1-scaled.jpg?resize=800%2C445&#038;ssl=1\" alt=\"\" width=\"800\" height=\"445\" srcset=\"https:\/\/i0.wp.com\/cdnoticias.com\/wp-content\/uploads\/2023\/05\/moreno1-scaled.jpg?w=2560&amp;ssl=1 2560w, https:\/\/i0.wp.com\/cdnoticias.com\/wp-content\/uploads\/2023\/05\/moreno1-scaled.jpg?resize=300%2C167&amp;ssl=1 300w, https:\/\/i0.wp.com\/cdnoticias.com\/wp-content\/uploads\/2023\/05\/moreno1-scaled.jpg?resize=1024%2C570&amp;ssl=1 1024w, https:\/\/i0.wp.com\/cdnoticias.com\/wp-content\/uploads\/2023\/05\/moreno1-scaled.jpg?resize=768%2C427&amp;ssl=1 768w, https:\/\/i0.wp.com\/cdnoticias.com\/wp-content\/uploads\/2023\/05\/moreno1-scaled.jpg?resize=1536%2C855&amp;ssl=1 1536w, https:\/\/i0.wp.com\/cdnoticias.com\/wp-content\/uploads\/2023\/05\/moreno1-scaled.jpg?resize=2048%2C1140&amp;ssl=1 2048w, https:\/\/i0.wp.com\/cdnoticias.com\/wp-content\/uploads\/2023\/05\/moreno1-scaled.jpg?resize=800%2C445&amp;ssl=1 800w, https:\/\/i0.wp.com\/cdnoticias.com\/wp-content\/uploads\/2023\/05\/moreno1-scaled.jpg?w=1600&amp;ssl=1 1600w, https:\/\/i0.wp.com\/cdnoticias.com\/wp-content\/uploads\/2023\/05\/moreno1-scaled.jpg?w=2400&amp;ssl=1 2400w\" sizes=\"auto, (max-width: 800px) 100vw, 800px\" \/><\/p>\n<p>&nbsp;<\/p>\n<blockquote><p>\u201cTenemos que renegociar el acuerdo con el Fondo Monetario Internacional porque ese acuerdo estuvo mal hecho desde Buenos Aires\u201d, agreg\u00f3.<\/p><\/blockquote>\n<p>&nbsp;<\/p>\n<p>Por su parte,<strong> Alan Aguirre<\/strong> indic\u00f3 que \u201c<strong>Olavarr\u00eda tiene que volver a tener un rumbo, tenemos que tener un uso eficiente de los recursos.<\/strong> Tenemos el Impuesto a la Piedra que no se aplica correctamente, estamos teniendo medio presupuesto m\u00e1s que el resto de todas las ciudades y actualmente se est\u00e1n utilizando para sueldos, para gastos corrientes\u201d.<\/p>\n<p>&nbsp;<\/p>\n<p>\u201cOlavarr\u00eda tiene que perfeccionar la atenci\u00f3n en salud, la atenci\u00f3n hospitalaria, se necesita un enfoque nuevo tambi\u00e9n en lo que tiene que ver con respecto la salud mental, que es muy importante, y las adicciones. Tal vez no tenemos el problema que tiene el conurbano de paco, pero s\u00ed vemos a los chicos en una situaci\u00f3n bastante compleja que se refleja en todos los \u00e1mbitos, especialmente la educaci\u00f3n\u201d, concluy\u00f3.<\/p>\n","protected":false},"excerpt":{"rendered":"<p>El precandidato a presidente por el Partido \u201cPrincipios y Valores\u201d habl\u00f3 sobre los ejes de su propuesta de gobierno. Estuvo<\/p>\n","protected":false},"author":5,"featured_media":84784,"comment_status":"closed","ping_status":"closed","sticky":false,"template":"","format":"standard","meta":{"_jetpack_memberships_contains_paid_content":false,"footnotes":""},"categories":[4,1],"tags":[],"class_list":["post-84792","post","type-post","status-publish","format-standard","has-post-thumbnail","hentry","category-politica","category-portada"],"jetpack_featured_media_url":"https:\/\/i0.wp.com\/cdnoticias.com\/wp-content\/uploads\/2023\/05\/moreno6-scaled.jpg?fit=2560%2C1424&ssl=1","jetpack_sharing_enabled":true,"_links":{"self":[{"href":"https:\/\/cdnoticias.com\/index.php\/wp-json\/wp\/v2\/posts\/84792","targetHints":{"allow":["GET"]}}],"collection":[{"href":"https:\/\/cdnoticias.com\/index.php\/wp-json\/wp\/v2\/posts"}],"about":[{"href":"https:\/\/cdnoticias.com\/index.php\/wp-json\/wp\/v2\/types\/post"}],"author":[{"embeddable":true,"href":"https:\/\/cdnoticias.com\/index.php\/wp-json\/wp\/v2\/users\/5"}],"replies":[{"embeddable":true,"href":"https:\/\/cdnoticias.com\/index.php\/wp-json\/wp\/v2\/comments?post=84792"}],"version-history":[{"count":0,"href":"https:\/\/cdnoticias.com\/index.php\/wp-json\/wp\/v2\/posts\/84792\/revisions"}],"wp:featuredmedia":[{"embeddable":true,"href":"https:\/\/cdnoticias.com\/index.php\/wp-json\/wp\/v2\/media\/84784"}],"wp:attachment":[{"href":"https:\/\/cdnoticias.com\/index.php\/wp-json\/wp\/v2\/media?parent=84792"}],"wp:term":[{"taxonomy":"category","embeddable":true,"href":"https:\/\/cdnoticias.com\/index.php\/wp-json\/wp\/v2\/categories?post=84792"},{"taxonomy":"post_tag","embeddable":true,"href":"https:\/\/cdnoticias.com\/index.php\/wp-json\/wp\/v2\/tags?post=84792"}],"curies":[{"name":"wp","href":"https:\/\/api.w.org\/{rel}","templated":true}]}}