{"id":84760,"date":"2023-05-12T17:34:53","date_gmt":"2023-05-12T20:34:53","guid":{"rendered":"https:\/\/www.centraldenoticias.com.ar\/?p=84760"},"modified":"2023-05-12T17:34:53","modified_gmt":"2023-05-12T20:34:53","slug":"capacitaran-a-alumnos-de-secundario-para-rendir-el-teorico-de-la-licencia-de-conducir","status":"publish","type":"post","link":"https:\/\/cdnoticias.com\/index.php\/2023\/05\/12\/capacitaran-a-alumnos-de-secundario-para-rendir-el-teorico-de-la-licencia-de-conducir\/","title":{"rendered":"Capacitar\u00e1n a alumnos de secundario para rendir el te\u00f3rico de la licencia de conducir"},"content":{"rendered":"<p>Se trata de un nuevo programa de la Provincia llamado Licencia Joven, con que se quiere formar \u201cun nuevo paradigma de movilidad segura\u201d. La planificaci\u00f3n y la ejecuci\u00f3n estar\u00e1n a cargo de todas las \u00e1reas del Ministerio de Transporte del distrito.<!--more--><\/p>\n<hr \/>\n<p>El Gobierno bonaerense tiene como objetivo &#8220;hacer que las calles y las rutas sean m\u00e1s seguras&#8221; y entre las acciones que viene tomando para eso, este jueves present\u00f3 el <strong>\u201cPrograma Provincial Licencia Joven\u201d,<\/strong> con el que <strong>se capacitar\u00e1 a alumnos de colegios secundarios de los \u00faltimos a\u00f1os para rendir el examen te\u00f3rico de la licencia de conducir.<\/strong> De esa forma, los j\u00f3venes ser\u00e1n \u201cactores principales de un nuevo paradigma de movilidad segura\u201d, seg\u00fan destac\u00f3 el Ejecutivo provincial.<\/p>\n<p>&nbsp;<\/p>\n<p>El programa fue creado a trav\u00e9s de la resoluci\u00f3n 113 publicada en el Bolet\u00edn Oficial del distrito, donde se encomend\u00f3 a todas las \u00e1reas del Ministerio de Transporte \u201cla incorporaci\u00f3n transversal de campa\u00f1as de capacitaci\u00f3n en las acciones derivadas de sus respectivas competencias y asignar a la Direcci\u00f3n Provincial de Pol\u00edticas Educativas de Prevenci\u00f3n -Subsecretar\u00eda de Articulaci\u00f3n Interjurisdiccional del Transporte- en conjunto con los referentes municipales, la planificaci\u00f3n, coordinaci\u00f3n, organizaci\u00f3n, ejecuci\u00f3n y evaluaci\u00f3n del Programa\u201d.<\/p>\n<p>&nbsp;<\/p>\n<p>De ese modo, se se\u00f1al\u00f3 que el Programa Provincial Licencia Joven \u201c<em>toma a la educaci\u00f3n como un pilar fundamental para generar acciones de cuestionamiento sobre el uso del espacio p\u00fablico, concientizaci\u00f3n y prevenci\u00f3n de los riesgos en el tr\u00e1nsito y el transporte de la Provincia de Buenos Aires\u201d.<\/em><\/p>\n<p>&nbsp;<\/p>\n<p><em><strong>\u201cTiene por finalidad optimizar la seguridad vial en nuestra Provincia y promover una cultura de responsabilidad ciudadana, estableciendo con car\u00e1cter prioritario la capacitaci\u00f3n de los\/as j\u00f3venes para el desenvolvimiento de una conducci\u00f3n segura y promover el rol de los j\u00f3venes como multiplicadores de seguridad vial\u201d<\/strong><\/em>, se describi\u00f3 en el texto.<\/p>\n<p>&nbsp;<\/p>\n<p><strong>Tareas<\/strong><\/p>\n<p>&nbsp;<\/p>\n<p>La cartera de Transporte bonaerense, actualmente a cargo de<strong> Jorge D\u2019Onofrio,<\/strong> deber\u00e1 determinar las modalidades de ense\u00f1anza, organizar los recursos y establecer los convenios necesarios para su dictado y las pautas para su implementaci\u00f3n en toda la provincia.<\/p>\n<p>&nbsp;<\/p>\n<p>Adem\u00e1s, tendr\u00e1 que desarrollar el dise\u00f1o curricular del curso estableciendo contenidos, extensi\u00f3n y modalidades; garantizar las condiciones de profesionalidad, seguridad y calidad del curso y los responsables a cargo; y establecer los requisitos a ser cumplidos por los participantes.<\/p>\n<p>&nbsp;<\/p>\n<p>En paralelo, el ministerio difundir\u00e1 peri\u00f3dicamente <strong>campa\u00f1as de seguridad vial<\/strong> \u201c<em>informando sobre su importancia, en especial para los\/as j\u00f3venes, las reglas de circulaci\u00f3n en la v\u00eda p\u00fablica y los derechos y las obligaciones de los peatones y de los conductores de rodados de todo tipo\u201d.<\/em><\/p>\n<p>&nbsp;<\/p>\n<p><strong>Seguridad vial<\/strong><\/p>\n<p>&nbsp;<\/p>\n<p>En los fundamentos de la medida que crea el programa se especific\u00f3 que una de las misiones del organismo es <strong>\u201cproponer iniciativas de prevenci\u00f3n del delito en el \u00e1mbito del transporte con la totalidad de los niveles educativos provinciales y nacionales con presencia en el territorio provincial,<\/strong> en coordinaci\u00f3n con la Direcci\u00f3n General de Cultura y Educaci\u00f3n y Ministerio de Seguridad\u201d.<\/p>\n<p>&nbsp;<\/p>\n<p>Se record\u00f3 que tambi\u00e9n es tarea de la cartera \u201ccoordinar con el \u00e1rea pertinente las capacitaciones de concientizaci\u00f3n y prevenci\u00f3n en seguridad vial\u201d y se detall\u00f3 que \u201cuna de las l\u00edneas directrices de este Ministerio de Transporte es <strong>educar para prevenir los peligros en la movilidad y promover la convivencia ciudadana segura<\/strong>, como resultado de una pol\u00edtica p\u00fablica coherente y coordinada en t\u00e9rminos sociales\u201d.<\/p>\n<p>&nbsp;<\/p>\n<p><em><strong>\u201cLa seguridad vial es una pol\u00edtica de Estado, estableciendo la importancia de incluir la educaci\u00f3n vial en todos los niveles de ense\u00f1anza para cumplir con el objetivo de reducir la tasa de siniestralidad en el pa\u00eds\u201d,<\/strong><\/em> se apunt\u00f3.<\/p>\n<p>&nbsp;<\/p>\n<p><em>Fuente: DIB\u00a0<\/em><\/p>\n","protected":false},"excerpt":{"rendered":"<p>Se trata de un nuevo programa de la Provincia llamado Licencia Joven, con que se quiere formar \u201cun nuevo paradigma<\/p>\n","protected":false},"author":6,"featured_media":84761,"comment_status":"closed","ping_status":"closed","sticky":false,"template":"","format":"standard","meta":{"_jetpack_memberships_contains_paid_content":false,"footnotes":""},"categories":[6,1],"tags":[],"class_list":["post-84760","post","type-post","status-publish","format-standard","has-post-thumbnail","hentry","category-nacionales","category-portada"],"jetpack_featured_media_url":"https:\/\/i0.wp.com\/cdnoticias.com\/wp-content\/uploads\/2023\/05\/examen-teorico-696x464-1.jpg?fit=696%2C464&ssl=1","jetpack_sharing_enabled":true,"_links":{"self":[{"href":"https:\/\/cdnoticias.com\/index.php\/wp-json\/wp\/v2\/posts\/84760","targetHints":{"allow":["GET"]}}],"collection":[{"href":"https:\/\/cdnoticias.com\/index.php\/wp-json\/wp\/v2\/posts"}],"about":[{"href":"https:\/\/cdnoticias.com\/index.php\/wp-json\/wp\/v2\/types\/post"}],"author":[{"embeddable":true,"href":"https:\/\/cdnoticias.com\/index.php\/wp-json\/wp\/v2\/users\/6"}],"replies":[{"embeddable":true,"href":"https:\/\/cdnoticias.com\/index.php\/wp-json\/wp\/v2\/comments?post=84760"}],"version-history":[{"count":0,"href":"https:\/\/cdnoticias.com\/index.php\/wp-json\/wp\/v2\/posts\/84760\/revisions"}],"wp:featuredmedia":[{"embeddable":true,"href":"https:\/\/cdnoticias.com\/index.php\/wp-json\/wp\/v2\/media\/84761"}],"wp:attachment":[{"href":"https:\/\/cdnoticias.com\/index.php\/wp-json\/wp\/v2\/media?parent=84760"}],"wp:term":[{"taxonomy":"category","embeddable":true,"href":"https:\/\/cdnoticias.com\/index.php\/wp-json\/wp\/v2\/categories?post=84760"},{"taxonomy":"post_tag","embeddable":true,"href":"https:\/\/cdnoticias.com\/index.php\/wp-json\/wp\/v2\/tags?post=84760"}],"curies":[{"name":"wp","href":"https:\/\/api.w.org\/{rel}","templated":true}]}}