{"id":84721,"date":"2023-05-11T12:46:09","date_gmt":"2023-05-11T15:46:09","guid":{"rendered":"https:\/\/www.centraldenoticias.com.ar\/?p=84721"},"modified":"2023-05-11T13:26:32","modified_gmt":"2023-05-11T16:26:32","slug":"reclamo-en-el-consejo-escolar-por-un-grupo-de-auxiliares-que-no-cobra-hace-siete-meses","status":"publish","type":"post","link":"https:\/\/cdnoticias.com\/index.php\/2023\/05\/11\/reclamo-en-el-consejo-escolar-por-un-grupo-de-auxiliares-que-no-cobra-hace-siete-meses\/","title":{"rendered":"Reclamo en el Consejo Escolar por un grupo de auxiliares que no cobra hace siete meses"},"content":{"rendered":"<p>Desde ATE se indic\u00f3 que hay alrededor de 15 trabajadores afectados por el atraso de los pagos. Denunciaron errores administrativos.<!--more--><\/p>\n<hr \/>\n<p>Un grupo de auxiliares docentes se manifest\u00f3 en el Consejo Escolar ante el<strong> atraso en el dep\u00f3sito de sus sueldos.<\/strong> Indicaron que algunos trabajadores<strong> \u201chace siete meses que no est\u00e1n cobrando sus haberes\u201d<\/strong> y responsabilizaron al Consejo por el atraso en el env\u00edo de documentaci\u00f3n.<\/p>\n<p>&nbsp;<\/p>\n<p>El<strong> secretario gremial de ATE Roberto Cueto<\/strong> indic\u00f3 que los trabajadores \u201cvienen a preguntar al Consejo Escolar y les dicen que est\u00e1n cargados y resulta que no es as\u00ed. Lo mismo pasa con los compa\u00f1eros que mensualizaron en el mes de noviembre, otros en marzo\u201d.<\/p>\n<p>&nbsp;<\/p>\n<p>\u201cYa han pasado siete meses en algunos casos, no est\u00e1n cobrando, no tienen la cobertura de IOMA, son muchos jefes y jefas de familia que no pueden cubrir las necesidades b\u00e1sicas\u201d, resalt\u00f3 Cueto y agreg\u00f3 que las personas afectadas por los atrasos son \u201centre diez y quince personas\u201d.<\/p>\n<p>&nbsp;<\/p>\n<p><img data-recalc-dims=\"1\" loading=\"lazy\" decoding=\"async\" class=\"aligncenter size-full wp-image-84719\" src=\"https:\/\/i0.wp.com\/cdnoticias.com\/wp-content\/uploads\/2023\/05\/ATE-protesta-consejo-escolar-01-roberto-cueto.jpg?resize=800%2C445&#038;ssl=1\" alt=\"\" width=\"800\" height=\"445\" srcset=\"https:\/\/i0.wp.com\/cdnoticias.com\/wp-content\/uploads\/2023\/05\/ATE-protesta-consejo-escolar-01-roberto-cueto.jpg?w=800&amp;ssl=1 800w, https:\/\/i0.wp.com\/cdnoticias.com\/wp-content\/uploads\/2023\/05\/ATE-protesta-consejo-escolar-01-roberto-cueto.jpg?resize=300%2C167&amp;ssl=1 300w, https:\/\/i0.wp.com\/cdnoticias.com\/wp-content\/uploads\/2023\/05\/ATE-protesta-consejo-escolar-01-roberto-cueto.jpg?resize=768%2C427&amp;ssl=1 768w\" sizes=\"auto, (max-width: 800px) 100vw, 800px\" \/><\/p>\n<p>&nbsp;<\/p>\n<blockquote><p>Sostuvo que \u201chay errores administrativos que se cometen desde ac\u00e1 porque fuimos a La Plata la semana pasada y resulta que algunos expedientes fueron ingresados el 3 de abril de compa\u00f1eros que hab\u00edan tomado el cargo el a\u00f1o pasado\u201d.<\/p><\/blockquote>\n<p>&nbsp;<\/p>\n<p>Por otra parte, indic\u00f3 que casos similares puede haber en otras ciudades de la Provincia<strong> \u201cpero nosotros estamos viendo que esto es muy seguido ac\u00e1, pasa constantemente\u201d.<\/strong><\/p>\n<p>&nbsp;<\/p>\n<p>\u201cAs\u00ed no se puede seguir trabajando porque a nosotros la ley nos dice que tenemos que cumplir nuestras funciones en las distintas escuelas y resulta que despu\u00e9s nadie se hace cargo, ni responsable de los sueldos auxiliares\u201d, expres\u00f3 el dirigente.<\/p>\n<p>&nbsp;<\/p>\n","protected":false},"excerpt":{"rendered":"<p>Desde ATE se indic\u00f3 que hay alrededor de 15 trabajadores afectados por el atraso de los pagos. Denunciaron errores administrativos.<\/p>\n","protected":false},"author":5,"featured_media":84723,"comment_status":"closed","ping_status":"closed","sticky":false,"template":"","format":"standard","meta":{"_jetpack_memberships_contains_paid_content":false,"footnotes":""},"categories":[5,1],"tags":[],"class_list":["post-84721","post","type-post","status-publish","format-standard","has-post-thumbnail","hentry","category-informacion-general","category-portada"],"jetpack_featured_media_url":"https:\/\/i0.wp.com\/cdnoticias.com\/wp-content\/uploads\/2023\/05\/reclamo-consejo-escolar-auxiliares.jpg?fit=1600%2C890&ssl=1","jetpack_sharing_enabled":true,"_links":{"self":[{"href":"https:\/\/cdnoticias.com\/index.php\/wp-json\/wp\/v2\/posts\/84721","targetHints":{"allow":["GET"]}}],"collection":[{"href":"https:\/\/cdnoticias.com\/index.php\/wp-json\/wp\/v2\/posts"}],"about":[{"href":"https:\/\/cdnoticias.com\/index.php\/wp-json\/wp\/v2\/types\/post"}],"author":[{"embeddable":true,"href":"https:\/\/cdnoticias.com\/index.php\/wp-json\/wp\/v2\/users\/5"}],"replies":[{"embeddable":true,"href":"https:\/\/cdnoticias.com\/index.php\/wp-json\/wp\/v2\/comments?post=84721"}],"version-history":[{"count":0,"href":"https:\/\/cdnoticias.com\/index.php\/wp-json\/wp\/v2\/posts\/84721\/revisions"}],"wp:featuredmedia":[{"embeddable":true,"href":"https:\/\/cdnoticias.com\/index.php\/wp-json\/wp\/v2\/media\/84723"}],"wp:attachment":[{"href":"https:\/\/cdnoticias.com\/index.php\/wp-json\/wp\/v2\/media?parent=84721"}],"wp:term":[{"taxonomy":"category","embeddable":true,"href":"https:\/\/cdnoticias.com\/index.php\/wp-json\/wp\/v2\/categories?post=84721"},{"taxonomy":"post_tag","embeddable":true,"href":"https:\/\/cdnoticias.com\/index.php\/wp-json\/wp\/v2\/tags?post=84721"}],"curies":[{"name":"wp","href":"https:\/\/api.w.org\/{rel}","templated":true}]}}