{"id":84711,"date":"2023-05-11T15:59:31","date_gmt":"2023-05-11T18:59:31","guid":{"rendered":"https:\/\/www.centraldenoticias.com.ar\/?p=84711"},"modified":"2023-05-11T19:58:54","modified_gmt":"2023-05-11T22:58:54","slug":"por-reiterados-abigeatos-la-sociedad-rural-pedira-que-se-extremen-los-controles-bromatologicos","status":"publish","type":"post","link":"https:\/\/cdnoticias.com\/index.php\/2023\/05\/11\/por-reiterados-abigeatos-la-sociedad-rural-pedira-que-se-extremen-los-controles-bromatologicos\/","title":{"rendered":"Por reiterados abigeatos, la Sociedad Rural pedir\u00e1 que \u201cse extremen los controles bromatol\u00f3gicos\u201d"},"content":{"rendered":"<p>Integrantes de la instituci\u00f3n se reunieron con autoridades policiales tras los delitos registrados en abril y en lo que va de mayo en Olavarr\u00eda.<\/p>\n<p><!--more--><\/p>\n<hr \/>\n<p>El pasado martes,<strong> en la sede social de la Sociedad Rural de Olavarr\u00eda<\/strong>, tuvo lugar <strong>una reuni\u00f3n<\/strong> de la que participaron el nuevo<strong> Jefe de la Polic\u00eda Departamental de Olavarr\u00eda comisario Leandro Scavuzzo<\/strong>, el titular del <strong>Comando de Patrullas de Olavarr\u00eda Comisario Mart\u00edn Cort\u00e9s<\/strong> y el responsable de la <strong>ayudant\u00eda fiscal de delitos rurales Juan Ma\u00f1ero.<\/strong><\/p>\n<p>&nbsp;<\/p>\n<p><strong>Por la SRO estuvieron presentes Daniel Ay\u00e7aguer, Jos\u00e9 Mar\u00eda Ortiz y Sebasti\u00e1n Matrella<\/strong>. Se aclar\u00f3 que la instituci\u00f3n pidi\u00f3 la reuni\u00f3n por una serie de <strong>hechos de abigeato que sucedieron en los meses de abril y mayo<\/strong> en jurisdicci\u00f3n de Polic\u00eda Departamental.<\/p>\n<p>&nbsp;<\/p>\n<blockquote><p>Seg\u00fan se inform\u00f3 en relaci\u00f3n a lo tratado en el encuentro, \u201cdesde la jefatura se comprometieron a reforzar la cantidad de efectivos, aumentar los patrullajes y seguir mejorando el trabajo de investigaci\u00f3n en la zona de campos cercanos a las localidades\u201d.<\/p><\/blockquote>\n<p>&nbsp;<\/p>\n<p><img data-recalc-dims=\"1\" loading=\"lazy\" decoding=\"async\" class=\"size-full wp-image-84713 aligncenter\" src=\"https:\/\/i0.wp.com\/cdnoticias.com\/wp-content\/uploads\/2023\/05\/sociedad-rural-scavuzzo.jpg?resize=800%2C399&#038;ssl=1\" alt=\"\" width=\"800\" height=\"399\" srcset=\"https:\/\/i0.wp.com\/cdnoticias.com\/wp-content\/uploads\/2023\/05\/sociedad-rural-scavuzzo.jpg?w=800&amp;ssl=1 800w, https:\/\/i0.wp.com\/cdnoticias.com\/wp-content\/uploads\/2023\/05\/sociedad-rural-scavuzzo.jpg?resize=300%2C150&amp;ssl=1 300w, https:\/\/i0.wp.com\/cdnoticias.com\/wp-content\/uploads\/2023\/05\/sociedad-rural-scavuzzo.jpg?resize=768%2C383&amp;ssl=1 768w\" sizes=\"auto, (max-width: 800px) 100vw, 800px\" \/><\/p>\n<p>&nbsp;<\/p>\n<p>Otro de los aspectos tratados fue la labor conjunta con personal de la Direcci\u00f3n de Bromatolog\u00eda municipal. Desde la SRO se indic\u00f3 sobre el tema que <strong>\u201cse habl\u00f3 del trabajo que debe realizarse conjuntamente con bromatolog\u00eda<\/strong> en el control, debido a que la gran cantidad de carne faenada en hechos de abigeato es luego comercializada en las localidades y en barrios de la ciudad\u201d.<\/p>\n<p>&nbsp;<\/p>\n<blockquote><p>En este sentido, \u201cse pedir\u00e1 al Municipio que se extremen los controles bromatol\u00f3gicos para impedir la comercializaci\u00f3n de esa carne\u201d adelant\u00f3 la Sociedad Rural.<\/p><\/blockquote>\n<p>&nbsp;<\/p>\n<p><strong>Preocupaci\u00f3n del sector<\/strong><\/p>\n<p>&nbsp;<\/p>\n<p>Cabe recordar que d\u00edas pasados tambi\u00e9n se registr\u00f3 <a href=\"https:\/\/cdnoticias.com\/index.php\/2023\/05\/09\/inseguridad-en-el-sector-rural-productores-se-reunieron-con-el-jefe-departamental\/\" target=\"_blank\" rel=\"noopener\">otro encuentro del mismo tipo: el comisario Lenadro Scavuzzo recibi\u00f3 a productores autoconvocados<\/a> quienes manifestaron su preocupaci\u00f3n por el tema.<\/p>\n<p>&nbsp;<\/p>\n<p>En esa oportunidad, <strong>asistieron tambi\u00e9n productores de la zona afectada por delitos rurales<\/strong>, de campos ubicados en inmediaciones de ruta 226 entre los kil\u00f3metros 310 y 325.<\/p>\n<p>&nbsp;<\/p>\n","protected":false},"excerpt":{"rendered":"<p>Integrantes de la instituci\u00f3n se reunieron con autoridades policiales tras los delitos registrados en abril y en lo que va<\/p>\n","protected":false},"author":4,"featured_media":84712,"comment_status":"closed","ping_status":"closed","sticky":false,"template":"","format":"standard","meta":{"_jetpack_memberships_contains_paid_content":false,"footnotes":""},"categories":[14,1],"tags":[],"class_list":["post-84711","post","type-post","status-publish","format-standard","has-post-thumbnail","hentry","category-policiales","category-portada"],"jetpack_featured_media_url":"https:\/\/i0.wp.com\/cdnoticias.com\/wp-content\/uploads\/2023\/05\/sociedad-rural-scavuzzo1.jpg?fit=800%2C445&ssl=1","jetpack_sharing_enabled":true,"_links":{"self":[{"href":"https:\/\/cdnoticias.com\/index.php\/wp-json\/wp\/v2\/posts\/84711","targetHints":{"allow":["GET"]}}],"collection":[{"href":"https:\/\/cdnoticias.com\/index.php\/wp-json\/wp\/v2\/posts"}],"about":[{"href":"https:\/\/cdnoticias.com\/index.php\/wp-json\/wp\/v2\/types\/post"}],"author":[{"embeddable":true,"href":"https:\/\/cdnoticias.com\/index.php\/wp-json\/wp\/v2\/users\/4"}],"replies":[{"embeddable":true,"href":"https:\/\/cdnoticias.com\/index.php\/wp-json\/wp\/v2\/comments?post=84711"}],"version-history":[{"count":0,"href":"https:\/\/cdnoticias.com\/index.php\/wp-json\/wp\/v2\/posts\/84711\/revisions"}],"wp:featuredmedia":[{"embeddable":true,"href":"https:\/\/cdnoticias.com\/index.php\/wp-json\/wp\/v2\/media\/84712"}],"wp:attachment":[{"href":"https:\/\/cdnoticias.com\/index.php\/wp-json\/wp\/v2\/media?parent=84711"}],"wp:term":[{"taxonomy":"category","embeddable":true,"href":"https:\/\/cdnoticias.com\/index.php\/wp-json\/wp\/v2\/categories?post=84711"},{"taxonomy":"post_tag","embeddable":true,"href":"https:\/\/cdnoticias.com\/index.php\/wp-json\/wp\/v2\/tags?post=84711"}],"curies":[{"name":"wp","href":"https:\/\/api.w.org\/{rel}","templated":true}]}}