{"id":84704,"date":"2023-05-11T17:11:44","date_gmt":"2023-05-11T20:11:44","guid":{"rendered":"https:\/\/www.centraldenoticias.com.ar\/?p=84704"},"modified":"2023-05-11T17:11:44","modified_gmt":"2023-05-11T20:11:44","slug":"la-feria-de-la-economia-popular-festejo-dos-anos","status":"publish","type":"post","link":"https:\/\/cdnoticias.com\/index.php\/2023\/05\/11\/la-feria-de-la-economia-popular-festejo-dos-anos\/","title":{"rendered":"La Feria de la Econom\u00eda Popular festej\u00f3 dos a\u00f1os"},"content":{"rendered":"<p>Fue el fin de semana en el Cors\u00f3dromo, donde semanalmente se realizan las ferias. \u201cDemostramos que con esfuerzo, laburo y organizaci\u00f3n se pueden mejorar nuestras condiciones de vida\u201d destac\u00f3 MTE Olavarr\u00eda.<\/p>\n<p><!--more--><\/p>\n<hr \/>\n<p><strong>\u201cEl d\u00eda domingo 7 de mayo celebramos el segundo aniversario de nuestra feria.<\/strong> Han sido dos a\u00f1os de lucha y crecimiento organizados colectivamente\u201d resalt\u00f3 <strong>MTE Olavarr\u00eda<\/strong> al dar a conocer lo realizado el pasado fin de semana en el Cors\u00f3dromo.<\/p>\n<p>&nbsp;<\/p>\n<blockquote><p>En ese marco, hicieron hincapi\u00e9 en que \u201ccomo trabajadores del espacio p\u00fablico demostramos que con esfuerzo, laburo y organizaci\u00f3n se pueden mejorar nuestras condiciones de vida\u201d.<\/p><\/blockquote>\n<p>&nbsp;<\/p>\n<p>Asimismo, apuntaron contra el Ejecutivo para se\u00f1alar que <strong>mantienen \u201cdemandas que localmente no terminan de ser atendidas por el destrato del gobierno municipal\u201d<\/strong>.<\/p>\n<p>&nbsp;<\/p>\n<p>\u201cCon proyecci\u00f3n y convencidos de que <strong>nuestro trabajo no es ning\u00fan delito<\/strong> avanzaremos en la lucha por conquistar lo que nos falta\u201d declararon.<\/p>\n<p>&nbsp;<\/p>\n<p><iframe loading=\"lazy\" style=\"border: none; overflow: hidden;\" src=\"https:\/\/www.facebook.com\/plugins\/post.php?href=https%3A%2F%2Fwww.facebook.com%2FMTEOlavarria%2Fposts%2Fpfbid02cv18vBExyQNgf9DmQSHFRMvKgcSzRVmSLPLsnR43QMLawp9VkTb9T1meBKLKMWGvl&amp;show_text=true&amp;width=500\" width=\"500\" height=\"501\" frameborder=\"0\" scrolling=\"no\" allowfullscreen=\"allowfullscreen\"><\/iframe><\/p>\n<p>&nbsp;<\/p>\n","protected":false},"excerpt":{"rendered":"<p>Fue el fin de semana en el Cors\u00f3dromo, donde semanalmente se realizan las ferias. \u201cDemostramos que con esfuerzo, laburo y<\/p>\n","protected":false},"author":4,"featured_media":84705,"comment_status":"closed","ping_status":"closed","sticky":false,"template":"","format":"standard","meta":{"_jetpack_memberships_contains_paid_content":false,"footnotes":""},"categories":[5,1],"tags":[],"class_list":["post-84704","post","type-post","status-publish","format-standard","has-post-thumbnail","hentry","category-informacion-general","category-portada"],"jetpack_featured_media_url":"https:\/\/i0.wp.com\/cdnoticias.com\/wp-content\/uploads\/2023\/05\/MTE-2-anos-de-la-feria.jpg?fit=800%2C444&ssl=1","jetpack_sharing_enabled":true,"_links":{"self":[{"href":"https:\/\/cdnoticias.com\/index.php\/wp-json\/wp\/v2\/posts\/84704","targetHints":{"allow":["GET"]}}],"collection":[{"href":"https:\/\/cdnoticias.com\/index.php\/wp-json\/wp\/v2\/posts"}],"about":[{"href":"https:\/\/cdnoticias.com\/index.php\/wp-json\/wp\/v2\/types\/post"}],"author":[{"embeddable":true,"href":"https:\/\/cdnoticias.com\/index.php\/wp-json\/wp\/v2\/users\/4"}],"replies":[{"embeddable":true,"href":"https:\/\/cdnoticias.com\/index.php\/wp-json\/wp\/v2\/comments?post=84704"}],"version-history":[{"count":0,"href":"https:\/\/cdnoticias.com\/index.php\/wp-json\/wp\/v2\/posts\/84704\/revisions"}],"wp:featuredmedia":[{"embeddable":true,"href":"https:\/\/cdnoticias.com\/index.php\/wp-json\/wp\/v2\/media\/84705"}],"wp:attachment":[{"href":"https:\/\/cdnoticias.com\/index.php\/wp-json\/wp\/v2\/media?parent=84704"}],"wp:term":[{"taxonomy":"category","embeddable":true,"href":"https:\/\/cdnoticias.com\/index.php\/wp-json\/wp\/v2\/categories?post=84704"},{"taxonomy":"post_tag","embeddable":true,"href":"https:\/\/cdnoticias.com\/index.php\/wp-json\/wp\/v2\/tags?post=84704"}],"curies":[{"name":"wp","href":"https:\/\/api.w.org\/{rel}","templated":true}]}}