{"id":84672,"date":"2023-05-11T08:01:35","date_gmt":"2023-05-11T11:01:35","guid":{"rendered":"https:\/\/www.centraldenoticias.com.ar\/?p=84672"},"modified":"2023-05-11T09:42:13","modified_gmt":"2023-05-11T12:42:13","slug":"sesiona-el-hcd-con-importantes-proyectos-en-debate","status":"publish","type":"post","link":"https:\/\/cdnoticias.com\/index.php\/2023\/05\/11\/sesiona-el-hcd-con-importantes-proyectos-en-debate\/","title":{"rendered":"Sesiona el HCD con importantes proyectos en debate"},"content":{"rendered":"<p>La preservaci\u00f3n del Cerro Largo y la creaci\u00f3n de una Reserva Natural en un sector del bioparque municipal \u201cLa M\u00e1xima\u201d son algunos de los temas que debatir\u00e1n los concejales este jueves.<\/p>\n<p><!--more--><\/p>\n<hr \/>\n<p><strong>La presidenta del Concejo Deliberante, Cecilia Krivochen encabez\u00f3 este mi\u00e9rcoles la reuni\u00f3n de Labor Parlamentaria<\/strong> donde se estableci\u00f3 el <strong>orden del d\u00eda de la quinta sesi\u00f3n ordinaria del HCD<\/strong> que tendr\u00e1 lugar <strong>este jueves desde las 9<\/strong> horas en la sede de la Sociedad Espa\u00f1ola.<\/p>\n<p>&nbsp;<\/p>\n<p>De la reuni\u00f3n participaron los concejales: <em>Mart\u00edn Endere (Juntos), Sebasti\u00e1n Matrella (UCR-Juntos), Celeste Arouxet (Ahora Olavarr\u00eda), Mercedes Landivar (Frente de Todos) e In\u00e9s Creimer (Foro Olavarr\u00eda \u2013 FR en el Frente de Todos)<\/em>.<\/p>\n<p>&nbsp;<\/p>\n<p><strong>A comisi\u00f3n<\/strong><\/p>\n<p>&nbsp;<\/p>\n<p>Labor Parlamentaria estableci\u00f3 que <strong>29\u00a0expedientes ingresados en t\u00e9rmino reglamentario sean despachados a las distintas comisiones<\/strong> internas y permanentes para que all\u00ed inicien su tr\u00e1mite parlamentario.<\/p>\n<p>&nbsp;<\/p>\n<p><img data-recalc-dims=\"1\" loading=\"lazy\" decoding=\"async\" class=\"size-full wp-image-84673 aligncenter\" src=\"https:\/\/i0.wp.com\/cdnoticias.com\/wp-content\/uploads\/2023\/05\/HCD-labor-parlamentaria-1.jpg?resize=800%2C445&#038;ssl=1\" alt=\"\" width=\"800\" height=\"445\" srcset=\"https:\/\/i0.wp.com\/cdnoticias.com\/wp-content\/uploads\/2023\/05\/HCD-labor-parlamentaria-1.jpg?w=800&amp;ssl=1 800w, https:\/\/i0.wp.com\/cdnoticias.com\/wp-content\/uploads\/2023\/05\/HCD-labor-parlamentaria-1.jpg?resize=300%2C167&amp;ssl=1 300w, https:\/\/i0.wp.com\/cdnoticias.com\/wp-content\/uploads\/2023\/05\/HCD-labor-parlamentaria-1.jpg?resize=768%2C427&amp;ssl=1 768w\" sizes=\"auto, (max-width: 800px) 100vw, 800px\" \/><\/p>\n<p>&nbsp;<\/p>\n<p>Se destac\u00f3 el ingreso de un proyecto de ordenanza en adhesi\u00f3n a la Ley Lucio recientemente sancionada por el Congreso de la Naci\u00f3n, un proyecto de ordenanza en adhesi\u00f3n a la Ley Provincial 15.296 y once proyectos de ordenanza referidos a donaci\u00f3n de inmuebles a vecinos y vecinas del Partido de Olavarr\u00eda.<\/p>\n<p>&nbsp;<\/p>\n<p>Asimismo, se tom\u00f3 la decisi\u00f3n respecto del <a href=\"https:\/\/cdnoticias.com\/index.php\/2023\/05\/03\/presentaron-un-proyecto-de-ordenanza-para-la-habilitacion-de-ferias-de-agricultura-familiar\/\" target=\"_blank\" rel=\"noopener\">proyecto de ordenanza presentado por la Federaci\u00f3n Rural<\/a> para crear, habilitar y reglamentar las Ferias de Agricultura familiar.<\/p>\n<p>&nbsp;<\/p>\n<p><strong>Despachados en Comisi\u00f3n<\/strong><\/p>\n<p>&nbsp;<\/p>\n<p>Durante el desarrollo de la sesi\u00f3n ordinaria del HCD <strong>se tratar\u00e1n 17 expedientes<\/strong> que fueron despachados oportunamente por la comisi\u00f3n de Legislaci\u00f3n. Se trata de 14 proyectos de ordenanza vinculadas a donaciones de inmuebles, un proyecto de ordenanza que establece<strong> la preservaci\u00f3n del Cerro Largo, un proyecto de ordenanza que dispone la creaci\u00f3n de una Reserva Natural en un sector del bioparque municipal \u201cLa M\u00e1xima\u201d y un proyecto de ordenanza relacionado con la Asociaci\u00f3n Civil \u201cNuestro Hogar\u201d.<\/strong><\/p>\n<p>&nbsp;<\/p>\n<p>Tambi\u00e9n la comisi\u00f3n de Labor Parlamentaria durante la reuni\u00f3n de este mi\u00e9rcoles defini\u00f3 el tratamiento de<strong> 11 expedientes ingresados en t\u00e9rmino reglamentario<\/strong>. Se destacaron cinco <strong>proyectos presentados por la Sociedad de Fomento de Colonia Nievas<\/strong> vinculados a distintas tem\u00e1ticas de esa localidad.<\/p>\n<p>&nbsp;<\/p>\n","protected":false},"excerpt":{"rendered":"<p>La preservaci\u00f3n del Cerro Largo y la creaci\u00f3n de una Reserva Natural en un sector del bioparque municipal \u201cLa M\u00e1xima\u201d<\/p>\n","protected":false},"author":4,"featured_media":84674,"comment_status":"closed","ping_status":"closed","sticky":false,"template":"","format":"standard","meta":{"_jetpack_memberships_contains_paid_content":false,"footnotes":""},"categories":[4,1],"tags":[],"class_list":["post-84672","post","type-post","status-publish","format-standard","has-post-thumbnail","hentry","category-politica","category-portada"],"jetpack_featured_media_url":"https:\/\/i0.wp.com\/cdnoticias.com\/wp-content\/uploads\/2023\/05\/HCD-labor-parlamentaria-0.jpg?fit=800%2C445&ssl=1","jetpack_sharing_enabled":true,"_links":{"self":[{"href":"https:\/\/cdnoticias.com\/index.php\/wp-json\/wp\/v2\/posts\/84672","targetHints":{"allow":["GET"]}}],"collection":[{"href":"https:\/\/cdnoticias.com\/index.php\/wp-json\/wp\/v2\/posts"}],"about":[{"href":"https:\/\/cdnoticias.com\/index.php\/wp-json\/wp\/v2\/types\/post"}],"author":[{"embeddable":true,"href":"https:\/\/cdnoticias.com\/index.php\/wp-json\/wp\/v2\/users\/4"}],"replies":[{"embeddable":true,"href":"https:\/\/cdnoticias.com\/index.php\/wp-json\/wp\/v2\/comments?post=84672"}],"version-history":[{"count":0,"href":"https:\/\/cdnoticias.com\/index.php\/wp-json\/wp\/v2\/posts\/84672\/revisions"}],"wp:featuredmedia":[{"embeddable":true,"href":"https:\/\/cdnoticias.com\/index.php\/wp-json\/wp\/v2\/media\/84674"}],"wp:attachment":[{"href":"https:\/\/cdnoticias.com\/index.php\/wp-json\/wp\/v2\/media?parent=84672"}],"wp:term":[{"taxonomy":"category","embeddable":true,"href":"https:\/\/cdnoticias.com\/index.php\/wp-json\/wp\/v2\/categories?post=84672"},{"taxonomy":"post_tag","embeddable":true,"href":"https:\/\/cdnoticias.com\/index.php\/wp-json\/wp\/v2\/tags?post=84672"}],"curies":[{"name":"wp","href":"https:\/\/api.w.org\/{rel}","templated":true}]}}