{"id":8462,"date":"2020-12-08T11:38:56","date_gmt":"2020-12-08T14:38:56","guid":{"rendered":"http:\/\/www.centraldenoticias.com.ar\/?p=8462"},"modified":"2020-12-08T11:38:56","modified_gmt":"2020-12-08T14:38:56","slug":"intendente-de-monte-hermoso-admitio-colapso-el-fin-de-semana-largo","status":"publish","type":"post","link":"https:\/\/cdnoticias.com\/index.php\/2020\/12\/08\/intendente-de-monte-hermoso-admitio-colapso-el-fin-de-semana-largo\/","title":{"rendered":"Intendente de Monte Hermoso admiti\u00f3 \u201ccolapso\u201d el fin de semana largo"},"content":{"rendered":"<p>M\u00e1s all\u00e1 del buen balance, Alejandro Dichiara se\u00f1al\u00f3 que el pasado domingo \u201ccolaps\u00f3 todo\u201d en la localidad costera bonaerense. Admiti\u00f3 que no se cumplieron protocolos.<!--more--><\/p>\n<hr \/>\n<p>Tras un \u201cbuen\u201d balance de los intendentes de la costa, <strong>el jefe comunal de Monte Hermoso, Alejandro Dichiara, admiti\u00f3 que en la localidad \u201ccolaps\u00f3 todo\u201d por la cantidad de turistas y que, adem\u00e1s, no hubo cumplimiento de protocolos.<\/strong><\/p>\n<p>&nbsp;<\/p>\n<p><strong><em>\u201cQued\u00f3 claro que la gente va a salir de vacaciones y lo va a ser en buen n\u00famero, el domingo colaps\u00f3 absolutamente todo\u201d<\/em><\/strong>, dijo el jefe comunal. \u201c<em>Esto trae aparejado que tengamos que ajustar un mont\u00f3n de cosas con los controles e incentivar much\u00edsimo que vamos a estar veraneando en medio de una pandemia; hay gente que no lo entiende\u201d<\/em>, admiti\u00f3 en declaraciones a radio LU2 de Bah\u00eda Blanca.<\/p>\n<p>&nbsp;<\/p>\n<p><img data-recalc-dims=\"1\" loading=\"lazy\" decoding=\"async\" class=\"alignnone size-full wp-image-8464\" src=\"https:\/\/i0.wp.com\/cdnoticias.com\/wp-content\/uploads\/2020\/12\/Alejandro-Dichiara.jpg?resize=800%2C569&#038;ssl=1\" alt=\"\" width=\"800\" height=\"569\" srcset=\"https:\/\/i0.wp.com\/cdnoticias.com\/wp-content\/uploads\/2020\/12\/Alejandro-Dichiara.jpg?w=2048&amp;ssl=1 2048w, https:\/\/i0.wp.com\/cdnoticias.com\/wp-content\/uploads\/2020\/12\/Alejandro-Dichiara.jpg?resize=300%2C213&amp;ssl=1 300w, https:\/\/i0.wp.com\/cdnoticias.com\/wp-content\/uploads\/2020\/12\/Alejandro-Dichiara.jpg?resize=768%2C546&amp;ssl=1 768w, https:\/\/i0.wp.com\/cdnoticias.com\/wp-content\/uploads\/2020\/12\/Alejandro-Dichiara.jpg?resize=1024%2C729&amp;ssl=1 1024w, https:\/\/i0.wp.com\/cdnoticias.com\/wp-content\/uploads\/2020\/12\/Alejandro-Dichiara.jpg?w=1600&amp;ssl=1 1600w\" sizes=\"auto, (max-width: 800px) 100vw, 800px\" \/><\/p>\n<p>&nbsp;<\/p>\n<blockquote><p>Se\u00f1alaron que deber\u00e1n reforzar controles por \u201cfiestas clandestinas\u201d y que hubo \u201cparadores con exceso de gente\u201d o \u201ccon m\u00fasica para bailar por m\u00e1s que sea al aire libre\u201d.<\/p><\/blockquote>\n<p>&nbsp;<\/p>\n<p>Tras lo sucedido el pasado domingo, <em>\u201cva a haber que ajustar muchas cosas y vamos a tener reuniones con los propietarios en los pr\u00f3ximos 15 d\u00edas\u201d<\/em> haciendo \u00e9nfasis en <em>\u201clas sanciones, hay reglas que cumplir. Estamos expuestos a tener que controlar y un parador no puede tener una terraza con gente amontonada\u201d<\/em>, continu\u00f3.<\/p>\n<p>&nbsp;<\/p>\n<blockquote><p>\u201cLo que pas\u00f3 este fin de semana lo vamos poder evaluar en diez d\u00edas aproximadamente. Indudablemente, el no cumplimiento de los protocolos aumenta la posibilidad de que haya casos. Los casos desmedidos pueden traer circulaci\u00f3n viral y eso despu\u00e9s es imposible de pararlo\u201d.<\/p><\/blockquote>\n<p>&nbsp;<\/p>\n<p>Dichiara cont\u00f3 que <em>\u201cse vieron colas en restaurantes y rotiser\u00edas\u201d<\/em> y que<strong><em> \u201cnos sorprendimos de la cantidad de gente que vino\u201d.<\/em><\/strong><\/p>\n<p>&nbsp;<\/p>\n<p><strong><em>\u201cA la gente no le import\u00f3 ir a comer adentro, se llen\u00f3 absolutamente todo. Y algunos no cumplieron con los protocolos\u201d<\/em><\/strong>, dijo.<\/p>\n<p>&nbsp;<\/p>\n<p>Para cerrar, de todos modos, hizo un balance positivo: <em>\u201cFue un fin de semana a pleno y la gente gast\u00f3 much\u00edsimo. La gente vino, gast\u00f3, la pas\u00f3 bien y disfrut\u00f3 de la playa; vino dispuesta a vacacionar\u201d. \u00a0<\/em><\/p>\n","protected":false},"excerpt":{"rendered":"<p>M\u00e1s all\u00e1 del buen balance, Alejandro Dichiara se\u00f1al\u00f3 que el pasado domingo \u201ccolaps\u00f3 todo\u201d en la localidad costera bonaerense. Admiti\u00f3<\/p>\n","protected":false},"author":2,"featured_media":8463,"comment_status":"closed","ping_status":"closed","sticky":false,"template":"","format":"standard","meta":{"_jetpack_memberships_contains_paid_content":false,"footnotes":""},"categories":[6,1],"tags":[],"class_list":["post-8462","post","type-post","status-publish","format-standard","has-post-thumbnail","hentry","category-nacionales","category-portada"],"jetpack_featured_media_url":"https:\/\/i0.wp.com\/cdnoticias.com\/wp-content\/uploads\/2020\/12\/monte-hermoso-general.jpg?fit=1936%2C1089&ssl=1","jetpack_sharing_enabled":true,"_links":{"self":[{"href":"https:\/\/cdnoticias.com\/index.php\/wp-json\/wp\/v2\/posts\/8462","targetHints":{"allow":["GET"]}}],"collection":[{"href":"https:\/\/cdnoticias.com\/index.php\/wp-json\/wp\/v2\/posts"}],"about":[{"href":"https:\/\/cdnoticias.com\/index.php\/wp-json\/wp\/v2\/types\/post"}],"author":[{"embeddable":true,"href":"https:\/\/cdnoticias.com\/index.php\/wp-json\/wp\/v2\/users\/2"}],"replies":[{"embeddable":true,"href":"https:\/\/cdnoticias.com\/index.php\/wp-json\/wp\/v2\/comments?post=8462"}],"version-history":[{"count":0,"href":"https:\/\/cdnoticias.com\/index.php\/wp-json\/wp\/v2\/posts\/8462\/revisions"}],"wp:featuredmedia":[{"embeddable":true,"href":"https:\/\/cdnoticias.com\/index.php\/wp-json\/wp\/v2\/media\/8463"}],"wp:attachment":[{"href":"https:\/\/cdnoticias.com\/index.php\/wp-json\/wp\/v2\/media?parent=8462"}],"wp:term":[{"taxonomy":"category","embeddable":true,"href":"https:\/\/cdnoticias.com\/index.php\/wp-json\/wp\/v2\/categories?post=8462"},{"taxonomy":"post_tag","embeddable":true,"href":"https:\/\/cdnoticias.com\/index.php\/wp-json\/wp\/v2\/tags?post=8462"}],"curies":[{"name":"wp","href":"https:\/\/api.w.org\/{rel}","templated":true}]}}