{"id":84576,"date":"2023-05-10T11:38:51","date_gmt":"2023-05-10T14:38:51","guid":{"rendered":"https:\/\/www.centraldenoticias.com.ar\/?p=84576"},"modified":"2023-05-10T13:10:14","modified_gmt":"2023-05-10T16:10:14","slug":"robaron-dos-transformadores-bella-vista-y-zona-rural-aledana-sin-luz","status":"publish","type":"post","link":"https:\/\/cdnoticias.com\/index.php\/2023\/05\/10\/robaron-dos-transformadores-bella-vista-y-zona-rural-aledana-sin-luz\/","title":{"rendered":"Robaron dos transformadores: Bella Vista y zona rural aleda\u00f1a, sin luz"},"content":{"rendered":"<p>\u201cEn los \u00faltimos meses se registra un crecimiento de esta actividad delictiva\u201d alert\u00f3 Coopelectric. Se estim\u00f3 que la reposici\u00f3n del servicio se concretar\u00e1 en horas de la tarde.<\/p>\n<hr \/>\n<p><!--more-->Esta ma\u00f1ana <strong>Coopelectric tom\u00f3 conocimiento sobre el robo de dos trasformadores<\/strong> que se encontraban <strong>ubicados en la red de Media Tensi\u00f3n que alimenta a Bella Vista y la zona rural aleda\u00f1a.<\/strong><\/p>\n<p>&nbsp;<\/p>\n<p>Desde la cooperativa se detall\u00f3 este mi\u00e9rcoles que se trata de<strong> dos transformadores trif\u00e1sicos, uno de 100 KV 33.000\/13.000 Volts y el otro de 40 KVA 33.000\/400-231 Volts<\/strong>.<\/p>\n<p>&nbsp;<\/p>\n<blockquote><p>\u201cEl personal de Coopelectric se encuentra en el lugar realizando las tareas operativas para reemplazar dichos transformadores, realizar las conexiones correspondientes y poder restituir el Servicio El\u00e9ctrico. No obstante, por la magnitud de las tareas a desarrollar se estima que la reposici\u00f3n del suministro se llevar\u00e1 a cabo en horas de la tarde\u201d indic\u00f3 la concesionaria en un comunicado.<\/p><\/blockquote>\n<p>&nbsp;<\/p>\n<p><img data-recalc-dims=\"1\" loading=\"lazy\" decoding=\"async\" class=\"size-full wp-image-84578 aligncenter\" src=\"https:\/\/i0.wp.com\/cdnoticias.com\/wp-content\/uploads\/2023\/05\/coopelectric-robo-bella-vista-0.jpg?resize=800%2C445&#038;ssl=1\" alt=\"\" width=\"800\" height=\"445\" srcset=\"https:\/\/i0.wp.com\/cdnoticias.com\/wp-content\/uploads\/2023\/05\/coopelectric-robo-bella-vista-0.jpg?w=800&amp;ssl=1 800w, https:\/\/i0.wp.com\/cdnoticias.com\/wp-content\/uploads\/2023\/05\/coopelectric-robo-bella-vista-0.jpg?resize=300%2C167&amp;ssl=1 300w, https:\/\/i0.wp.com\/cdnoticias.com\/wp-content\/uploads\/2023\/05\/coopelectric-robo-bella-vista-0.jpg?resize=768%2C427&amp;ssl=1 768w\" sizes=\"auto, (max-width: 800px) 100vw, 800px\" \/><\/p>\n<p>&nbsp;<\/p>\n<p>Se destac\u00f3 adem\u00e1s que este il\u00edcito \u201cno s\u00f3lo afecta a las instalaciones el\u00e9ctricas y por consiguiente a los asociados, sino que <strong>representa un perjuicio material para un Servicio que nos pertenece a todos los olavarrienses\u201d<\/strong>. De esa manera, se inform\u00f3 que <strong>se radicar\u00e1 la denuncia formal<\/strong> por el robo.<\/p>\n<p>&nbsp;<\/p>\n<blockquote><p>A su vez, Coopelectric hizo saber que \u201cen los \u00faltimos meses se registra un crecimiento de esta actividad delictiva, que se presume, se efect\u00faa con la finalidad de sustraer cobre\u201d.<\/p><\/blockquote>\n<p>&nbsp;<\/p>\n<p>Se agreg\u00f3 en ese sentido que \u201cen caso de que los usuarios observen a personas ajenas a Coopelectric manipulando instalaciones,<strong> solicitamos que den aviso inmediato al 911\u201d.<\/strong><\/p>\n<p>&nbsp;<\/p>\n<p>Cabe recordar que<a href=\"https:\/\/cdnoticias.com\/index.php\/2023\/05\/08\/un-robo-de-cables-afecto-el-servicio-de-infracom-coopelectric\/\" target=\"_blank\" rel=\"noopener\"> la cooperativa fue tambi\u00e9n v\u00edctima de un il\u00edcito, con el robo de cable puntualmente<\/a>,<strong> d\u00edas atr\u00e1s lo que afect\u00f3 la prestaci\u00f3n del servicio de telefon\u00eda e internet<\/strong> que brinda con la firma Infracom.<\/p>\n<p>&nbsp;<\/p>\n","protected":false},"excerpt":{"rendered":"<p>\u201cEn los \u00faltimos meses se registra un crecimiento de esta actividad delictiva\u201d alert\u00f3 Coopelectric. Se estim\u00f3 que la reposici\u00f3n del<\/p>\n","protected":false},"author":4,"featured_media":84577,"comment_status":"closed","ping_status":"closed","sticky":false,"template":"","format":"standard","meta":{"_jetpack_memberships_contains_paid_content":false,"footnotes":""},"categories":[14,1],"tags":[],"class_list":["post-84576","post","type-post","status-publish","format-standard","has-post-thumbnail","hentry","category-policiales","category-portada"],"jetpack_featured_media_url":"https:\/\/i0.wp.com\/cdnoticias.com\/wp-content\/uploads\/2023\/05\/coopelectric-robo-bella-vista.jpg?fit=800%2C445&ssl=1","jetpack_sharing_enabled":true,"_links":{"self":[{"href":"https:\/\/cdnoticias.com\/index.php\/wp-json\/wp\/v2\/posts\/84576","targetHints":{"allow":["GET"]}}],"collection":[{"href":"https:\/\/cdnoticias.com\/index.php\/wp-json\/wp\/v2\/posts"}],"about":[{"href":"https:\/\/cdnoticias.com\/index.php\/wp-json\/wp\/v2\/types\/post"}],"author":[{"embeddable":true,"href":"https:\/\/cdnoticias.com\/index.php\/wp-json\/wp\/v2\/users\/4"}],"replies":[{"embeddable":true,"href":"https:\/\/cdnoticias.com\/index.php\/wp-json\/wp\/v2\/comments?post=84576"}],"version-history":[{"count":0,"href":"https:\/\/cdnoticias.com\/index.php\/wp-json\/wp\/v2\/posts\/84576\/revisions"}],"wp:featuredmedia":[{"embeddable":true,"href":"https:\/\/cdnoticias.com\/index.php\/wp-json\/wp\/v2\/media\/84577"}],"wp:attachment":[{"href":"https:\/\/cdnoticias.com\/index.php\/wp-json\/wp\/v2\/media?parent=84576"}],"wp:term":[{"taxonomy":"category","embeddable":true,"href":"https:\/\/cdnoticias.com\/index.php\/wp-json\/wp\/v2\/categories?post=84576"},{"taxonomy":"post_tag","embeddable":true,"href":"https:\/\/cdnoticias.com\/index.php\/wp-json\/wp\/v2\/tags?post=84576"}],"curies":[{"name":"wp","href":"https:\/\/api.w.org\/{rel}","templated":true}]}}