{"id":84563,"date":"2023-05-10T09:07:24","date_gmt":"2023-05-10T12:07:24","guid":{"rendered":"https:\/\/www.centraldenoticias.com.ar\/?p=84563"},"modified":"2023-05-10T11:39:09","modified_gmt":"2023-05-10T14:39:09","slug":"un-hombre-fue-aprehendido-tras-robar-una-moto","status":"publish","type":"post","link":"https:\/\/cdnoticias.com\/index.php\/2023\/05\/10\/un-hombre-fue-aprehendido-tras-robar-una-moto\/","title":{"rendered":"Un hombre fue aprehendido tras robar una moto"},"content":{"rendered":"<p>Adem\u00e1s, hab\u00eda sustra\u00eddo distintas herramientas. Fue alojado en la comisar\u00eda Primera.<!--more--><\/p>\n<hr \/>\n<p>Personal del Comando de Patrullas aprehendi\u00f3 a un hombre que instantes antes tras<strong> violentar el tambor de arranque, logr\u00f3 robar una moto Yamaha YBR<\/strong> de Lamadrid al 3800.<\/p>\n<p>&nbsp;<\/p>\n<p>Al momento de ser detenido, se encontr\u00f3 entre sus ropas <strong>una cuchilla y varias herramientas de mano.<\/strong><\/p>\n<p>&nbsp;<\/p>\n<p><img data-recalc-dims=\"1\" loading=\"lazy\" decoding=\"async\" class=\"aligncenter size-full wp-image-84564\" src=\"https:\/\/i0.wp.com\/cdnoticias.com\/wp-content\/uploads\/2023\/05\/aprehendido-robo-moto-02.jpg?resize=800%2C445&#038;ssl=1\" alt=\"\" width=\"800\" height=\"445\" srcset=\"https:\/\/i0.wp.com\/cdnoticias.com\/wp-content\/uploads\/2023\/05\/aprehendido-robo-moto-02.jpg?w=1296&amp;ssl=1 1296w, https:\/\/i0.wp.com\/cdnoticias.com\/wp-content\/uploads\/2023\/05\/aprehendido-robo-moto-02.jpg?resize=300%2C167&amp;ssl=1 300w, https:\/\/i0.wp.com\/cdnoticias.com\/wp-content\/uploads\/2023\/05\/aprehendido-robo-moto-02.jpg?resize=1024%2C570&amp;ssl=1 1024w, https:\/\/i0.wp.com\/cdnoticias.com\/wp-content\/uploads\/2023\/05\/aprehendido-robo-moto-02.jpg?resize=768%2C427&amp;ssl=1 768w, https:\/\/i0.wp.com\/cdnoticias.com\/wp-content\/uploads\/2023\/05\/aprehendido-robo-moto-02.jpg?resize=800%2C445&amp;ssl=1 800w\" sizes=\"auto, (max-width: 800px) 100vw, 800px\" \/><\/p>\n<p>&nbsp;<\/p>\n<p>El hombre fue trasladado a la comisar\u00eda Primera a disposici\u00f3n de la UFI N\u00b0 4 de la doctora Paula Serrano. La causa est\u00e1 caratulada como <strong>\u201crobo in fraganti delito\u201d.<\/strong><\/p>\n<p>&nbsp;<\/p>\n","protected":false},"excerpt":{"rendered":"<p>Adem\u00e1s, hab\u00eda sustra\u00eddo distintas herramientas. Fue alojado en la comisar\u00eda Primera.<\/p>\n","protected":false},"author":5,"featured_media":84572,"comment_status":"closed","ping_status":"closed","sticky":false,"template":"","format":"standard","meta":{"_jetpack_memberships_contains_paid_content":false,"footnotes":""},"categories":[14,1],"tags":[],"class_list":["post-84563","post","type-post","status-publish","format-standard","has-post-thumbnail","hentry","category-policiales","category-portada"],"jetpack_featured_media_url":"https:\/\/i0.wp.com\/cdnoticias.com\/wp-content\/uploads\/2023\/05\/aprehendido-robo-moto-01.jpg?fit=1556%2C866&ssl=1","jetpack_sharing_enabled":true,"_links":{"self":[{"href":"https:\/\/cdnoticias.com\/index.php\/wp-json\/wp\/v2\/posts\/84563","targetHints":{"allow":["GET"]}}],"collection":[{"href":"https:\/\/cdnoticias.com\/index.php\/wp-json\/wp\/v2\/posts"}],"about":[{"href":"https:\/\/cdnoticias.com\/index.php\/wp-json\/wp\/v2\/types\/post"}],"author":[{"embeddable":true,"href":"https:\/\/cdnoticias.com\/index.php\/wp-json\/wp\/v2\/users\/5"}],"replies":[{"embeddable":true,"href":"https:\/\/cdnoticias.com\/index.php\/wp-json\/wp\/v2\/comments?post=84563"}],"version-history":[{"count":0,"href":"https:\/\/cdnoticias.com\/index.php\/wp-json\/wp\/v2\/posts\/84563\/revisions"}],"wp:featuredmedia":[{"embeddable":true,"href":"https:\/\/cdnoticias.com\/index.php\/wp-json\/wp\/v2\/media\/84572"}],"wp:attachment":[{"href":"https:\/\/cdnoticias.com\/index.php\/wp-json\/wp\/v2\/media?parent=84563"}],"wp:term":[{"taxonomy":"category","embeddable":true,"href":"https:\/\/cdnoticias.com\/index.php\/wp-json\/wp\/v2\/categories?post=84563"},{"taxonomy":"post_tag","embeddable":true,"href":"https:\/\/cdnoticias.com\/index.php\/wp-json\/wp\/v2\/tags?post=84563"}],"curies":[{"name":"wp","href":"https:\/\/api.w.org\/{rel}","templated":true}]}}