{"id":84552,"date":"2023-05-10T17:30:04","date_gmt":"2023-05-10T20:30:04","guid":{"rendered":"https:\/\/www.centraldenoticias.com.ar\/?p=84552"},"modified":"2023-05-10T17:30:04","modified_gmt":"2023-05-10T20:30:04","slug":"investigadora-de-sociales-realizo-una-estancia-en-la-universidad-federal-de-santa-maria-de-brasil","status":"publish","type":"post","link":"https:\/\/cdnoticias.com\/index.php\/2023\/05\/10\/investigadora-de-sociales-realizo-una-estancia-en-la-universidad-federal-de-santa-maria-de-brasil\/","title":{"rendered":"Investigadora de Sociales realiz\u00f3 una estancia en la Universidad Federal de Santa Mar\u00eda de Brasil"},"content":{"rendered":"<p>Se trata de la Lic. Natalia Larrea, graduada de la carrera de Antropolog\u00eda Social, docente e investigadora de FACSO. La tem\u00e1tica abordada se vincul\u00f3 a la gesti\u00f3n institucional de medidas de abrigo en ni\u00f1as, ni\u00f1os y adolescentes.<!--more--><\/p>\n<hr \/>\n<p>En el transcurso de los primeros meses de este a\u00f1o la<strong> Lic. Natalia Larrea, graduada, docente e investigadora de la Facultad de Ciencias Sociales<\/strong>, realiz\u00f3 una estancia en el <strong>Programa de P\u00f3s-Gradua\u00e7\u00e3o em Ci\u00eancias Sociais<\/strong> (PPGCS-UFSM) de la Universidad Federal de Santa Mar\u00eda, bajo la tutor\u00eda de la investigadora responsable Dra. Virgina Vecchioli, antrop\u00f3loga argentina de la UFSM.<\/p>\n<p>&nbsp;<\/p>\n<p>El objetivo fue generar una instancia de formaci\u00f3n acad\u00e9mica y profesional como docente investigadora y becaria de doctorado, lo que le permiti\u00f3 nutrir su investigaci\u00f3n doctoral en curso y propiciar vinculaciones acad\u00e9micas de aporte mutuo.<\/p>\n<p>&nbsp;<\/p>\n<p>De manera espec\u00edfica, la <strong>experiencia en Brasil<\/strong> se vincul\u00f3 con la investigaci\u00f3n llevada adelante a trav\u00e9s del Grupo de Estudios Socioculturales del Conflicto (GESC-FACSO) sobre la gesti\u00f3n institucional de <strong>medidas de abrigo en ni\u00f1as, ni\u00f1os y adolescentes<\/strong> y la emergencia de grupos de madres que reclaman la restituci\u00f3n de sus hijas\/os con este tipo de medidas de protecci\u00f3n excepcional de derechos en las ciudades de Tandil y Olavarr\u00eda.<\/p>\n<p>&nbsp;<\/p>\n<p><img data-recalc-dims=\"1\" loading=\"lazy\" decoding=\"async\" class=\"aligncenter wp-image-84554 size-full\" src=\"https:\/\/i0.wp.com\/cdnoticias.com\/wp-content\/uploads\/2023\/05\/Natalia-Larrea-1.jpg?resize=800%2C525&#038;ssl=1\" alt=\"\" width=\"800\" height=\"525\" srcset=\"https:\/\/i0.wp.com\/cdnoticias.com\/wp-content\/uploads\/2023\/05\/Natalia-Larrea-1.jpg?w=1032&amp;ssl=1 1032w, https:\/\/i0.wp.com\/cdnoticias.com\/wp-content\/uploads\/2023\/05\/Natalia-Larrea-1.jpg?resize=300%2C197&amp;ssl=1 300w, https:\/\/i0.wp.com\/cdnoticias.com\/wp-content\/uploads\/2023\/05\/Natalia-Larrea-1.jpg?resize=1024%2C672&amp;ssl=1 1024w, https:\/\/i0.wp.com\/cdnoticias.com\/wp-content\/uploads\/2023\/05\/Natalia-Larrea-1.jpg?resize=768%2C504&amp;ssl=1 768w\" sizes=\"auto, (max-width: 800px) 100vw, 800px\" \/><\/p>\n<p>&nbsp;<\/p>\n<p>La Lic. Larrea describi\u00f3 que \u201cla <strong>problem\u00e1tica sobre el retiro de ni\u00f1os, ni\u00f1as y adolescentes de su \u00e1mbito familiar por encontrarse en riesgo en relaci\u00f3n a sus derechos resulta una instancia sumamente controversial<\/strong> cuyo estudio, inserto en un vasto campo de estudios nacional y regional sobre la tem\u00e1ticas de la infancia y sus derechos, puede resultar un aporte para pensar en las modalidades de tramitaci\u00f3n institucional de esta problem\u00e1tica&#8221;.<\/p>\n<p>&nbsp;<\/p>\n<p>&#8220;En este abordaje, realizado desde un enfoque etnogr\u00e1fico, la articulaci\u00f3n con la l\u00ednea de investigaci\u00f3n desarrollada por la Dra. Vecchioli, desde el campo de estudios de la antropolog\u00eda pol\u00edtica y del derecho, aport\u00f3 una perspectiva anal\u00edtica muy enriquecedora sobre los procesos sociales que configuran ciertos <strong>conflictos para pensar las reclamaciones familiares<\/strong> y <strong>c\u00f3mo \u00e9stas son atendidas y receptadas (o no) desde la pol\u00edtica estatal\u201d<\/strong> agreg\u00f3.<\/p>\n<p>&nbsp;<\/p>\n<p>En esta l\u00ednea, la docente e investigadora de la FACSO dio cuenta que <em>\u201cel intercambio con otros trabajos y estudios desarrollados en Brasil, y la puesta en di\u00e1logo con ellos, posibilit\u00f3 visualizar de manera comparativa el problema. De esta manera la propuesta permiti\u00f3 observar las condiciones socioculturales en las que se inscribe la problem\u00e1tica en ambos contextos, c\u00f3mo ella es abordada y gestionada institucionalmente y tambi\u00e9n de qu\u00e9 manera se aborda desde los estudios acad\u00e9micos\u201d.<\/em><\/p>\n<p>&nbsp;<\/p>\n<p><strong>La formaci\u00f3n en FACSO<\/strong><\/p>\n<p>&nbsp;<\/p>\n<p>La experiencia de formaci\u00f3n de la Lic. Larrea se orient\u00f3 espec\u00edficamente al fortalecimiento de sus avances de tesis doctoral, en el marco de una beca de CONICET, y de manera general al fortalecimiento de su trayectoria acad\u00e9mica\/profesional como antrop\u00f3loga.<\/p>\n<p>&nbsp;<\/p>\n<p>Destac\u00f3 en este sentido su formaci\u00f3n en una Universidad p\u00fablica y su temprana inserci\u00f3n en un equipo de investigaci\u00f3n, que es el Grupo de Estudios Socioculturales del Conflicto, dirigido por el Dr. Juan Pablo Matta. \u201cEn cuanto a la formaci\u00f3n como estudiante en el grado, adem\u00e1s de la cursada de las c\u00e1tedras m\u00e1s te\u00f3ricas, valoro mucho el recorrido por el \u00e1rea metodol\u00f3gica de la carrera porque es lo que me permiti\u00f3 comenzar a definir lo que fue mi tema de investigaci\u00f3n de grado, ya en el primer taller metodol\u00f3gico, e ir nutriendo ese camino de realizaci\u00f3n de la tesis de licenciatura a trav\u00e9s de los dem\u00e1s talleres anuales\u201d, indic\u00f3.<\/p>\n<p>&nbsp;<\/p>\n<p>En este sentido agreg\u00f3 que \u201cse trata de c\u00e1tedras con foco en el oficio y el quehacer antropol\u00f3gico, por lo que me resultaron muy fruct\u00edferas durante el trabajo de campo que realic\u00e9 para mi tesis de grado. Luego, mi inserci\u00f3n en el GESC fue definitoria tanto para inscribir mi investigaci\u00f3n en un proyecto m\u00e1s amplio y colectivo, con instancias de formaci\u00f3n e intercambio con mis compa\u00f1eros\/as, como tambi\u00e9n para propiciar vinculaciones con otras investigaciones del campo de estudios sobre infancia, familia y derechos\u201d.<\/p>\n<p>&nbsp;<\/p>\n<p><strong>Experiencias e intercambio: balance positivo<\/strong><\/p>\n<p>&nbsp;<\/p>\n<p>La estancia realizada en la Universidad Federal de Santa Mar\u00eda fue la primera de estas caracter\u00edsticas que llev\u00f3 adelante la Lic. Larrea, quien destac\u00f3 que <em>\u201cel balance es sumamente bueno. En principio por los aportes en calidad de formaci\u00f3n y la posibilidad de<strong> enriquecer mi investigaci\u00f3n doctoral<\/strong> con ello. Pero, principalmente, porque me permiti\u00f3<strong> conocer otras experiencias de investigaci\u00f3n<\/strong> sobre la problem\u00e1tica que es objeto de mi investigaci\u00f3n y que en Brasil comparte caracter\u00edsticas similares a como se presenta en Argentina, pero tambi\u00e9n diferencias que me permiten realizar una reflexi\u00f3n comparativa\u201d.<\/em><\/p>\n<p>&nbsp;<\/p>\n<p>A su vez, detall\u00f3 que en el marco de los encuentros de intercambio que se propiciaron durante la estancia se logr\u00f3 establecer un proceso reflexivo rec\u00edproco. Durante su estad\u00eda llev\u00f3 adelante instancias formativas en calidad de investigadora doctoral visitante y de intercambio con estudiantes y docentes investigadores\/as del PPGSC de UFSM, as\u00ed como tambi\u00e9n de Idades &#8211; Grupo de Estudos e Pesquisas em Antropologia coordinado por la Dra. Fernanda Bittencourt Ribeiro del Programa de P\u00f3s-gradua\u00e7\u00e3o em Ci\u00eancias Sociais da PUCRS y la Rede Anthera \u2013Rede Internacional de Pesquisas sobre Fam\u00edlia e Parentesco\u2013 coordinado por la Prof. Claudia Fonseca y que la Lic. Larrea integra como colaboradora desde Argentina.<\/p>\n<p>&nbsp;<\/p>\n<p>Adem\u00e1s, brind\u00f3 conferencias vinculadas a tem\u00e1ticas como los <strong>reclamos de justicia en caso de separaci\u00f3n de ni\u00f1os y ni\u00f1as de sus familias<\/strong> y <strong>reivindicaciones colectivas para la restituci\u00f3n de hijos e hijas de madres en situaci\u00f3n de vulnerabilidad.<\/strong><\/p>\n<p>&nbsp;<\/p>\n<p>\u201c<em>Esta experiencia aport\u00f3 tanto al fortalecimiento de mi investigaci\u00f3n doctoral como tambi\u00e9n me permite poder sumar esta experiencia al proyecto de equipo, a la c\u00e1tedra de la cual formo parte como docente y al trabajo en conjunto que proyectamos iniciar este a\u00f1o junto al equipo del Programa para el Abordaje de Problem\u00e1ticas Sociales y Relaciones con la Comunidad de la Defensor\u00eda P\u00fablica\u201d<\/em>, concluy\u00f3 Larrea.<\/p>\n","protected":false},"excerpt":{"rendered":"<p>Se trata de la Lic. Natalia Larrea, graduada de la carrera de Antropolog\u00eda Social, docente e investigadora de FACSO. La<\/p>\n","protected":false},"author":6,"featured_media":84553,"comment_status":"closed","ping_status":"closed","sticky":false,"template":"","format":"standard","meta":{"_jetpack_memberships_contains_paid_content":false,"footnotes":""},"categories":[5,1],"tags":[],"class_list":["post-84552","post","type-post","status-publish","format-standard","has-post-thumbnail","hentry","category-informacion-general","category-portada"],"jetpack_featured_media_url":"https:\/\/i0.wp.com\/cdnoticias.com\/wp-content\/uploads\/2023\/05\/Natalia-Larrea-2.jpg?fit=1230%2C789&ssl=1","jetpack_sharing_enabled":true,"_links":{"self":[{"href":"https:\/\/cdnoticias.com\/index.php\/wp-json\/wp\/v2\/posts\/84552","targetHints":{"allow":["GET"]}}],"collection":[{"href":"https:\/\/cdnoticias.com\/index.php\/wp-json\/wp\/v2\/posts"}],"about":[{"href":"https:\/\/cdnoticias.com\/index.php\/wp-json\/wp\/v2\/types\/post"}],"author":[{"embeddable":true,"href":"https:\/\/cdnoticias.com\/index.php\/wp-json\/wp\/v2\/users\/6"}],"replies":[{"embeddable":true,"href":"https:\/\/cdnoticias.com\/index.php\/wp-json\/wp\/v2\/comments?post=84552"}],"version-history":[{"count":0,"href":"https:\/\/cdnoticias.com\/index.php\/wp-json\/wp\/v2\/posts\/84552\/revisions"}],"wp:featuredmedia":[{"embeddable":true,"href":"https:\/\/cdnoticias.com\/index.php\/wp-json\/wp\/v2\/media\/84553"}],"wp:attachment":[{"href":"https:\/\/cdnoticias.com\/index.php\/wp-json\/wp\/v2\/media?parent=84552"}],"wp:term":[{"taxonomy":"category","embeddable":true,"href":"https:\/\/cdnoticias.com\/index.php\/wp-json\/wp\/v2\/categories?post=84552"},{"taxonomy":"post_tag","embeddable":true,"href":"https:\/\/cdnoticias.com\/index.php\/wp-json\/wp\/v2\/tags?post=84552"}],"curies":[{"name":"wp","href":"https:\/\/api.w.org\/{rel}","templated":true}]}}