{"id":84537,"date":"2023-05-09T20:08:59","date_gmt":"2023-05-09T23:08:59","guid":{"rendered":"https:\/\/www.centraldenoticias.com.ar\/?p=84537"},"modified":"2023-05-09T20:08:59","modified_gmt":"2023-05-09T23:08:59","slug":"comision-de-legislacion-se-despacharon-tres-expedientes-para-la-sesion-del-jueves","status":"publish","type":"post","link":"https:\/\/cdnoticias.com\/index.php\/2023\/05\/09\/comision-de-legislacion-se-despacharon-tres-expedientes-para-la-sesion-del-jueves\/","title":{"rendered":"Comisi\u00f3n de Legislaci\u00f3n: Se despacharon tres expedientes para la sesi\u00f3n del jueves"},"content":{"rendered":"<p>Entre los expedientes se encontraban el proyecto de Ordenanza que establece la preservaci\u00f3n del Cerro Largo, la creaci\u00f3n de una Reserva Natural en un sector del Bioparque municipal \u201cLa M\u00e1xima\u201d y un proyecto de Ordenanza relacionado con la Asociaci\u00f3n Civil \u201cNuestro Hogar\u201d.<br \/>\n<!--more--><\/p>\n<hr \/>\n<p>La concejal <strong>Guillermina Amespil<\/strong> (Juntos) presidi\u00f3 este martes una nueva reuni\u00f3n de la comisi\u00f3n de Legislaci\u00f3n del Honorable Concejo Deliberante.<\/p>\n<p>&nbsp;<\/p>\n<p>Entre los expedientes en tratamiento se encontraban el proyecto de Ordenanza que establece la <strong>preservaci\u00f3n del Cerro Largo<\/strong>, la <strong>creaci\u00f3n de una Reserva Natural en un sector del Bioparque municipal \u201cLa M\u00e1xima\u201d<\/strong> y un proyecto de Ordenanza relacionado con la <strong>Asociaci\u00f3n Civil \u201cNuestro Hogar\u201d.<\/strong><\/p>\n<p>&nbsp;<\/p>\n<p>Los tres expedientes lograron despacho favorable y ser\u00e1n tratados en la Quinta Sesi\u00f3n Ordinaria del HCD que tendr\u00e1 lugar este<strong> jueves 11 de mayo desde las 9 horas<\/strong> en la sede de la Sociedad Espa\u00f1ola.<\/p>\n<p>&nbsp;<\/p>\n<p>En primer t\u00e9rmino, se puso en tratamiento el expediente 270\/20 que dispone la afectaci\u00f3n de un sector del Bioparque municipal \u201cLa M\u00e1xima\u201d como Zona de Reserva Natural Municipal Urbana, con fines de su preservaci\u00f3n, investigaci\u00f3n y desarrollo de actividades educativas y de recreaci\u00f3n para la comunidad.<\/p>\n<p>&nbsp;<\/p>\n<p><img data-recalc-dims=\"1\" loading=\"lazy\" decoding=\"async\" class=\"aligncenter wp-image-84540 size-full\" src=\"https:\/\/i0.wp.com\/cdnoticias.com\/wp-content\/uploads\/2023\/05\/Legislacion_09052023-3.jpg?resize=800%2C368&#038;ssl=1\" alt=\"\" width=\"800\" height=\"368\" srcset=\"https:\/\/i0.wp.com\/cdnoticias.com\/wp-content\/uploads\/2023\/05\/Legislacion_09052023-3.jpg?w=1346&amp;ssl=1 1346w, https:\/\/i0.wp.com\/cdnoticias.com\/wp-content\/uploads\/2023\/05\/Legislacion_09052023-3.jpg?resize=300%2C138&amp;ssl=1 300w, https:\/\/i0.wp.com\/cdnoticias.com\/wp-content\/uploads\/2023\/05\/Legislacion_09052023-3.jpg?resize=1024%2C472&amp;ssl=1 1024w, https:\/\/i0.wp.com\/cdnoticias.com\/wp-content\/uploads\/2023\/05\/Legislacion_09052023-3.jpg?resize=768%2C354&amp;ssl=1 768w\" sizes=\"auto, (max-width: 800px) 100vw, 800px\" \/><\/p>\n<p>&nbsp;<\/p>\n<p>Adem\u00e1s, se trat\u00f3 un proyecto de Ordenanza que surge de la firma del convenio entre la Asociaci\u00f3n Civil \u201cNuestro Hogar\u201d y el Municipio de Olavarr\u00eda en el marco del consorcio urban\u00edstico que dio lugar a la construcci\u00f3n de viviendas para afiliados del gremio AOMA ubicado en el sector comprendido por la avenida Pueyrred\u00f3n \u2013 Las Orqu\u00eddeas \u2013 Rend\u00f3n \u2013 Las Azucenas.<\/p>\n<p>&nbsp;<\/p>\n<p>En relaci\u00f3n al proyecto del Cerro Largo, la comisi\u00f3n de Legislaci\u00f3n recibi\u00f3 al director de Miner\u00eda del Municipio, Daniel Lencina y a vecinos de la localidad de Sierras Bayas interesados en la preservaci\u00f3n del estado natural del cerro.<\/p>\n<p>&nbsp;<\/p>\n<p>La comisi\u00f3n de Legislaci\u00f3n, en su reuni\u00f3n anterior, ya hab\u00eda<strong> despachado 14 proyectos de Ordenanzas<\/strong> disponiendo donaciones de inmuebles a vecinos y vecinas del Partido de Olavarr\u00eda.<\/p>\n<p>&nbsp;<\/p>\n<p>Por \u00faltimo, este <strong>mi\u00e9rcoles a las 9 horas<\/strong> se realizar\u00e1 la reuni\u00f3n de la comisi\u00f3n de Labor Parlamentaria donde se establecer\u00e1 el Orden del D\u00eda de la Quinta Sesi\u00f3n Ordinaria que se desarrollar\u00e1 el jueves.<\/p>\n","protected":false},"excerpt":{"rendered":"<p>Entre los expedientes se encontraban el proyecto de Ordenanza que establece la preservaci\u00f3n del Cerro Largo, la creaci\u00f3n de una<\/p>\n","protected":false},"author":6,"featured_media":84542,"comment_status":"closed","ping_status":"closed","sticky":false,"template":"","format":"standard","meta":{"_jetpack_memberships_contains_paid_content":false,"footnotes":""},"categories":[4,1],"tags":[],"class_list":["post-84537","post","type-post","status-publish","format-standard","has-post-thumbnail","hentry","category-politica","category-portada"],"jetpack_featured_media_url":"https:\/\/i0.wp.com\/cdnoticias.com\/wp-content\/uploads\/2023\/05\/Legislacion_09052023.jpg?fit=1500%2C1000&ssl=1","jetpack_sharing_enabled":true,"_links":{"self":[{"href":"https:\/\/cdnoticias.com\/index.php\/wp-json\/wp\/v2\/posts\/84537","targetHints":{"allow":["GET"]}}],"collection":[{"href":"https:\/\/cdnoticias.com\/index.php\/wp-json\/wp\/v2\/posts"}],"about":[{"href":"https:\/\/cdnoticias.com\/index.php\/wp-json\/wp\/v2\/types\/post"}],"author":[{"embeddable":true,"href":"https:\/\/cdnoticias.com\/index.php\/wp-json\/wp\/v2\/users\/6"}],"replies":[{"embeddable":true,"href":"https:\/\/cdnoticias.com\/index.php\/wp-json\/wp\/v2\/comments?post=84537"}],"version-history":[{"count":0,"href":"https:\/\/cdnoticias.com\/index.php\/wp-json\/wp\/v2\/posts\/84537\/revisions"}],"wp:featuredmedia":[{"embeddable":true,"href":"https:\/\/cdnoticias.com\/index.php\/wp-json\/wp\/v2\/media\/84542"}],"wp:attachment":[{"href":"https:\/\/cdnoticias.com\/index.php\/wp-json\/wp\/v2\/media?parent=84537"}],"wp:term":[{"taxonomy":"category","embeddable":true,"href":"https:\/\/cdnoticias.com\/index.php\/wp-json\/wp\/v2\/categories?post=84537"},{"taxonomy":"post_tag","embeddable":true,"href":"https:\/\/cdnoticias.com\/index.php\/wp-json\/wp\/v2\/tags?post=84537"}],"curies":[{"name":"wp","href":"https:\/\/api.w.org\/{rel}","templated":true}]}}