{"id":84533,"date":"2023-05-10T08:24:01","date_gmt":"2023-05-10T11:24:01","guid":{"rendered":"https:\/\/www.centraldenoticias.com.ar\/?p=84533"},"modified":"2023-05-10T09:07:38","modified_gmt":"2023-05-10T12:07:38","slug":"coopelectric-adquirio-un-nuevo-vehiculo-para-el-servicio-electrico","status":"publish","type":"post","link":"https:\/\/cdnoticias.com\/index.php\/2023\/05\/10\/coopelectric-adquirio-un-nuevo-vehiculo-para-el-servicio-electrico\/","title":{"rendered":"Coopelectric adquiri\u00f3 un nuevo veh\u00edculo para el servicio el\u00e9ctrico"},"content":{"rendered":"<p>&#8220;Es muy importante que podamos ir renovando la flota de veh\u00edculos, porque contribuye a optimizar las tareas operativas y en definitiva repercute en una mejora de la calidad de servicio que brindamos a los asociados y sus familias\u201d resalt\u00f3\u00a0 el presidente del Consejo de Administraci\u00f3n, Cruz Arouxet.<!--more--><\/p>\n<hr \/>\n<p>Coopelectric <strong>adquiri\u00f3 un nuevo veh\u00edculo<\/strong> que se sumar\u00e1 a la flota operativa del Servicio El\u00e9ctrico. Se trata de <strong>un cami\u00f3n Iveco modelo Daily 70\/170<\/strong> que fue equipado con un <strong>hidroelevador Axion de 13 metros de altura<\/strong>, aislado y con barquilla doble.<\/p>\n<p>&nbsp;<\/p>\n<p>La unidad, que se utilizar\u00e1 para desarrollar <strong>trabajos en altura,<\/strong> ser\u00e1 destinada al sector Redes del Servicio de Energ\u00eda El\u00e9ctrica con la finalidad de mejorar el desarrollo de sus tareas y beneficiar a los asociados.<\/p>\n<p>&nbsp;<\/p>\n<blockquote><p>El presidente del Consejo de Administraci\u00f3n Cruz Arouxet, expres\u00f3 que \u201ces muy importante que podamos ir renovando la flota de veh\u00edculos, porque contribuye a optimizar las tareas operativas y en definitiva repercute en una mejora de la calidad de servicio que brindamos a los asociados y sus familias\u201d.<\/p><\/blockquote>\n<p>&nbsp;<\/p>\n<p>Por \u00faltimo, destac\u00f3 el <strong>aporte del cooperativismo al desarrollo local<\/strong>: <em>&#8220;El cami\u00f3n fue adquirido a una firma de la ciudad y eso es algo que como socios de la Cooperativa tambi\u00e9n debemos valorar\u201d.<\/em><\/p>\n","protected":false},"excerpt":{"rendered":"<p>&#8220;Es muy importante que podamos ir renovando la flota de veh\u00edculos, porque contribuye a optimizar las tareas operativas y en<\/p>\n","protected":false},"author":6,"featured_media":84534,"comment_status":"closed","ping_status":"closed","sticky":false,"template":"","format":"standard","meta":{"_jetpack_memberships_contains_paid_content":false,"footnotes":""},"categories":[5,1],"tags":[],"class_list":["post-84533","post","type-post","status-publish","format-standard","has-post-thumbnail","hentry","category-informacion-general","category-portada"],"jetpack_featured_media_url":"https:\/\/i0.wp.com\/cdnoticias.com\/wp-content\/uploads\/2023\/05\/Nuevo-vehiculo.jpeg?fit=1058%2C576&ssl=1","jetpack_sharing_enabled":true,"_links":{"self":[{"href":"https:\/\/cdnoticias.com\/index.php\/wp-json\/wp\/v2\/posts\/84533","targetHints":{"allow":["GET"]}}],"collection":[{"href":"https:\/\/cdnoticias.com\/index.php\/wp-json\/wp\/v2\/posts"}],"about":[{"href":"https:\/\/cdnoticias.com\/index.php\/wp-json\/wp\/v2\/types\/post"}],"author":[{"embeddable":true,"href":"https:\/\/cdnoticias.com\/index.php\/wp-json\/wp\/v2\/users\/6"}],"replies":[{"embeddable":true,"href":"https:\/\/cdnoticias.com\/index.php\/wp-json\/wp\/v2\/comments?post=84533"}],"version-history":[{"count":0,"href":"https:\/\/cdnoticias.com\/index.php\/wp-json\/wp\/v2\/posts\/84533\/revisions"}],"wp:featuredmedia":[{"embeddable":true,"href":"https:\/\/cdnoticias.com\/index.php\/wp-json\/wp\/v2\/media\/84534"}],"wp:attachment":[{"href":"https:\/\/cdnoticias.com\/index.php\/wp-json\/wp\/v2\/media?parent=84533"}],"wp:term":[{"taxonomy":"category","embeddable":true,"href":"https:\/\/cdnoticias.com\/index.php\/wp-json\/wp\/v2\/categories?post=84533"},{"taxonomy":"post_tag","embeddable":true,"href":"https:\/\/cdnoticias.com\/index.php\/wp-json\/wp\/v2\/tags?post=84533"}],"curies":[{"name":"wp","href":"https:\/\/api.w.org\/{rel}","templated":true}]}}