{"id":84524,"date":"2023-05-09T19:30:19","date_gmt":"2023-05-09T22:30:19","guid":{"rendered":"https:\/\/www.centraldenoticias.com.ar\/?p=84524"},"modified":"2023-05-10T08:25:35","modified_gmt":"2023-05-10T11:25:35","slug":"comenzo-la-refaccion-y-ampliacion-edilicia-de-la-escuela-no-58","status":"publish","type":"post","link":"https:\/\/cdnoticias.com\/index.php\/2023\/05\/09\/comenzo-la-refaccion-y-ampliacion-edilicia-de-la-escuela-no-58\/","title":{"rendered":"Comenz\u00f3 la refacci\u00f3n y ampliaci\u00f3n edilicia de la Escuela N\u00ba 58"},"content":{"rendered":"<p>Este martes el intendente Ezequiel Galli visit\u00f3 las instalaciones que requieren una inversi\u00f3n que alcanza los 60 millones. <!--more--><\/p>\n<hr \/>\n<p>En la ma\u00f1ana de este martes, el <strong>intendente Ezequiel Galli<\/strong> visit\u00f3 las instalaciones de la <strong>Escuela N\u00ba 58 \u201cArsenio Cavilla Sinclair\u201d <\/strong>ubicada en Sargento Cabral y Moya, donde se inici\u00f3 el paquete de obras correspondiente a <strong>reformas y ampliaci\u00f3n edilicia. <\/strong><\/p>\n<p>&nbsp;<\/p>\n<p>All\u00ed fue recibido por la directora del establecimiento educativo, Marcela Bonepelche. Acompa\u00f1\u00f3 al intendente el secretario de Mantenimiento y Obras P\u00fablicas Julio Ferraro. &#8220;Los primeros trabajos que se desarrollan en la instituci\u00f3n, responden al movimiento de suelo, impermeabilizaci\u00f3n de techos e instalaci\u00f3n de cloacas&#8221; se indic\u00f3.<\/p>\n<p>&nbsp;<\/p>\n<blockquote><p>En detalle, los trabajos se encuadran en un proyecto ideado y confeccionado por personal de la Secretar\u00eda de Mantenimiento y Obras P\u00fablicas municipal. Constan de la construcci\u00f3n de cuatro aulas nuevas, una biblioteca, refacci\u00f3n de ba\u00f1os, espacio de direcci\u00f3n, secretar\u00eda, equipo orientador y auxiliar; ampliaci\u00f3n de comedor y cocina con dep\u00f3sito.<\/p><\/blockquote>\n<p>&nbsp;<\/p>\n<p>Tales obras fueron licitadas en el mes de enero y requieren una <strong>inversi\u00f3n que alcanza los 60 millones<\/strong>, a costear con recursos del fondo educativo. Est\u00e1n a cargo de Pecma SRL, empresa adjudicataria de la licitaci\u00f3n.<\/p>\n<p>&nbsp;<\/p>\n<p><img data-recalc-dims=\"1\" loading=\"lazy\" decoding=\"async\" class=\"aligncenter wp-image-84525 size-full\" src=\"https:\/\/i0.wp.com\/cdnoticias.com\/wp-content\/uploads\/2023\/05\/Obras-Inicio-Obras-Escuela-N%C2%B058-1-scaled-1.jpg?resize=800%2C535&#038;ssl=1\" alt=\"\" width=\"800\" height=\"535\" srcset=\"https:\/\/i0.wp.com\/cdnoticias.com\/wp-content\/uploads\/2023\/05\/Obras-Inicio-Obras-Escuela-N%C2%B058-1-scaled-1.jpg?w=2560&amp;ssl=1 2560w, https:\/\/i0.wp.com\/cdnoticias.com\/wp-content\/uploads\/2023\/05\/Obras-Inicio-Obras-Escuela-N%C2%B058-1-scaled-1.jpg?resize=300%2C201&amp;ssl=1 300w, https:\/\/i0.wp.com\/cdnoticias.com\/wp-content\/uploads\/2023\/05\/Obras-Inicio-Obras-Escuela-N%C2%B058-1-scaled-1.jpg?resize=1024%2C684&amp;ssl=1 1024w, https:\/\/i0.wp.com\/cdnoticias.com\/wp-content\/uploads\/2023\/05\/Obras-Inicio-Obras-Escuela-N%C2%B058-1-scaled-1.jpg?resize=768%2C513&amp;ssl=1 768w, https:\/\/i0.wp.com\/cdnoticias.com\/wp-content\/uploads\/2023\/05\/Obras-Inicio-Obras-Escuela-N%C2%B058-1-scaled-1.jpg?resize=1536%2C1027&amp;ssl=1 1536w, https:\/\/i0.wp.com\/cdnoticias.com\/wp-content\/uploads\/2023\/05\/Obras-Inicio-Obras-Escuela-N%C2%B058-1-scaled-1.jpg?resize=2048%2C1369&amp;ssl=1 2048w, https:\/\/i0.wp.com\/cdnoticias.com\/wp-content\/uploads\/2023\/05\/Obras-Inicio-Obras-Escuela-N%C2%B058-1-scaled-1.jpg?resize=272%2C182&amp;ssl=1 272w, https:\/\/i0.wp.com\/cdnoticias.com\/wp-content\/uploads\/2023\/05\/Obras-Inicio-Obras-Escuela-N%C2%B058-1-scaled-1.jpg?w=1600&amp;ssl=1 1600w, https:\/\/i0.wp.com\/cdnoticias.com\/wp-content\/uploads\/2023\/05\/Obras-Inicio-Obras-Escuela-N%C2%B058-1-scaled-1.jpg?w=2400&amp;ssl=1 2400w\" sizes=\"auto, (max-width: 800px) 100vw, 800px\" \/><\/p>\n<p>&nbsp;<\/p>\n<p>Al respecto, Galli expres\u00f3 que <em>&#8220;desde que asumimos en diciembre de 2015 hemos realizado una verdadera transformaci\u00f3n educativa. Primero nos ocupamos de lo urgente y estamos abocados a seguir mejorando edificios y construir sedes para las instituciones que ten\u00edan que alquilar y mudarse cada dos a\u00f1os&#8221;.\u00a0<\/em><\/p>\n<p>&nbsp;<\/p>\n<p><em><strong>&#8220;En el caso de la Escuela 58 vamos a construir aulas nuevas y reformar todo el edificio. Es una gran inversi\u00f3n pensada en toda la comunidad educativa que va a disfrutar de nuevas instalaciones que permitir\u00e1n una mejora en la calidad de la educaci\u00f3n de los olavarrienses&#8221;<\/strong><\/em> agreg\u00f3 el intendente.<\/p>\n<p>&nbsp;<\/p>\n<p>La obra, recientemente iniciada, tiene una superficie cubierta de 218.88 m2 nuevos y se concretar\u00e1 en tres etapas. En primera instancia se realizar\u00e1 la construcci\u00f3n de las cuatro aulas y la biblioteca, junto con la impermeabilizaci\u00f3n de las losas existentes. La segunda etapa se traducir\u00e1 en la ampliaci\u00f3n del comedor y cocina, la divisi\u00f3n de direcci\u00f3n, secretaria, gabinete y espacio para auxiliar. En el tercer y \u00faltimo tramo se llevar\u00e1 a cabo la refacci\u00f3n de ba\u00f1os y el nuevo ba\u00f1o para personas con movilidad reducida.<\/p>\n","protected":false},"excerpt":{"rendered":"<p>Este martes el intendente Ezequiel Galli visit\u00f3 las instalaciones que requieren una inversi\u00f3n que alcanza los 60 millones.<\/p>\n","protected":false},"author":6,"featured_media":84526,"comment_status":"closed","ping_status":"closed","sticky":false,"template":"","format":"standard","meta":{"_jetpack_memberships_contains_paid_content":false,"footnotes":""},"categories":[5,1],"tags":[],"class_list":["post-84524","post","type-post","status-publish","format-standard","has-post-thumbnail","hentry","category-informacion-general","category-portada"],"jetpack_featured_media_url":"https:\/\/i0.wp.com\/cdnoticias.com\/wp-content\/uploads\/2023\/05\/Obras-Inicio-Obras-Escuela-N%C2%B058-2-scaled-1.jpg?fit=2560%2C1711&ssl=1","jetpack_sharing_enabled":true,"_links":{"self":[{"href":"https:\/\/cdnoticias.com\/index.php\/wp-json\/wp\/v2\/posts\/84524","targetHints":{"allow":["GET"]}}],"collection":[{"href":"https:\/\/cdnoticias.com\/index.php\/wp-json\/wp\/v2\/posts"}],"about":[{"href":"https:\/\/cdnoticias.com\/index.php\/wp-json\/wp\/v2\/types\/post"}],"author":[{"embeddable":true,"href":"https:\/\/cdnoticias.com\/index.php\/wp-json\/wp\/v2\/users\/6"}],"replies":[{"embeddable":true,"href":"https:\/\/cdnoticias.com\/index.php\/wp-json\/wp\/v2\/comments?post=84524"}],"version-history":[{"count":0,"href":"https:\/\/cdnoticias.com\/index.php\/wp-json\/wp\/v2\/posts\/84524\/revisions"}],"wp:featuredmedia":[{"embeddable":true,"href":"https:\/\/cdnoticias.com\/index.php\/wp-json\/wp\/v2\/media\/84526"}],"wp:attachment":[{"href":"https:\/\/cdnoticias.com\/index.php\/wp-json\/wp\/v2\/media?parent=84524"}],"wp:term":[{"taxonomy":"category","embeddable":true,"href":"https:\/\/cdnoticias.com\/index.php\/wp-json\/wp\/v2\/categories?post=84524"},{"taxonomy":"post_tag","embeddable":true,"href":"https:\/\/cdnoticias.com\/index.php\/wp-json\/wp\/v2\/tags?post=84524"}],"curies":[{"name":"wp","href":"https:\/\/api.w.org\/{rel}","templated":true}]}}