{"id":84510,"date":"2023-05-09T18:28:20","date_gmt":"2023-05-09T21:28:20","guid":{"rendered":"https:\/\/www.centraldenoticias.com.ar\/?p=84510"},"modified":"2023-05-09T19:30:29","modified_gmt":"2023-05-09T22:30:29","slug":"cementos-avellaneda-e-ypf-luz-analizan-montar-un-parque-eolico-en-olavarria","status":"publish","type":"post","link":"https:\/\/cdnoticias.com\/index.php\/2023\/05\/09\/cementos-avellaneda-e-ypf-luz-analizan-montar-un-parque-eolico-en-olavarria\/","title":{"rendered":"Cementos Avellaneda e YPF Luz analizan montar un parque e\u00f3lico en Olavarr\u00eda"},"content":{"rendered":"<p>Coopelectric contribuy\u00f3 con ambas empresas para avanzar en la iniciativa. El parque estar\u00eda ubicado a 10 km de la ciudad, en predios de la cementera, con una potencia instalada de hasta 63 MW.<\/p>\n<p><!--more--><\/p>\n<hr \/>\n<p><strong>Coopelectric mantuvo un encuentro con representantes de YPF Luz y Cementos Avellaneda<\/strong>, empresas que analizan montar un<strong> parque e\u00f3lico en Olavarr\u00eda.<\/strong><\/p>\n<p>&nbsp;<\/p>\n<p>El encuentro se dio la semana pasada en instalaciones de la cooperativa local. <strong>La cementera y la energ\u00e9tica firmaron un \u201cMemorandum de Entendimiento\u201d<\/strong> para desarrollar un proyecto de generaci\u00f3n de energ\u00eda el\u00e9ctrica renovable, que incluir\u00eda la construcci\u00f3n del <strong>Parque E\u00f3lico Cementos Avellaneda (PECASA)<\/strong> y su <strong>L\u00ednea de Media Tensi\u00f3n de Vinculaci\u00f3n (LMT).<\/strong><\/p>\n<p>&nbsp;<\/p>\n<p>Estuvieron presentes el<strong> titular el Consejo de Administraci\u00f3n de Coopelectric Cruz Arouxet, la gerente de Relaciones Institucionales de YPF Luz Mariana Iribarne, el director de Asuntos Corporativos y Legales de Cementos Avellaneda Sebasti\u00e1n Heller<\/strong>, el jefe Corporativo de Medio Ambiente y Sostenibilidad de Cementos Avellaneda Juan Villemur, el gerente de Recursos Estrat\u00e9gicos de Cementos Avellaneda Daniel Schamberger, el gerente de Coordinaci\u00f3n Ejecutiva de Coopelectric Oscar L\u00f3pez y el gerente de Operaciones y Calidad de Servicio Jorge Vornetti.<\/p>\n<p>&nbsp;<\/p>\n<p>Los participantes de la reuni\u00f3n destacaron la <strong>demanda creciente de la energ\u00eda renovable<\/strong>, el <strong>compromiso de muchas empresas<\/strong> en cuanto a la reducci\u00f3n de la huella de carbono y en ese marco, la <strong>potencialidad de este tipo de proyectos<\/strong>.<\/p>\n<p>&nbsp;<\/p>\n<blockquote><p>\u201cEstamos muy contentos de poder desarrollar este proyecto que nos entusiasma mucho y que tiene la caracter\u00edstica adicional de que el Parque estar\u00e1 montado al pie de la demanda y de la actividad. Es lo que toda industria ambiciona tener\u201d afirm\u00f3 Mariana Iribarne, gerente de Relaciones Institucionales de YPF Luz.<\/p><\/blockquote>\n<p>&nbsp;<\/p>\n<p>El parque e\u00f3lico estar\u00eda ubicado en Olavarr\u00eda,<strong> a 10 kil\u00f3metros de la ciudad<\/strong>, con una<strong> potencia instalada de hasta 63 MW<\/strong>. El mismo se implantar\u00eda sobre <strong>predios que son propiedad de Cementos Avellaneda<\/strong> y tambi\u00e9n en <strong>predios de algunos vecinos con quienes ya se firmaron contratos de opci\u00f3n de usufructo.<\/strong><\/p>\n<p>&nbsp;<\/p>\n<p>En principio, el objetivo de ambas compa\u00f1\u00edas es poder <strong>determinar la viabilidad t\u00e9cnicoecon\u00f3mica del proyecto en el primer semestre del a\u00f1o<\/strong>, de forma de poder tomar la decisi\u00f3n final de inversi\u00f3n y construcci\u00f3n durante el segundo semestre.<\/p>\n<p>&nbsp;<\/p>\n<p>El proyecto busca <strong>mejorar el desempe\u00f1o energ\u00e9tico de Cementos Avellaneda<\/strong> alcanzando el <strong>autoabastecimiento renovable del 100 % de la demanda el\u00e9ctrica de la Planta de Olavarr\u00eda<\/strong>, contribuir con la descarbonizaci\u00f3n, promover la creaci\u00f3n de empleo en la regi\u00f3n, integrar los sitios rehabilitados por la actividad minera para el desarrollo de proyectos sustentable y colaborar con el R\u00e9gimen de Fomento Nacional para el uso de Fuentes Renovables de Energ\u00eda destinada a la Producci\u00f3n de Energ\u00eda El\u00e9ctrica.<\/p>\n<p>&nbsp;<\/p>\n<blockquote><p>\u201cDesde el Consejo de Administraci\u00f3n entendemos que el rol de la Cooperativa es acompa\u00f1ar los procesos de transici\u00f3n, contribuir al cuidado del medio ambiente y promover medidas que avancen en tal direcci\u00f3n\u201d y a continuaci\u00f3n agreg\u00f3 \u201cpor eso felicitamos a ambas empresas y manifestamos nuestra alegr\u00eda por haber contribuido en la gestaci\u00f3n de este proyecto que hoy culmina con este acuerdo entre Cementos Avellaneda e YPF Luz para montar un Parque E\u00f3lico en Olavarr\u00eda\u201d sostuvo el presidente de Coopelectric Cruz Arouxet.<\/p><\/blockquote>\n<p>&nbsp;<\/p>\n<p>\u201cDesde el inicio trabajamos de forma conjunta con Cementos Avellaneda en la elaboraci\u00f3n del proyecto t\u00e9cnico,<strong> hemos sido parte y facilitadores<\/strong>. Realmente, compartimos este sue\u00f1o, por eso cuando finalmente se concrete y veamos los aerogeneradores funcionando en Olavarr\u00eda, tendremos la satisfacci\u00f3n de saber que<strong> hicimos nuestro aporte cooperativo para la construcci\u00f3n de una nueva realidad<\/strong>\u201d concluy\u00f3 el gerente de Operaciones y Calidad de Servicios Jorge Vornetti.<\/p>\n<p>&nbsp;<\/p>\n","protected":false},"excerpt":{"rendered":"<p>Coopelectric contribuy\u00f3 con ambas empresas para avanzar en la iniciativa. El parque estar\u00eda ubicado a 10 km de la ciudad,<\/p>\n","protected":false},"author":4,"featured_media":84511,"comment_status":"closed","ping_status":"closed","sticky":false,"template":"","format":"standard","meta":{"_jetpack_memberships_contains_paid_content":false,"footnotes":""},"categories":[5,1],"tags":[],"class_list":["post-84510","post","type-post","status-publish","format-standard","has-post-thumbnail","hentry","category-informacion-general","category-portada"],"jetpack_featured_media_url":"https:\/\/i0.wp.com\/cdnoticias.com\/wp-content\/uploads\/2023\/05\/coopelectric-YPF-Luz-Cementos-avellaneda-01.jpg?fit=800%2C445&ssl=1","jetpack_sharing_enabled":true,"_links":{"self":[{"href":"https:\/\/cdnoticias.com\/index.php\/wp-json\/wp\/v2\/posts\/84510","targetHints":{"allow":["GET"]}}],"collection":[{"href":"https:\/\/cdnoticias.com\/index.php\/wp-json\/wp\/v2\/posts"}],"about":[{"href":"https:\/\/cdnoticias.com\/index.php\/wp-json\/wp\/v2\/types\/post"}],"author":[{"embeddable":true,"href":"https:\/\/cdnoticias.com\/index.php\/wp-json\/wp\/v2\/users\/4"}],"replies":[{"embeddable":true,"href":"https:\/\/cdnoticias.com\/index.php\/wp-json\/wp\/v2\/comments?post=84510"}],"version-history":[{"count":0,"href":"https:\/\/cdnoticias.com\/index.php\/wp-json\/wp\/v2\/posts\/84510\/revisions"}],"wp:featuredmedia":[{"embeddable":true,"href":"https:\/\/cdnoticias.com\/index.php\/wp-json\/wp\/v2\/media\/84511"}],"wp:attachment":[{"href":"https:\/\/cdnoticias.com\/index.php\/wp-json\/wp\/v2\/media?parent=84510"}],"wp:term":[{"taxonomy":"category","embeddable":true,"href":"https:\/\/cdnoticias.com\/index.php\/wp-json\/wp\/v2\/categories?post=84510"},{"taxonomy":"post_tag","embeddable":true,"href":"https:\/\/cdnoticias.com\/index.php\/wp-json\/wp\/v2\/tags?post=84510"}],"curies":[{"name":"wp","href":"https:\/\/api.w.org\/{rel}","templated":true}]}}