{"id":84503,"date":"2023-05-10T08:15:53","date_gmt":"2023-05-10T11:15:53","guid":{"rendered":"https:\/\/www.centraldenoticias.com.ar\/?p=84503"},"modified":"2023-05-10T08:15:53","modified_gmt":"2023-05-10T11:15:53","slug":"segun-una-consultora-rodriguez-larreta-es-el-dirigente-mejor-posicionado-entre-los-bonaerenses","status":"publish","type":"post","link":"https:\/\/cdnoticias.com\/index.php\/2023\/05\/10\/segun-una-consultora-rodriguez-larreta-es-el-dirigente-mejor-posicionado-entre-los-bonaerenses\/","title":{"rendered":"Seg\u00fan una consultora, Rodr\u00edguez Larreta es el dirigente mejor posicionado entre los bonaerenses"},"content":{"rendered":"<p>El jefe de Gobierno de la Ciudad de Buenos Aires tiene la imagen positiva m\u00e1s alta, es considerado el \u201cm\u00e1s cre\u00edble\u201d y re\u00fane la mayor evaluaci\u00f3n positiva de gesti\u00f3n.<!--more--><\/p>\n<hr \/>\n<p>Los datos fueron revelados por una <strong>encuesta de la consultora Isonom\u00eda<\/strong>, que se realiz\u00f3 entre el 20 de marzo y el 3 de abril sobre un universo de 1.800 casos en la provincia de Buenos Aires. El estudio se realiz\u00f3 de manera presencial y tiene un margen de error del +\/- 2,3%.<\/p>\n<p>&nbsp;<\/p>\n<p>El trabajo indic\u00f3 que <strong>Rodr\u00edguez Larreta es el dirigente nacional con mayor imagen positiva (39,4%)<\/strong>, superando a Patricia Bullrich (36%), Javier Milei (34,6%), Sergio Massa (33,7%) y Cristina Kirchner (32,2%).<\/p>\n<p>&nbsp;<\/p>\n<p>En contrapartida, Mauricio Macri concentra la mayor imagen negativa (73,6%), seguido por Alberto Fern\u00e1ndez (71,7%) y Cristina Kirchner (67,1%).<\/p>\n<p>&nbsp;<\/p>\n<p><img data-recalc-dims=\"1\" loading=\"lazy\" decoding=\"async\" class=\"aligncenter size-full wp-image-84505\" src=\"https:\/\/i0.wp.com\/cdnoticias.com\/wp-content\/uploads\/2023\/05\/WhatsApp-Image-2023-05-09-at-11.56.59.jpeg?resize=800%2C457&#038;ssl=1\" alt=\"\" width=\"800\" height=\"457\" srcset=\"https:\/\/i0.wp.com\/cdnoticias.com\/wp-content\/uploads\/2023\/05\/WhatsApp-Image-2023-05-09-at-11.56.59.jpeg?w=1600&amp;ssl=1 1600w, https:\/\/i0.wp.com\/cdnoticias.com\/wp-content\/uploads\/2023\/05\/WhatsApp-Image-2023-05-09-at-11.56.59.jpeg?resize=300%2C171&amp;ssl=1 300w, https:\/\/i0.wp.com\/cdnoticias.com\/wp-content\/uploads\/2023\/05\/WhatsApp-Image-2023-05-09-at-11.56.59.jpeg?resize=1024%2C585&amp;ssl=1 1024w, https:\/\/i0.wp.com\/cdnoticias.com\/wp-content\/uploads\/2023\/05\/WhatsApp-Image-2023-05-09-at-11.56.59.jpeg?resize=768%2C439&amp;ssl=1 768w, https:\/\/i0.wp.com\/cdnoticias.com\/wp-content\/uploads\/2023\/05\/WhatsApp-Image-2023-05-09-at-11.56.59.jpeg?resize=1536%2C877&amp;ssl=1 1536w\" sizes=\"auto, (max-width: 800px) 100vw, 800px\" \/><\/p>\n<p>&nbsp;<\/p>\n<p>Asimismo, <strong>el jefe de Gobierno porte\u00f1o es el dirigente \u201cm\u00e1s cre\u00edble\u201d (34,2%)<\/strong>. En segundo lugar, se ubic\u00f3 Patricia Bullrich (29,8%) seguida por Javier Milei (28,2%).<\/p>\n<p>&nbsp;<\/p>\n<p>Seg\u00fan la encuesta de Isonom\u00eda, Mauricio Macri es el dirigente nacional \u201cmenos cre\u00edble\u201d (77,7%), seguido por Cristina Kirchner (70,6%).<\/p>\n<p>&nbsp;<\/p>\n<p>El <strong>44%<\/strong> de los encuestados consider\u00f3 que es <strong>positiva la gesti\u00f3n de Rodr\u00edguez Larreta<\/strong> en la Ciudad Aut\u00f3noma de Buenos Aires.<\/p>\n<p>&nbsp;<\/p>\n<p><img data-recalc-dims=\"1\" loading=\"lazy\" decoding=\"async\" class=\"aligncenter size-full wp-image-84504\" src=\"https:\/\/i0.wp.com\/cdnoticias.com\/wp-content\/uploads\/2023\/05\/WhatsApp-Image-2023-05-09-at-11.57.06.jpeg?resize=800%2C456&#038;ssl=1\" alt=\"\" width=\"800\" height=\"456\" srcset=\"https:\/\/i0.wp.com\/cdnoticias.com\/wp-content\/uploads\/2023\/05\/WhatsApp-Image-2023-05-09-at-11.57.06.jpeg?w=1600&amp;ssl=1 1600w, https:\/\/i0.wp.com\/cdnoticias.com\/wp-content\/uploads\/2023\/05\/WhatsApp-Image-2023-05-09-at-11.57.06.jpeg?resize=300%2C171&amp;ssl=1 300w, https:\/\/i0.wp.com\/cdnoticias.com\/wp-content\/uploads\/2023\/05\/WhatsApp-Image-2023-05-09-at-11.57.06.jpeg?resize=1024%2C584&amp;ssl=1 1024w, https:\/\/i0.wp.com\/cdnoticias.com\/wp-content\/uploads\/2023\/05\/WhatsApp-Image-2023-05-09-at-11.57.06.jpeg?resize=768%2C438&amp;ssl=1 768w, https:\/\/i0.wp.com\/cdnoticias.com\/wp-content\/uploads\/2023\/05\/WhatsApp-Image-2023-05-09-at-11.57.06.jpeg?resize=1536%2C876&amp;ssl=1 1536w\" sizes=\"auto, (max-width: 800px) 100vw, 800px\" \/><\/p>\n<p>&nbsp;<\/p>\n<p>As\u00ed, Rodr\u00edguez Larreta lidera el r\u00e1nking sobre valoraci\u00f3n de gesti\u00f3n. En el caso del gobernador bonaerense, Axel Kicillof, el 33,3% consider\u00f3 que su tarea es favorable pero casi el doble (64,4%) la desaprob\u00f3.<\/p>\n<p>&nbsp;<\/p>\n<p>Sobre el escenario para las Primarias Abiertas, Simult\u00e1neas y Obligatorias (PASO), la encuesta indic\u00f3 que <strong>Rodr\u00edguez Larreta se impondr\u00eda en la interna presidencial de Juntos por el Cambio con el 19,2%<\/strong> <strong>del total de los votos<\/strong>, mientras que Patricia Bullrich queda segunda (10,4%).<\/p>\n","protected":false},"excerpt":{"rendered":"<p>El jefe de Gobierno de la Ciudad de Buenos Aires tiene la imagen positiva m\u00e1s alta, es considerado el \u201cm\u00e1s<\/p>\n","protected":false},"author":5,"featured_media":55697,"comment_status":"closed","ping_status":"closed","sticky":false,"template":"","format":"standard","meta":{"_jetpack_memberships_contains_paid_content":false,"footnotes":""},"categories":[6,1],"tags":[],"class_list":["post-84503","post","type-post","status-publish","format-standard","has-post-thumbnail","hentry","category-nacionales","category-portada"],"jetpack_featured_media_url":"https:\/\/i0.wp.com\/cdnoticias.com\/wp-content\/uploads\/2022\/05\/larreta-2.jpg?fit=1480%2C944&ssl=1","jetpack_sharing_enabled":true,"_links":{"self":[{"href":"https:\/\/cdnoticias.com\/index.php\/wp-json\/wp\/v2\/posts\/84503","targetHints":{"allow":["GET"]}}],"collection":[{"href":"https:\/\/cdnoticias.com\/index.php\/wp-json\/wp\/v2\/posts"}],"about":[{"href":"https:\/\/cdnoticias.com\/index.php\/wp-json\/wp\/v2\/types\/post"}],"author":[{"embeddable":true,"href":"https:\/\/cdnoticias.com\/index.php\/wp-json\/wp\/v2\/users\/5"}],"replies":[{"embeddable":true,"href":"https:\/\/cdnoticias.com\/index.php\/wp-json\/wp\/v2\/comments?post=84503"}],"version-history":[{"count":0,"href":"https:\/\/cdnoticias.com\/index.php\/wp-json\/wp\/v2\/posts\/84503\/revisions"}],"wp:featuredmedia":[{"embeddable":true,"href":"https:\/\/cdnoticias.com\/index.php\/wp-json\/wp\/v2\/media\/55697"}],"wp:attachment":[{"href":"https:\/\/cdnoticias.com\/index.php\/wp-json\/wp\/v2\/media?parent=84503"}],"wp:term":[{"taxonomy":"category","embeddable":true,"href":"https:\/\/cdnoticias.com\/index.php\/wp-json\/wp\/v2\/categories?post=84503"},{"taxonomy":"post_tag","embeddable":true,"href":"https:\/\/cdnoticias.com\/index.php\/wp-json\/wp\/v2\/tags?post=84503"}],"curies":[{"name":"wp","href":"https:\/\/api.w.org\/{rel}","templated":true}]}}