{"id":84500,"date":"2023-05-09T12:57:55","date_gmt":"2023-05-09T15:57:55","guid":{"rendered":"https:\/\/www.centraldenoticias.com.ar\/?p=84500"},"modified":"2023-05-09T17:05:26","modified_gmt":"2023-05-09T20:05:26","slug":"haran-un-verdurazo-para-defender-la-realizacion-de-ferias","status":"publish","type":"post","link":"https:\/\/cdnoticias.com\/index.php\/2023\/05\/09\/haran-un-verdurazo-para-defender-la-realizacion-de-ferias\/","title":{"rendered":"Har\u00e1n un \u201cverdurazo\u201d para defender la realizaci\u00f3n de ferias"},"content":{"rendered":"<p>Tras la suspensi\u00f3n por \u201crumores de decomisaci\u00f3n\u201d, organizadores de las ferias de verduras regalar\u00e1n sus productos y se concentrar\u00e1n este mi\u00e9rcoles en la plaza central.<!--more--><\/p>\n<hr \/>\n<p>Desde la Federaci\u00f3n Rural y Pueblo a Pueblo se inform\u00f3 que <strong>este mi\u00e9rcoles a partir de las 10:00 se realizar\u00e1 un \u201cverdurazo\u201d y concentraci\u00f3n en la plaza central de Olavarr\u00eda.<\/strong><\/p>\n<p>&nbsp;<\/p>\n<p>Indicaron que la medida se toma \u201cdebido a los hechos del fin de semana, donde el Municipio de Olavarr\u00eda mont\u00f3 un amplio operativo policial para impedir el desarrollo de las ferias de verdura\u201d.<\/p>\n<p>&nbsp;<\/p>\n<p>Recordemos que <a href=\"https:\/\/cdnoticias.com\/index.php\/2023\/05\/06\/por-rumores-de-decomisacion-las-ferias-de-verduras-no-venderan-este-sabado\/\" target=\"_blank\" rel=\"noopener\">el pasado s\u00e1bado se suspendieron las ferias en los parques<\/a> \u201cdebido a los rumores que circulan en torno a la decomisaci\u00f3n de la mercader\u00eda\u201d.<\/p>\n<p>&nbsp;<\/p>\n<blockquote><p>Ante esta situaci\u00f3n, los feriantes decidieron reunirse este mi\u00e9rcoles 10 de mayo y regalar bolsones de verdura. Adem\u00e1s, juntar\u00e1n firmas y comunicar\u00e1n a los vecinos el proyecto de ordenanza presentado para la habilitaci\u00f3n de las ferias.<\/p><\/blockquote>\n<p>&nbsp;<\/p>\n<p>&nbsp;<\/p>\n<p><strong>El proyecto presentado en el HCD<\/strong><\/p>\n<p>&nbsp;<\/p>\n<p>Integrantes de la Federaci\u00f3n Rural para la Producci\u00f3n y el Arraigo presentaron un<a href=\"https:\/\/cdnoticias.com\/index.php\/2023\/05\/03\/presentaron-un-proyecto-de-ordenanza-para-la-habilitacion-de-ferias-de-agricultura-familiar\/\" target=\"_blank\" rel=\"noopener\"> proyecto de ordenanza en el HCD<\/a> con m\u00e1s de 500 firmas para lograr la institucionalidad y darle un marco legal a la comercializaci\u00f3n de sus productos.<\/p>\n<p>&nbsp;<\/p>\n<p><img data-recalc-dims=\"1\" loading=\"lazy\" decoding=\"async\" class=\"aligncenter wp-image-83931 size-large\" src=\"https:\/\/i0.wp.com\/cdnoticias.com\/wp-content\/uploads\/2023\/05\/federacion-rural-ferias-de-verduras-proyecto.jpg?resize=800%2C445&#038;ssl=1\" alt=\"\" width=\"800\" height=\"445\" srcset=\"https:\/\/i0.wp.com\/cdnoticias.com\/wp-content\/uploads\/2023\/05\/federacion-rural-ferias-de-verduras-proyecto.jpg?resize=1024%2C570&amp;ssl=1 1024w, https:\/\/i0.wp.com\/cdnoticias.com\/wp-content\/uploads\/2023\/05\/federacion-rural-ferias-de-verduras-proyecto.jpg?resize=300%2C167&amp;ssl=1 300w, https:\/\/i0.wp.com\/cdnoticias.com\/wp-content\/uploads\/2023\/05\/federacion-rural-ferias-de-verduras-proyecto.jpg?resize=768%2C427&amp;ssl=1 768w, https:\/\/i0.wp.com\/cdnoticias.com\/wp-content\/uploads\/2023\/05\/federacion-rural-ferias-de-verduras-proyecto.jpg?resize=1536%2C855&amp;ssl=1 1536w, https:\/\/i0.wp.com\/cdnoticias.com\/wp-content\/uploads\/2023\/05\/federacion-rural-ferias-de-verduras-proyecto.jpg?resize=800%2C445&amp;ssl=1 800w, https:\/\/i0.wp.com\/cdnoticias.com\/wp-content\/uploads\/2023\/05\/federacion-rural-ferias-de-verduras-proyecto.jpg?w=1874&amp;ssl=1 1874w, https:\/\/i0.wp.com\/cdnoticias.com\/wp-content\/uploads\/2023\/05\/federacion-rural-ferias-de-verduras-proyecto.jpg?w=1600&amp;ssl=1 1600w\" sizes=\"auto, (max-width: 800px) 100vw, 800px\" \/><\/p>\n<p>&nbsp;<\/p>\n<p>Destacaron que las tradicionales \u201cferias de verduras\u201d se tornaron en una gran <strong>herramienta de comercializaci\u00f3n directa de producciones locales y regionales<\/strong> organizados en la Federaci\u00f3n Rural y a trav\u00e9s de sus cooperativas. Con el ofrecimiento de productos diferenciados en calidad, procedencia, frescura y precio y tambi\u00e9n una nueva forma m\u00e1s amigable de consumir e interactuar con las familias que producen en un espacio al aire libre y de encuentro para compartir saberes e ideas.<\/p>\n<p>&nbsp;<\/p>\n<p>Desde la Federaci\u00f3n interpretaron que esta demanda de productores y consumidores organizados debe canalizarse a trav\u00e9s de su <strong>regulaci\u00f3n e impulso<\/strong> por lo tanto hace tiempo trabajan en el proyecto de ordenanza presentado en el Consejo Deliberante. <strong>Adem\u00e1s, ingresaron el expediente a la secretar\u00eda de Desarrollo Humano y Calidad de Vida.<\/strong><\/p>\n","protected":false},"excerpt":{"rendered":"<p>Tras la suspensi\u00f3n por \u201crumores de decomisaci\u00f3n\u201d, organizadores de las ferias de verduras regalar\u00e1n sus productos y se concentrar\u00e1n este<\/p>\n","protected":false},"author":5,"featured_media":9742,"comment_status":"closed","ping_status":"closed","sticky":false,"template":"","format":"standard","meta":{"_jetpack_memberships_contains_paid_content":false,"footnotes":""},"categories":[5,1],"tags":[],"class_list":["post-84500","post","type-post","status-publish","format-standard","has-post-thumbnail","hentry","category-informacion-general","category-portada"],"jetpack_featured_media_url":"https:\/\/i0.wp.com\/cdnoticias.com\/wp-content\/uploads\/2020\/12\/verdurazo-1.jpg?fit=4608%2C3072&ssl=1","jetpack_sharing_enabled":true,"_links":{"self":[{"href":"https:\/\/cdnoticias.com\/index.php\/wp-json\/wp\/v2\/posts\/84500","targetHints":{"allow":["GET"]}}],"collection":[{"href":"https:\/\/cdnoticias.com\/index.php\/wp-json\/wp\/v2\/posts"}],"about":[{"href":"https:\/\/cdnoticias.com\/index.php\/wp-json\/wp\/v2\/types\/post"}],"author":[{"embeddable":true,"href":"https:\/\/cdnoticias.com\/index.php\/wp-json\/wp\/v2\/users\/5"}],"replies":[{"embeddable":true,"href":"https:\/\/cdnoticias.com\/index.php\/wp-json\/wp\/v2\/comments?post=84500"}],"version-history":[{"count":0,"href":"https:\/\/cdnoticias.com\/index.php\/wp-json\/wp\/v2\/posts\/84500\/revisions"}],"wp:featuredmedia":[{"embeddable":true,"href":"https:\/\/cdnoticias.com\/index.php\/wp-json\/wp\/v2\/media\/9742"}],"wp:attachment":[{"href":"https:\/\/cdnoticias.com\/index.php\/wp-json\/wp\/v2\/media?parent=84500"}],"wp:term":[{"taxonomy":"category","embeddable":true,"href":"https:\/\/cdnoticias.com\/index.php\/wp-json\/wp\/v2\/categories?post=84500"},{"taxonomy":"post_tag","embeddable":true,"href":"https:\/\/cdnoticias.com\/index.php\/wp-json\/wp\/v2\/tags?post=84500"}],"curies":[{"name":"wp","href":"https:\/\/api.w.org\/{rel}","templated":true}]}}