{"id":84495,"date":"2023-05-09T11:41:08","date_gmt":"2023-05-09T14:41:08","guid":{"rendered":"https:\/\/www.centraldenoticias.com.ar\/?p=84495"},"modified":"2023-05-09T12:58:19","modified_gmt":"2023-05-09T15:58:19","slug":"inseguridad-en-el-sector-rural-productores-se-reunieron-con-el-jefe-departamental","status":"publish","type":"post","link":"https:\/\/cdnoticias.com\/index.php\/2023\/05\/09\/inseguridad-en-el-sector-rural-productores-se-reunieron-con-el-jefe-departamental\/","title":{"rendered":"Inseguridad en el sector rural: productores se reunieron con el Jefe Departamental"},"content":{"rendered":"<p>La reuni\u00f3n se dio tras los hechos de abigeato registrados en campos cercanos a la ruta 226. Asistieron productores de Espigas, Recalde y Dura\u00f1ona.<\/p>\n<p><!--more--><\/p>\n<hr \/>\n<p>Este lunes, <strong>productores rurales se reunieron con el Jefe Departamental de Polic\u00eda<\/strong>, comisario Leandro Scavuzzo.<\/p>\n<p>&nbsp;<\/p>\n<p>El encuentro se dio <a href=\"https:\/\/cdnoticias.com\/index.php\/2023\/05\/06\/denunciaron-dos-abigeatos-en-campos-ubicados-sobre-la-ruta-226\/\" target=\"_blank\" rel=\"noopener\">tras los hechos de abigeato registrados en campos cercanos a la ruta 226<\/a> y, se destac\u00f3 que tambi\u00e9n sirvi\u00f3 de <strong>presentaci\u00f3n de los productores autoconvocados<\/strong> ya que fue la primera oportunidad para conocer al titular de la dependencia.<\/p>\n<p>&nbsp;<\/p>\n<p>Asistieron<strong> productores de la zona afectada por los hechos de abigeato<\/strong> recientemente conocidos, aunque tambi\u00e9n de<strong> Recalde, Espigas y Dura\u00f1ona.<\/strong><\/p>\n<p>&nbsp;<\/p>\n<blockquote><p>Se dio a conocer que los ruralistas expusieron la problem\u00e1tica del sector y se comprometieron a sostener el trabajo en conjunto con las autoridades policiales, tal como lo hacen desde largo tiempo. \u201cLe manifestamos la preocupaci\u00f3n por los hechos de abigeato y por la gente que caza los fines de semana ilegalmente\u201d detallaron a Central de Noticias tras la reuni\u00f3n.<\/p><\/blockquote>\n<p>&nbsp;<\/p>\n<p>Se adelant\u00f3 que <strong>se proyecta organizar hacia fin de mes una reuni\u00f3n de productores con autoridades policiales<\/strong> de la Departamental y la Jefatura Zonal de Patrulla Rural, tal como se ven\u00edan organizando a lo largo de 2022.<\/p>\n<p>&nbsp;<\/p>\n<p>En la imagen difundida tras la reuni\u00f3n est\u00e1n los productores <em>Pablo Gonz\u00e1lez, Alejandro Mend\u00eda, Andr\u00e9s Torres y Mario Gargiulo junto al comisario Scavuzzo.<\/em><\/p>\n<p>&nbsp;<\/p>\n","protected":false},"excerpt":{"rendered":"<p>La reuni\u00f3n se dio tras los hechos de abigeato registrados en campos cercanos a la ruta 226. Asistieron productores de<\/p>\n","protected":false},"author":4,"featured_media":84498,"comment_status":"closed","ping_status":"closed","sticky":false,"template":"","format":"standard","meta":{"_jetpack_memberships_contains_paid_content":false,"footnotes":""},"categories":[14,1],"tags":[],"class_list":["post-84495","post","type-post","status-publish","format-standard","has-post-thumbnail","hentry","category-policiales","category-portada"],"jetpack_featured_media_url":"https:\/\/i0.wp.com\/cdnoticias.com\/wp-content\/uploads\/2023\/05\/productores-autoconvocados-con-scavuzzo.jpg?fit=800%2C445&ssl=1","jetpack_sharing_enabled":true,"_links":{"self":[{"href":"https:\/\/cdnoticias.com\/index.php\/wp-json\/wp\/v2\/posts\/84495","targetHints":{"allow":["GET"]}}],"collection":[{"href":"https:\/\/cdnoticias.com\/index.php\/wp-json\/wp\/v2\/posts"}],"about":[{"href":"https:\/\/cdnoticias.com\/index.php\/wp-json\/wp\/v2\/types\/post"}],"author":[{"embeddable":true,"href":"https:\/\/cdnoticias.com\/index.php\/wp-json\/wp\/v2\/users\/4"}],"replies":[{"embeddable":true,"href":"https:\/\/cdnoticias.com\/index.php\/wp-json\/wp\/v2\/comments?post=84495"}],"version-history":[{"count":0,"href":"https:\/\/cdnoticias.com\/index.php\/wp-json\/wp\/v2\/posts\/84495\/revisions"}],"wp:featuredmedia":[{"embeddable":true,"href":"https:\/\/cdnoticias.com\/index.php\/wp-json\/wp\/v2\/media\/84498"}],"wp:attachment":[{"href":"https:\/\/cdnoticias.com\/index.php\/wp-json\/wp\/v2\/media?parent=84495"}],"wp:term":[{"taxonomy":"category","embeddable":true,"href":"https:\/\/cdnoticias.com\/index.php\/wp-json\/wp\/v2\/categories?post=84495"},{"taxonomy":"post_tag","embeddable":true,"href":"https:\/\/cdnoticias.com\/index.php\/wp-json\/wp\/v2\/tags?post=84495"}],"curies":[{"name":"wp","href":"https:\/\/api.w.org\/{rel}","templated":true}]}}