{"id":84482,"date":"2023-05-09T10:06:48","date_gmt":"2023-05-09T13:06:48","guid":{"rendered":"https:\/\/www.centraldenoticias.com.ar\/?p=84482"},"modified":"2023-05-09T11:41:23","modified_gmt":"2023-05-09T14:41:23","slug":"los-concejales-del-pro-presentaron-el-proyecto-de-campana-limpia","status":"publish","type":"post","link":"https:\/\/cdnoticias.com\/index.php\/2023\/05\/09\/los-concejales-del-pro-presentaron-el-proyecto-de-campana-limpia\/","title":{"rendered":"Los concejales del PRO presentaron el proyecto de \u201ccampa\u00f1a limpia\u201d"},"content":{"rendered":"<p>Busca prohibir la colocaci\u00f3n de pasacalles sobre avenidas, calles, pasajes y arbolado p\u00fablico. Se prev\u00e9n sanciones para el incumplimiento. Mart\u00edn Endere hizo hincapi\u00e9 en la intenci\u00f3n de \u201cevitar la contaminaci\u00f3n visual\u201d.<\/p>\n<hr \/>\n<p><!--more-->De cara a las pr\u00f3ximas elecciones, <strong>el bloque de concejales del PRO present\u00f3 un proyecto de ordenanza referido a la reglamentaci\u00f3n de pasacalles y carteler\u00eda de propaganda pol\u00edtica<\/strong> en espacios p\u00fablicos del partido de Olavarr\u00eda.<\/p>\n<p>&nbsp;<\/p>\n<p>Seg\u00fan se explic\u00f3, la iniciativa<strong> se incorpor\u00f3 al expediente ya existente en el Concejo Deliberante<\/strong>, siguiendo la l\u00ednea de la propuesta de \u201cCampa\u00f1a limpia\u201d del intendente municipal Ezequiel Galli, <a href=\"https:\/\/cdnoticias.com\/index.php\/2023\/04\/18\/ezequiel-galli-pidio-una-campana-limpia-sin-carteles-ni-pasacalles\/\" target=\"_blank\" rel=\"noopener\">quien plante\u00f3 el tema a mediados del mes pasado<\/a>.<\/p>\n<p>&nbsp;<\/p>\n<blockquote><p>\u201cCon esta iniciativa impulsada por el intendente Galli pretendemos llevar adelante la campa\u00f1a pol\u00edtica evitando la contaminaci\u00f3n visual y aportando a una Olavarr\u00eda m\u00e1s limpia\u201d, explic\u00f3 el concejal Mart\u00edn Endere.<\/p><\/blockquote>\n<p>&nbsp;<\/p>\n<p>El proyecto <strong>proh\u00edbe la colocaci\u00f3n de pasacalles sobre avenidas, calles, pasajes, arbolado p\u00fablico y dem\u00e1s espacios p\u00fablicos<\/strong> del partido de Olavarr\u00eda. Adem\u00e1s, refiere a la <strong>no utilizaci\u00f3n de columnas, sem\u00e1foros, puentes o carteles indicadores como soporte<\/strong> para carteler\u00eda de publicidad pol\u00edtica.<\/p>\n<p>&nbsp;<\/p>\n<p><img data-recalc-dims=\"1\" loading=\"lazy\" decoding=\"async\" class=\"size-full wp-image-33005 aligncenter\" src=\"https:\/\/i0.wp.com\/cdnoticias.com\/wp-content\/uploads\/2021\/09\/carteles-y-pasacalles-00.jpg?resize=800%2C446&#038;ssl=1\" alt=\"\" width=\"800\" height=\"446\" srcset=\"https:\/\/i0.wp.com\/cdnoticias.com\/wp-content\/uploads\/2021\/09\/carteles-y-pasacalles-00.jpg?w=885&amp;ssl=1 885w, https:\/\/i0.wp.com\/cdnoticias.com\/wp-content\/uploads\/2021\/09\/carteles-y-pasacalles-00.jpg?resize=300%2C167&amp;ssl=1 300w, https:\/\/i0.wp.com\/cdnoticias.com\/wp-content\/uploads\/2021\/09\/carteles-y-pasacalles-00.jpg?resize=768%2C428&amp;ssl=1 768w, https:\/\/i0.wp.com\/cdnoticias.com\/wp-content\/uploads\/2021\/09\/carteles-y-pasacalles-00.jpg?resize=800%2C445&amp;ssl=1 800w\" sizes=\"auto, (max-width: 800px) 100vw, 800px\" \/><\/p>\n<p>&nbsp;<\/p>\n<p>Ser\u00e1 el Departamento Ejecutivo Municipal, a trav\u00e9s del \u00e1rea que determine para tal fin, la que se encargar\u00e1 del cumplimiento de lo estipulado por la ordenanza, en caso de ser aprobada.<\/p>\n<p>&nbsp;<\/p>\n<p>Asimismo, <strong>se establecieron sanciones para el incumplimiento<\/strong>: se prev\u00e9n tareas comunitarias o multas las personas o empresas que realicen contravenciones a las disposiciones. El Juzgado de Faltas Municipal ser\u00e1 el organismo competente para intervenir sobre las infracciones.<\/p>\n<p>&nbsp;<\/p>\n<p>El expediente del tema, <a href=\"https:\/\/cdnoticias.com\/index.php\/2022\/08\/31\/dos-proyectos-apuntan-contra-la-colocacion-de-pasacalles-en-la-ciudad\/\" target=\"_blank\" rel=\"noopener\">con otros proyectos presentados el a\u00f1o pasado<\/a>, se encuentra <strong>en la Comisi\u00f3n de Infraestructura<\/strong> -que preside Endere- donde seguir\u00e1 su estudio el lunes pr\u00f3ximo cuando vuelva a reunirse.<\/p>\n<p>&nbsp;<\/p>\n<p>Cabe recordar que tras la presentaci\u00f3n p\u00fablica de la propuesta por parte del jefe comunal, <strong>se expresaron en rechazo de la iniciativa<\/strong> <a href=\"https:\/\/cdnoticias.com\/index.php\/2023\/04\/19\/dirigentes-respondieron-al-pedido-de-galli-sobre-la-campana-limpia\/\" target=\"_blank\" rel=\"noopener\">desde Ahora Olavarr\u00eda, desde Foro Olavarr\u00eda<\/a> y <a href=\"https:\/\/cdnoticias.com\/index.php\/2023\/04\/24\/desde-la-izquierda-cuestionaron-la-campana-limpia-que-planteo-el-intendente\/\" target=\"_blank\" rel=\"noopener\">desde el Partido Obrero<\/a>.<\/p>\n<p>&nbsp;<\/p>\n<blockquote class=\"wp-embedded-content\" data-secret=\"DIWf7RLmVH\"><p><a href=\"https:\/\/cdnoticias.com\/index.php\/2023\/04\/18\/ezequiel-galli-pidio-una-campana-limpia-sin-carteles-ni-pasacalles\/\">Ezequiel Galli pidi\u00f3 una \u201ccampa\u00f1a limpia\u201d, sin carteles ni pasacalles<\/a><\/p><\/blockquote>\n<p><iframe loading=\"lazy\" class=\"wp-embedded-content\" sandbox=\"allow-scripts\" security=\"restricted\" style=\"position: absolute; clip: rect(1px, 1px, 1px, 1px);\" title=\"&#8220;Ezequiel Galli pidi\u00f3 una \u201ccampa\u00f1a limpia\u201d, sin carteles ni pasacalles&#8221; &#8212; Central de Noticias | Olavarr\u00eda\" src=\"https:\/\/cdnoticias.com\/index.php\/2023\/04\/18\/ezequiel-galli-pidio-una-campana-limpia-sin-carteles-ni-pasacalles\/embed\/#?secret=qTxM787Wqo#?secret=DIWf7RLmVH\" data-secret=\"DIWf7RLmVH\" width=\"600\" height=\"338\" frameborder=\"0\" marginwidth=\"0\" marginheight=\"0\" scrolling=\"no\"><\/iframe><\/p>\n<p>&nbsp;<\/p>\n<p>&nbsp;<\/p>\n","protected":false},"excerpt":{"rendered":"<p>Busca prohibir la colocaci\u00f3n de pasacalles sobre avenidas, calles, pasajes y arbolado p\u00fablico. Se prev\u00e9n sanciones para el incumplimiento. Mart\u00edn<\/p>\n","protected":false},"author":4,"featured_media":84485,"comment_status":"closed","ping_status":"closed","sticky":false,"template":"","format":"standard","meta":{"_jetpack_memberships_contains_paid_content":false,"footnotes":""},"categories":[4,1],"tags":[],"class_list":["post-84482","post","type-post","status-publish","format-standard","has-post-thumbnail","hentry","category-politica","category-portada"],"jetpack_featured_media_url":"https:\/\/i0.wp.com\/cdnoticias.com\/wp-content\/uploads\/2023\/05\/Martin-Endere-00.jpg?fit=800%2C445&ssl=1","jetpack_sharing_enabled":true,"_links":{"self":[{"href":"https:\/\/cdnoticias.com\/index.php\/wp-json\/wp\/v2\/posts\/84482","targetHints":{"allow":["GET"]}}],"collection":[{"href":"https:\/\/cdnoticias.com\/index.php\/wp-json\/wp\/v2\/posts"}],"about":[{"href":"https:\/\/cdnoticias.com\/index.php\/wp-json\/wp\/v2\/types\/post"}],"author":[{"embeddable":true,"href":"https:\/\/cdnoticias.com\/index.php\/wp-json\/wp\/v2\/users\/4"}],"replies":[{"embeddable":true,"href":"https:\/\/cdnoticias.com\/index.php\/wp-json\/wp\/v2\/comments?post=84482"}],"version-history":[{"count":0,"href":"https:\/\/cdnoticias.com\/index.php\/wp-json\/wp\/v2\/posts\/84482\/revisions"}],"wp:featuredmedia":[{"embeddable":true,"href":"https:\/\/cdnoticias.com\/index.php\/wp-json\/wp\/v2\/media\/84485"}],"wp:attachment":[{"href":"https:\/\/cdnoticias.com\/index.php\/wp-json\/wp\/v2\/media?parent=84482"}],"wp:term":[{"taxonomy":"category","embeddable":true,"href":"https:\/\/cdnoticias.com\/index.php\/wp-json\/wp\/v2\/categories?post=84482"},{"taxonomy":"post_tag","embeddable":true,"href":"https:\/\/cdnoticias.com\/index.php\/wp-json\/wp\/v2\/tags?post=84482"}],"curies":[{"name":"wp","href":"https:\/\/api.w.org\/{rel}","templated":true}]}}