{"id":84478,"date":"2023-05-09T09:16:31","date_gmt":"2023-05-09T12:16:31","guid":{"rendered":"https:\/\/www.centraldenoticias.com.ar\/?p=84478"},"modified":"2023-05-09T10:07:56","modified_gmt":"2023-05-09T13:07:56","slug":"nueva-edicion-de-la-fiesta-de-la-kerb-en-colonia-nievas","status":"publish","type":"post","link":"https:\/\/cdnoticias.com\/index.php\/2023\/05\/09\/nueva-edicion-de-la-fiesta-de-la-kerb-en-colonia-nievas\/","title":{"rendered":"Nueva edici\u00f3n de la Fiesta de la Kerb en Colonia Nievas"},"content":{"rendered":"<p>Ser\u00e1 este domingo 14 de mayo a partir de las 11 horas. Habr\u00e1 artesanos, puestos de comida y danzas t\u00edpicas.<!--more--><\/p>\n<hr \/>\n<p>Este <strong>domingo 14 de mayo<\/strong> se realizar\u00e1 una nueva edici\u00f3n de la tradicional Fiesta de la Kerb en Colonia Nievas.\u00a0El evento est\u00e1 abierto para toda la comunidad y se llevar\u00e1 a cabo a partir de las 11 horas.<\/p>\n<p>&nbsp;<\/p>\n<p>Este a\u00f1o <strong>se celebran los 145 a\u00f1os del asentamiento de los primeros colonos en la localidad<\/strong>, en conjunto con el <strong>140 aniversario de la fundaci\u00f3n de la Capilla San Miguel Arc\u00e1ngel<\/strong>, que es la m\u00e1s antigua del partido de Olavarr\u00eda que a\u00fan permanece en su sitio original de edificaci\u00f3n.<\/p>\n<p>&nbsp;<\/p>\n<p>En el marco de esta fecha, se trabaja en conjunto con la Facultad de Ciencias Sociales, en un proyecto de la<strong> puesta en valor de Colonia Nievas<\/strong>. En ese marco, se inaugurar\u00e1 una <strong>muestra fotogr\u00e1fica y un documental<\/strong>, en el Club de la Sociedad de Fomento \u201cJuventud Unida\u201d.<\/p>\n<p>&nbsp;<\/p>\n<p>Adem\u00e1s, habr\u00e1 <strong>artesanos y puestos gastron\u00f3micos<\/strong>. La Sociedad de Fomento dispondr\u00e1 de un espacio, donde ofrecer\u00e1 su novedoso sanguche<strong> \u201cdreckiges schwein\u201d<\/strong>, con pernil de cerdo macerado con cerveza negra y finas hierbas, asado al fuego de le\u00f1a de quebracho, para degustar con una salsa derivada de su maceraci\u00f3n y cebolla carameliza.<\/p>\n<p>&nbsp;<\/p>\n<p><img data-recalc-dims=\"1\" loading=\"lazy\" decoding=\"async\" class=\"aligncenter size-full wp-image-84480\" src=\"https:\/\/i0.wp.com\/cdnoticias.com\/wp-content\/uploads\/2023\/05\/colonia-nievas-fiesta.jpeg?resize=800%2C800&#038;ssl=1\" alt=\"\" width=\"800\" height=\"800\" srcset=\"https:\/\/i0.wp.com\/cdnoticias.com\/wp-content\/uploads\/2023\/05\/colonia-nievas-fiesta.jpeg?w=1080&amp;ssl=1 1080w, https:\/\/i0.wp.com\/cdnoticias.com\/wp-content\/uploads\/2023\/05\/colonia-nievas-fiesta.jpeg?resize=300%2C300&amp;ssl=1 300w, https:\/\/i0.wp.com\/cdnoticias.com\/wp-content\/uploads\/2023\/05\/colonia-nievas-fiesta.jpeg?resize=1024%2C1024&amp;ssl=1 1024w, https:\/\/i0.wp.com\/cdnoticias.com\/wp-content\/uploads\/2023\/05\/colonia-nievas-fiesta.jpeg?resize=150%2C150&amp;ssl=1 150w, https:\/\/i0.wp.com\/cdnoticias.com\/wp-content\/uploads\/2023\/05\/colonia-nievas-fiesta.jpeg?resize=768%2C768&amp;ssl=1 768w\" sizes=\"auto, (max-width: 800px) 100vw, 800px\" \/><\/p>\n<p>&nbsp;<\/p>\n<p><strong>Cronograma completo\u00a0<\/strong><\/p>\n<p>11 horas: Celebraci\u00f3n de la Santa Misa.<\/p>\n<p>12 horas: Apertura patio de comidas.<\/p>\n<p>12:30 horas: Inicio del acto protocolar, seguido de proyecci\u00f3n de documental y muestra fotogr\u00e1fica.<\/p>\n<p>13:30 a 15:30 horas: Presentaci\u00f3n de Grupo de Danzas.<\/p>\n<p>16 horas: Desfile.<\/p>\n<p>16:30 horas: Entrega de reconocimientos.<\/p>\n<p>17 horas: Cierre con baile popular a cargo de \u201cLa diferente\u201d.<\/p>\n<p>&nbsp;<\/p>\n","protected":false},"excerpt":{"rendered":"<p>Ser\u00e1 este domingo 14 de mayo a partir de las 11 horas. Habr\u00e1 artesanos, puestos de comida y danzas t\u00edpicas.<\/p>\n","protected":false},"author":5,"featured_media":54205,"comment_status":"closed","ping_status":"closed","sticky":false,"template":"","format":"standard","meta":{"_jetpack_memberships_contains_paid_content":false,"footnotes":""},"categories":[9,1],"tags":[],"class_list":["post-84478","post","type-post","status-publish","format-standard","has-post-thumbnail","hentry","category-cultura","category-portada"],"jetpack_featured_media_url":"https:\/\/i0.wp.com\/cdnoticias.com\/wp-content\/uploads\/2022\/05\/kerb-colonia-nievas-01.jpg?fit=800%2C450&ssl=1","jetpack_sharing_enabled":true,"_links":{"self":[{"href":"https:\/\/cdnoticias.com\/index.php\/wp-json\/wp\/v2\/posts\/84478","targetHints":{"allow":["GET"]}}],"collection":[{"href":"https:\/\/cdnoticias.com\/index.php\/wp-json\/wp\/v2\/posts"}],"about":[{"href":"https:\/\/cdnoticias.com\/index.php\/wp-json\/wp\/v2\/types\/post"}],"author":[{"embeddable":true,"href":"https:\/\/cdnoticias.com\/index.php\/wp-json\/wp\/v2\/users\/5"}],"replies":[{"embeddable":true,"href":"https:\/\/cdnoticias.com\/index.php\/wp-json\/wp\/v2\/comments?post=84478"}],"version-history":[{"count":0,"href":"https:\/\/cdnoticias.com\/index.php\/wp-json\/wp\/v2\/posts\/84478\/revisions"}],"wp:featuredmedia":[{"embeddable":true,"href":"https:\/\/cdnoticias.com\/index.php\/wp-json\/wp\/v2\/media\/54205"}],"wp:attachment":[{"href":"https:\/\/cdnoticias.com\/index.php\/wp-json\/wp\/v2\/media?parent=84478"}],"wp:term":[{"taxonomy":"category","embeddable":true,"href":"https:\/\/cdnoticias.com\/index.php\/wp-json\/wp\/v2\/categories?post=84478"},{"taxonomy":"post_tag","embeddable":true,"href":"https:\/\/cdnoticias.com\/index.php\/wp-json\/wp\/v2\/tags?post=84478"}],"curies":[{"name":"wp","href":"https:\/\/api.w.org\/{rel}","templated":true}]}}