{"id":84454,"date":"2023-05-15T17:31:09","date_gmt":"2023-05-15T20:31:09","guid":{"rendered":"https:\/\/www.centraldenoticias.com.ar\/?p=84454"},"modified":"2023-05-15T21:22:26","modified_gmt":"2023-05-16T00:22:26","slug":"maraton-de-la-creacion-en-la-alianza-francesa-un-atelier-colectivo","status":"publish","type":"post","link":"https:\/\/cdnoticias.com\/index.php\/2023\/05\/15\/maraton-de-la-creacion-en-la-alianza-francesa-un-atelier-colectivo\/","title":{"rendered":"Marat\u00f3n de la Creaci\u00f3n en la Alianza Francesa: &#8220;un atelier colectivo&#8221;"},"content":{"rendered":"<p>Se llevar\u00e1 a cabo el 20 de mayo donde pintores, escultores, escritores, fot\u00f3grafos, actores, cantantes, m\u00fasicos, artesanos, especialistas en gastronom\u00eda, pueden participar y mostrar sus manifestaciones.<!--more--><\/p>\n<hr \/>\n<p>Como todos los a\u00f1os tendr\u00e1 lugar uno de los grandes eventos que nuclean a la red de Alianzas Francesas del pa\u00eds, para <strong>rendir un homenaje a las artes, mostrar a creadores locales<\/strong> de todas las disciplinas posibles, como as\u00ed tambi\u00e9n a instituciones que <strong>fomentan actividades creativas.<\/strong><\/p>\n<p>&nbsp;<\/p>\n<p>Desde la Alianza Francesa de Olavarr\u00eda se invita a<strong> artistas y artesanos, aficionados o profesionales, a participar de la marat\u00f3n de la creaci\u00f3n<\/strong>. <em>&#8220;Un atelier colectivo en la cual pintores, escultores, escritores, fot\u00f3grafos, actores, cantantes, m\u00fasicos, artesanos, especialistas en gastronom\u00eda, pueden participar y mostrar sus manifestaciones<\/em>&#8221; se indic\u00f3.<\/p>\n<p>&nbsp;<\/p>\n<p><em><strong>Central de Noticias<\/strong><\/em> dialog\u00f3 con la directora de la Alianza, <strong>Erika Ippolito<\/strong>, quien cont\u00f3 que &#8220;el evento se hace <strong>en todas las alianzas del pa\u00eds<\/strong> el mismo d\u00eda. Esta es la<strong> edici\u00f3n N\u00ba17<\/strong> y el objetivo es convocar artistas y artesanos de cualquier rubro a participar de una marat\u00f3n creativa para <strong>producir una obra en el lugar. <\/strong>De esta manera las personas <strong>ven c\u00f3mo es el proceso de creaci\u00f3n de una obra<\/strong>. Tambi\u00e9n pueden hacer una<strong> feria<\/strong> poni\u00e9ndose un stand, por supuesto&#8221;.<\/p>\n<p>&nbsp;<\/p>\n<p><img data-recalc-dims=\"1\" loading=\"lazy\" decoding=\"async\" class=\"aligncenter wp-image-84455 size-full\" src=\"https:\/\/i0.wp.com\/cdnoticias.com\/wp-content\/uploads\/2023\/05\/2.png?resize=800%2C805&#038;ssl=1\" alt=\"\" width=\"800\" height=\"805\" srcset=\"https:\/\/i0.wp.com\/cdnoticias.com\/wp-content\/uploads\/2023\/05\/2.png?w=837&amp;ssl=1 837w, https:\/\/i0.wp.com\/cdnoticias.com\/wp-content\/uploads\/2023\/05\/2.png?resize=298%2C300&amp;ssl=1 298w, https:\/\/i0.wp.com\/cdnoticias.com\/wp-content\/uploads\/2023\/05\/2.png?resize=150%2C150&amp;ssl=1 150w, https:\/\/i0.wp.com\/cdnoticias.com\/wp-content\/uploads\/2023\/05\/2.png?resize=768%2C773&amp;ssl=1 768w\" sizes=\"auto, (max-width: 800px) 100vw, 800px\" \/><\/p>\n<p>&nbsp;<\/p>\n<p>Adem\u00e1s, Ippolito agreg\u00f3 que en ediciones anteriores han participado por ejemplo con &#8220;<em>artesan\u00edas en madera, tejido, creaci\u00f3n de jabones, joyer\u00eda, pintura en madera, pintar cuadros, plater\u00eda y m\u00fasicos que generalmente cierran la jornada&#8221;.\u00a0<\/em><\/p>\n<p>&nbsp;<\/p>\n<p>La actividad se llevar\u00e1 a cabo el <strong>s\u00e1bado 20 de mayo desde las 15 horas. <\/strong>Por<strong> consultas e inscripciones<\/strong> se pueden comunicar al tel\u00e9fono <strong>485050<\/strong> o dirigirse a la calle <strong>Dorrego 3161<\/strong> de <strong>lunes a viernes de 10 a 12 horas<\/strong> o por redes sociales Instagram: @Alliance Fran\u00e7aise Olavarr\u00eda &#8211; Facebook: Alianza Francesa Olavarr\u00eda o por mail a alianzafrancesaolavarria@gmail.com.<\/p>\n<p>&nbsp;<\/p>\n<p><em><strong>&#8220;El evento es totalmente gratuito y ya tenemos algunos inscriptos. Esperamos que el que tenga ganas se anime y nos acompa\u00f1e&#8221;<\/strong><\/em> cerr\u00f3 la directora de la Alianza Francesa.<\/p>\n","protected":false},"excerpt":{"rendered":"<p>Se llevar\u00e1 a cabo el 20 de mayo donde pintores, escultores, escritores, fot\u00f3grafos, actores, cantantes, m\u00fasicos, artesanos, especialistas en gastronom\u00eda,<\/p>\n","protected":false},"author":6,"featured_media":79858,"comment_status":"closed","ping_status":"closed","sticky":false,"template":"","format":"standard","meta":{"_jetpack_memberships_contains_paid_content":false,"footnotes":""},"categories":[9,1],"tags":[],"class_list":["post-84454","post","type-post","status-publish","format-standard","has-post-thumbnail","hentry","category-cultura","category-portada"],"jetpack_featured_media_url":"https:\/\/i0.wp.com\/cdnoticias.com\/wp-content\/uploads\/2023\/03\/alianza-francesa-00.jpg?fit=800%2C445&ssl=1","jetpack_sharing_enabled":true,"_links":{"self":[{"href":"https:\/\/cdnoticias.com\/index.php\/wp-json\/wp\/v2\/posts\/84454","targetHints":{"allow":["GET"]}}],"collection":[{"href":"https:\/\/cdnoticias.com\/index.php\/wp-json\/wp\/v2\/posts"}],"about":[{"href":"https:\/\/cdnoticias.com\/index.php\/wp-json\/wp\/v2\/types\/post"}],"author":[{"embeddable":true,"href":"https:\/\/cdnoticias.com\/index.php\/wp-json\/wp\/v2\/users\/6"}],"replies":[{"embeddable":true,"href":"https:\/\/cdnoticias.com\/index.php\/wp-json\/wp\/v2\/comments?post=84454"}],"version-history":[{"count":0,"href":"https:\/\/cdnoticias.com\/index.php\/wp-json\/wp\/v2\/posts\/84454\/revisions"}],"wp:featuredmedia":[{"embeddable":true,"href":"https:\/\/cdnoticias.com\/index.php\/wp-json\/wp\/v2\/media\/79858"}],"wp:attachment":[{"href":"https:\/\/cdnoticias.com\/index.php\/wp-json\/wp\/v2\/media?parent=84454"}],"wp:term":[{"taxonomy":"category","embeddable":true,"href":"https:\/\/cdnoticias.com\/index.php\/wp-json\/wp\/v2\/categories?post=84454"},{"taxonomy":"post_tag","embeddable":true,"href":"https:\/\/cdnoticias.com\/index.php\/wp-json\/wp\/v2\/tags?post=84454"}],"curies":[{"name":"wp","href":"https:\/\/api.w.org\/{rel}","templated":true}]}}