{"id":84452,"date":"2023-05-08T17:46:14","date_gmt":"2023-05-08T20:46:14","guid":{"rendered":"https:\/\/www.centraldenoticias.com.ar\/?p=84452"},"modified":"2023-05-08T17:46:14","modified_gmt":"2023-05-08T20:46:14","slug":"elsa-teresa-ruppel-viuda-de-pocoradi-q-e-p-d","status":"publish","type":"post","link":"https:\/\/cdnoticias.com\/index.php\/2023\/05\/08\/elsa-teresa-ruppel-viuda-de-pocoradi-q-e-p-d\/","title":{"rendered":"Elsa Teresa Ruppel viuda de Pocoradi (Q.E.P.D.)"},"content":{"rendered":"<p>Falleci\u00f3 en Olavarr\u00eda el d\u00eda 8 de mayo de 2023 a los 81 a\u00f1os de edad. Sus hijos Nancy Beatriz y Gustavo Fabi\u00e1n Pocoradi. Sus hijos pol\u00edticos Felipe Edgardo Labat y Andrea Karina \u00c1lvarez. Sus nietos Javier Eduardo, Romina Maira y Luciana Gisele Labat.\u00a0 Sus nietos pol\u00edticos Ver\u00f3nica Bekerian, Marcos Steimbach, Marco Safenreiter y Abigail Balbuena. Sus bisnietos Marina Pocoradi; Malena y Emilia Steimbach y Zoe Labat. Sus hermanos. Sus hermanos pol\u00edticos. Su hermana en el afecto Virginia Balestra viuda de Coumeig. Sus hijos en el afecto Horacio, Francisco y Mat\u00edas Coumeig. Sus sobrinos y dem\u00e1s deudos participan su fallecimiento.<\/p>\n<p>&nbsp;<\/p>\n<p>Velatorio: Sala velatoria de Sierras Bayas. Responso: Capilla Ardiente. Inhumaci\u00f3n: Cementerio de Sierras Bayas, martes 9 de mayo a las 10:30. Servicio adherido a Coopelectric.<\/p>\n<p>&nbsp;<\/p>\n<p>Barrio en el que viv\u00eda: Vecina de Sierras Bayas.<\/p>\n<p>Lugar de nacimiento: Nacida en Colonia San Miguel.<\/p>\n<p>Actividad que desarrollaba: Jubilada y Pensionada.<\/p>\n","protected":false},"excerpt":{"rendered":"<p>Falleci\u00f3 en Olavarr\u00eda el d\u00eda 8 de mayo de 2023 a los 81 a\u00f1os de edad. Sus hijos Nancy Beatriz<\/p>\n","protected":false},"author":6,"featured_media":67646,"comment_status":"closed","ping_status":"closed","sticky":false,"template":"","format":"standard","meta":{"_jetpack_memberships_contains_paid_content":false,"footnotes":""},"categories":[10],"tags":[],"class_list":["post-84452","post","type-post","status-publish","format-standard","has-post-thumbnail","hentry","category-necrologicas"],"jetpack_featured_media_url":"https:\/\/i0.wp.com\/cdnoticias.com\/wp-content\/uploads\/2022\/10\/necrologicas-390-x-240.jpg?fit=390%2C240&ssl=1","jetpack_sharing_enabled":true,"_links":{"self":[{"href":"https:\/\/cdnoticias.com\/index.php\/wp-json\/wp\/v2\/posts\/84452","targetHints":{"allow":["GET"]}}],"collection":[{"href":"https:\/\/cdnoticias.com\/index.php\/wp-json\/wp\/v2\/posts"}],"about":[{"href":"https:\/\/cdnoticias.com\/index.php\/wp-json\/wp\/v2\/types\/post"}],"author":[{"embeddable":true,"href":"https:\/\/cdnoticias.com\/index.php\/wp-json\/wp\/v2\/users\/6"}],"replies":[{"embeddable":true,"href":"https:\/\/cdnoticias.com\/index.php\/wp-json\/wp\/v2\/comments?post=84452"}],"version-history":[{"count":0,"href":"https:\/\/cdnoticias.com\/index.php\/wp-json\/wp\/v2\/posts\/84452\/revisions"}],"wp:featuredmedia":[{"embeddable":true,"href":"https:\/\/cdnoticias.com\/index.php\/wp-json\/wp\/v2\/media\/67646"}],"wp:attachment":[{"href":"https:\/\/cdnoticias.com\/index.php\/wp-json\/wp\/v2\/media?parent=84452"}],"wp:term":[{"taxonomy":"category","embeddable":true,"href":"https:\/\/cdnoticias.com\/index.php\/wp-json\/wp\/v2\/categories?post=84452"},{"taxonomy":"post_tag","embeddable":true,"href":"https:\/\/cdnoticias.com\/index.php\/wp-json\/wp\/v2\/tags?post=84452"}],"curies":[{"name":"wp","href":"https:\/\/api.w.org\/{rel}","templated":true}]}}